{"id":20299,"date":"2021-03-02T13:33:00","date_gmt":"2021-03-02T16:33:00","guid":{"rendered":"http:\/\/blogopara.com.br\/?p=20299"},"modified":"2021-03-01T15:35:55","modified_gmt":"2021-03-01T18:35:55","slug":"prefeitura-de-juazeiro-discute-construcao-do-plano-municipal-de-cultura","status":"publish","type":"post","link":"https:\/\/blogopara.com.br\/index.php\/2021\/03\/02\/prefeitura-de-juazeiro-discute-construcao-do-plano-municipal-de-cultura","title":{"rendered":"Prefeitura de Juazeiro discute constru\u00e7\u00e3o do Plano Municipal de Cultura"},"content":{"rendered":"<p class=\"x_MsoNormal\" style=\"text-align: justify;\">Em reuni\u00e3o com o procurador geral do munic\u00edpio, Thiago Cordeiro, o secret\u00e1rio de Cultura, Turismo e Esportes de Juazeiro, Sergio Fernandes, e sua equipe, discutiram a elabora\u00e7\u00e3o do Plano Municipal de Cultura (PMC). O instrumento, que \u00e9 uma demanda antiga da classe art\u00edstica, \u00e9 o principal componente do planejamento de a\u00e7\u00f5es e pol\u00edticas p\u00fablicas dos munic\u00edpios brasileiros para a \u00e1rea da cultura.<\/p>\n<p class=\"x_MsoNormal\" style=\"text-align: justify;\">\u201cO Plano \u00e9 um documento que j\u00e1 vem sendo constru\u00eddo pelos artistas da cidade e, agora, a pedido da prefeita Suzana Ramos, nos reunimos com o procurador para dar celeridade a esse processo e transformar o PMC em um instrumento oficial, que vai guiar as pol\u00edticas culturais do munic\u00edpio\u201d, explica o secret\u00e1rio Sergio Fernandes. Ap\u00f3s aprovado pela C\u00e2mara de Vereadores e sancionado pelo executivo, o plano vai possibilitar, entre outras a\u00e7\u00f5es, a inclus\u00e3o de recursos pr\u00f3prios para a cultura, dentro do or\u00e7amento do munic\u00edpio.<\/p>\n<p class=\"x_MsoNormal\" style=\"text-align: justify;\"><b>Ilha do Fogo<\/b><\/p>\n<p style=\"text-align: justify;\">Durante o encontro, os gestores tamb\u00e9m discutiram o processo de transfer\u00eancia da posse da Ilha do Fogo, que pertence a Petrolina (PE), para Juazeiro. O munic\u00edpio vai acionar a Secretaria de Patrim\u00f4nio da Uni\u00e3o para oficializar a posse do balne\u00e1rio.<\/p>\n<p style=\"text-align: justify;\">Ascom PMJ<\/p>\n","protected":false},"excerpt":{"rendered":"<p>Em reuni\u00e3o com o procurador geral do munic\u00edpio, Thiago Cordeiro, o secret\u00e1rio de Cultura, Turismo e Esportes de Juazeiro, Sergio Fernandes, e sua equipe, discutiram a elabora\u00e7\u00e3o do Plano Municipal de Cultura (PMC). O instrumento, que \u00e9 uma demanda antiga da classe art\u00edstica, \u00e9 o principal componente do planejamento de a\u00e7\u00f5es e pol\u00edticas p\u00fablicas dos [&hellip;]<\/p>\n","protected":false},"author":1,"featured_media":20300,"comment_status":"closed","ping_status":"open","sticky":false,"template":"","format":"standard","meta":{"_uag_custom_page_level_css":"","_monsterinsights_skip_tracking":false,"_monsterinsights_sitenote_active":false,"_monsterinsights_sitenote_note":"","_monsterinsights_sitenote_category":0,"jetpack_post_was_ever_published":false,"_jetpack_newsletter_access":"","_jetpack_dont_email_post_to_subs":false,"_jetpack_newsletter_tier_id":0,"_jetpack_memberships_contains_paywalled_content":false,"_jetpack_memberships_contains_paid_content":false,"footnotes":"","jetpack_publicize_message":"","jetpack_publicize_feature_enabled":true,"jetpack_social_post_already_shared":true,"jetpack_social_options":{"image_generator_settings":{"template":"highway","default_image_id":0,"font":"","enabled":false},"version":2}},"categories":[1506],"tags":[1819,1538,1731],"class_list":["post-20299","post","type-post","status-publish","format-standard","has-post-thumbnail","hentry","category-cultura","tag-blog","tag-ilha-do-fogo","tag-plano"],"jetpack_publicize_connections":[],"jetpack_featured_media_url":"https:\/\/blogopara.com.br\/wp-content\/uploads\/2021\/03\/thumbnail_Foto-reuniao.jpg","uagb_featured_image_src":{"full":["https:\/\/blogopara.com.br\/wp-content\/uploads\/2021\/03\/thumbnail_Foto-reuniao.jpg",500,375,false],"thumbnail":["https:\/\/blogopara.com.br\/wp-content\/uploads\/2021\/03\/thumbnail_Foto-reuniao-150x150.jpg",150,150,true],"medium":["https:\/\/blogopara.com.br\/wp-content\/uploads\/2021\/03\/thumbnail_Foto-reuniao-300x225.jpg",300,225,true],"medium_large":["https:\/\/blogopara.com.br\/wp-content\/uploads\/2021\/03\/thumbnail_Foto-reuniao.jpg",500,375,false],"large":["https:\/\/blogopara.com.br\/wp-content\/uploads\/2021\/03\/thumbnail_Foto-reuniao.jpg",500,375,false],"1536x1536":["https:\/\/blogopara.com.br\/wp-content\/uploads\/2021\/03\/thumbnail_Foto-reuniao.jpg",500,375,false],"2048x2048":["https:\/\/blogopara.com.br\/wp-content\/uploads\/2021\/03\/thumbnail_Foto-reuniao.jpg",500,375,false],"mantranews-slider-large":["https:\/\/blogopara.com.br\/wp-content\/uploads\/2021\/03\/thumbnail_Foto-reuniao.jpg",500,375,false],"mantranews-featured-medium":["https:\/\/blogopara.com.br\/wp-content\/uploads\/2021\/03\/thumbnail_Foto-reuniao-420x307.jpg",420,307,true],"mantranews-featured-long":["https:\/\/blogopara.com.br\/wp-content\/uploads\/2021\/03\/thumbnail_Foto-reuniao-300x375.jpg",300,375,true],"mantranews-block-medium":["https:\/\/blogopara.com.br\/wp-content\/uploads\/2021\/03\/thumbnail_Foto-reuniao-464x290.jpg",464,290,true],"mantranews-carousel-image":["https:\/\/blogopara.com.br\/wp-content\/uploads\/2021\/03\/thumbnail_Foto-reuniao.jpg",500,375,false],"mantranews-block-thumb":["https:\/\/blogopara.com.br\/wp-content\/uploads\/2021\/03\/thumbnail_Foto-reuniao-322x230.jpg",322,230,true],"mantranews-single-large":["https:\/\/blogopara.com.br\/wp-content\/uploads\/2021\/03\/thumbnail_Foto-reuniao.jpg",500,375,false]},"uagb_author_info":{"display_name":"Reda\u00e7\u00e3o geral","author_link":"https:\/\/blogopara.com.br\/index.php\/author\/blogopara"},"uagb_comment_info":0,"uagb_excerpt":"Em reuni\u00e3o com o procurador geral do munic\u00edpio, Thiago Cordeiro, o secret\u00e1rio de Cultura, Turismo e Esportes de Juazeiro, Sergio Fernandes, e sua equipe, discutiram a elabora\u00e7\u00e3o do Plano Municipal de Cultura (PMC). O instrumento, que \u00e9 uma demanda antiga da classe art\u00edstica, \u00e9 o principal componente do planejamento de a\u00e7\u00f5es e pol\u00edticas p\u00fablicas dos&hellip;","jetpack_sharing_enabled":true,"jetpack_likes_enabled":true,"_links":{"self":[{"href":"https:\/\/blogopara.com.br\/index.php\/wp-json\/wp\/v2\/posts\/20299","targetHints":{"allow":["GET"]}}],"collection":[{"href":"https:\/\/blogopara.com.br\/index.php\/wp-json\/wp\/v2\/posts"}],"about":[{"href":"https:\/\/blogopara.com.br\/index.php\/wp-json\/wp\/v2\/types\/post"}],"author":[{"embeddable":true,"href":"https:\/\/blogopara.com.br\/index.php\/wp-json\/wp\/v2\/users\/1"}],"replies":[{"embeddable":true,"href":"https:\/\/blogopara.com.br\/index.php\/wp-json\/wp\/v2\/comments?post=20299"}],"version-history":[{"count":1,"href":"https:\/\/blogopara.com.br\/index.php\/wp-json\/wp\/v2\/posts\/20299\/revisions"}],"predecessor-version":[{"id":20301,"href":"https:\/\/blogopara.com.br\/index.php\/wp-json\/wp\/v2\/posts\/20299\/revisions\/20301"}],"wp:featuredmedia":[{"embeddable":true,"href":"https:\/\/blogopara.com.br\/index.php\/wp-json\/wp\/v2\/media\/20300"}],"wp:attachment":[{"href":"https:\/\/blogopara.com.br\/index.php\/wp-json\/wp\/v2\/media?parent=20299"}],"wp:term":[{"taxonomy":"category","embeddable":true,"href":"https:\/\/blogopara.com.br\/index.php\/wp-json\/wp\/v2\/categories?post=20299"},{"taxonomy":"post_tag","embeddable":true,"href":"https:\/\/blogopara.com.br\/index.php\/wp-json\/wp\/v2\/tags?post=20299"}],"curies":[{"name":"wp","href":"https:\/\/api.w.org\/{rel}","templated":true}]}}