{"id":20308,"date":"2021-03-01T19:00:00","date_gmt":"2021-03-01T22:00:00","guid":{"rendered":"http:\/\/blogopara.com.br\/?p=20308"},"modified":"2021-03-01T17:44:54","modified_gmt":"2021-03-01T20:44:54","slug":"urgente-novo-decreto-amplia-restricoes-pernambuco-proibe-atividades-nao-essenciais-das-20h-as-5h-durante-a-semana-e-ao-longo-de-todo-o-dia-nos-sabados-e-domingos","status":"publish","type":"post","link":"https:\/\/blogopara.com.br\/index.php\/2021\/03\/01\/urgente-novo-decreto-amplia-restricoes-pernambuco-proibe-atividades-nao-essenciais-das-20h-as-5h-durante-a-semana-e-ao-longo-de-todo-o-dia-nos-sabados-e-domingos","title":{"rendered":"Urgente: novo decreto amplia restri\u00e7\u00f5es; Pernambuco pro\u00edbe atividades n\u00e3o essenciais das 20h \u00e0s 5h durante a semana, e ao longo de todo o dia nos s\u00e1bados e domingos"},"content":{"rendered":"<p style=\"text-align: justify;\">O Governo de Pernambuco, ap\u00f3s an\u00e1lise do Comit\u00ea de Enfrentamento \u00e0 Covid-19, anunciou, nesta segunda-feira (01.03), a proibi\u00e7\u00e3o das atividades n\u00e3o essenciais das 20h \u00e0s 5h, de segunda a sexta em todo o Estado. Al\u00e9m disso, aos s\u00e1bados e domingos, somente servi\u00e7os essenciais poder\u00e3o funcionar. Tamb\u00e9m estar\u00e3o fechados clubes sociais, praias e parques nos finais de semana. Nas praias, no entanto, ser\u00e1 permitida apenas a pr\u00e1tica de atividades esportivas individuais. As medidas, anunciadas pelo governador Paulo C\u00e2mara em pronunciamento, entram em vigor nesta quarta-feira (03.03) e s\u00e3o v\u00e1lidas at\u00e9 o dia 17 de mar\u00e7o.<\/p>\n<p style=\"text-align: justify;\">\u201cPassamos o final de semana monitorando os dados da pandemia. O trabalho continuou nesta segunda-feira e, infelizmente, o cen\u00e1rio s\u00f3 se agravou, mesmo com a abertura de novos leitos de UTI. Estamos agora com 93% de ocupa\u00e7\u00e3o em nossos leitos de terapia intensiva, e nada aponta para a melhora desse quadro. A contamina\u00e7\u00e3o e a hospitaliza\u00e7\u00e3o decorrentes da Covid-19 est\u00e3o em acelera\u00e7\u00e3o, e precisamos reduzir o contato social para frear essa escalada dos n\u00fameros\u201d, afirmou Paulo C\u00e2mara, lembrando ainda que supermercados, padarias, farm\u00e1cias, postos de gasolina e servi\u00e7os de delivery e pontos de coleta dos restaurantes permanecer\u00e3o funcionando.<\/p>\n<p style=\"text-align: justify;\">O governador anunciou tamb\u00e9m que o esfor\u00e7o de abertura de leitos de UTI continua. \u201cAmanh\u00e3, teremos 18 novos leitos no Hospital Agamenon Magalh\u00e3es em funcionamento, e at\u00e9 o final da semana chegaremos a 50 novas vagas. Estamos trabalhando com dedica\u00e7\u00e3o total para colocar em funcionamento a segunda maior rede de leitos de terapia intensiva do Pa\u00eds\u201d, refor\u00e7ou Paulo C\u00e2mara, justificando que o cen\u00e1rio de acelera\u00e7\u00e3o da doen\u00e7a levou a taxa de ocupa\u00e7\u00e3o para perto dos piores \u00edndices registrados no ano passado.<\/p>\n<p style=\"text-align: justify;\">Nesta ter\u00e7a-feira (02.03), o governador estar\u00e1 em Bras\u00edlia, para negociar a aquisi\u00e7\u00e3o direta da vacina Sputnik. \u201cVamos buscar todas as possibilidades existentes para ampliar a imuniza\u00e7\u00e3o de todos os pernambucanos e pernambucanas\u201d, finalizou.<\/p>\n<p style=\"text-align: justify;\">Link para o pronunciamento:\u00a0<a href=\"https:\/\/we.tl\/t-KF7gJDKaLU\" rel=\"nofollow\">https:\/\/we.tl\/t-KF7gJDKaLU<\/a><\/p>\n","protected":false},"excerpt":{"rendered":"<p>O Governo de Pernambuco, ap\u00f3s an\u00e1lise do Comit\u00ea de Enfrentamento \u00e0 Covid-19, anunciou, nesta segunda-feira (01.03), a proibi\u00e7\u00e3o das atividades n\u00e3o essenciais das 20h \u00e0s 5h, de segunda a sexta em todo o Estado. Al\u00e9m disso, aos s\u00e1bados e domingos, somente servi\u00e7os essenciais poder\u00e3o funcionar. Tamb\u00e9m estar\u00e3o fechados clubes sociais, praias e parques nos finais [&hellip;]<\/p>\n","protected":false},"author":1,"featured_media":20309,"comment_status":"closed","ping_status":"open","sticky":false,"template":"","format":"standard","meta":{"_uag_custom_page_level_css":"","_monsterinsights_skip_tracking":false,"_monsterinsights_sitenote_active":false,"_monsterinsights_sitenote_note":"","_monsterinsights_sitenote_category":0,"jetpack_post_was_ever_published":false,"_jetpack_newsletter_access":"","_jetpack_dont_email_post_to_subs":false,"_jetpack_newsletter_tier_id":0,"_jetpack_memberships_contains_paywalled_content":false,"_jetpack_memberships_contains_paid_content":false,"footnotes":"","jetpack_publicize_message":"","jetpack_publicize_feature_enabled":true,"jetpack_social_post_already_shared":true,"jetpack_social_options":{"image_generator_settings":{"template":"highway","default_image_id":0,"font":"","enabled":false},"version":2}},"categories":[200],"tags":[1819,1484,532,2041],"class_list":["post-20308","post","type-post","status-publish","format-standard","has-post-thumbnail","hentry","category-brasil","tag-blog","tag-pandemia","tag-pernambuco","tag-restricoes"],"jetpack_publicize_connections":[],"jetpack_featured_media_url":"https:\/\/blogopara.com.br\/wp-content\/uploads\/2021\/03\/whatsapp-image-2019-07-23-at-113609.jpg","uagb_featured_image_src":{"full":["https:\/\/blogopara.com.br\/wp-content\/uploads\/2021\/03\/whatsapp-image-2019-07-23-at-113609.jpg",500,330,false],"thumbnail":["https:\/\/blogopara.com.br\/wp-content\/uploads\/2021\/03\/whatsapp-image-2019-07-23-at-113609-150x150.jpg",150,150,true],"medium":["https:\/\/blogopara.com.br\/wp-content\/uploads\/2021\/03\/whatsapp-image-2019-07-23-at-113609-300x198.jpg",300,198,true],"medium_large":["https:\/\/blogopara.com.br\/wp-content\/uploads\/2021\/03\/whatsapp-image-2019-07-23-at-113609.jpg",500,330,false],"large":["https:\/\/blogopara.com.br\/wp-content\/uploads\/2021\/03\/whatsapp-image-2019-07-23-at-113609.jpg",500,330,false],"1536x1536":["https:\/\/blogopara.com.br\/wp-content\/uploads\/2021\/03\/whatsapp-image-2019-07-23-at-113609.jpg",500,330,false],"2048x2048":["https:\/\/blogopara.com.br\/wp-content\/uploads\/2021\/03\/whatsapp-image-2019-07-23-at-113609.jpg",500,330,false],"mantranews-slider-large":["https:\/\/blogopara.com.br\/wp-content\/uploads\/2021\/03\/whatsapp-image-2019-07-23-at-113609.jpg",500,330,false],"mantranews-featured-medium":["https:\/\/blogopara.com.br\/wp-content\/uploads\/2021\/03\/whatsapp-image-2019-07-23-at-113609-420x307.jpg",420,307,true],"mantranews-featured-long":["https:\/\/blogopara.com.br\/wp-content\/uploads\/2021\/03\/whatsapp-image-2019-07-23-at-113609-300x330.jpg",300,330,true],"mantranews-block-medium":["https:\/\/blogopara.com.br\/wp-content\/uploads\/2021\/03\/whatsapp-image-2019-07-23-at-113609-464x290.jpg",464,290,true],"mantranews-carousel-image":["https:\/\/blogopara.com.br\/wp-content\/uploads\/2021\/03\/whatsapp-image-2019-07-23-at-113609.jpg",500,330,false],"mantranews-block-thumb":["https:\/\/blogopara.com.br\/wp-content\/uploads\/2021\/03\/whatsapp-image-2019-07-23-at-113609-322x230.jpg",322,230,true],"mantranews-single-large":["https:\/\/blogopara.com.br\/wp-content\/uploads\/2021\/03\/whatsapp-image-2019-07-23-at-113609.jpg",500,330,false]},"uagb_author_info":{"display_name":"Reda\u00e7\u00e3o geral","author_link":"https:\/\/blogopara.com.br\/index.php\/author\/blogopara"},"uagb_comment_info":0,"uagb_excerpt":"O Governo de Pernambuco, ap\u00f3s an\u00e1lise do Comit\u00ea de Enfrentamento \u00e0 Covid-19, anunciou, nesta segunda-feira (01.03), a proibi\u00e7\u00e3o das atividades n\u00e3o essenciais das 20h \u00e0s 5h, de segunda a sexta em todo o Estado. Al\u00e9m disso, aos s\u00e1bados e domingos, somente servi\u00e7os essenciais poder\u00e3o funcionar. Tamb\u00e9m estar\u00e3o fechados clubes sociais, praias e parques nos finais&hellip;","jetpack_sharing_enabled":true,"jetpack_likes_enabled":true,"_links":{"self":[{"href":"https:\/\/blogopara.com.br\/index.php\/wp-json\/wp\/v2\/posts\/20308","targetHints":{"allow":["GET"]}}],"collection":[{"href":"https:\/\/blogopara.com.br\/index.php\/wp-json\/wp\/v2\/posts"}],"about":[{"href":"https:\/\/blogopara.com.br\/index.php\/wp-json\/wp\/v2\/types\/post"}],"author":[{"embeddable":true,"href":"https:\/\/blogopara.com.br\/index.php\/wp-json\/wp\/v2\/users\/1"}],"replies":[{"embeddable":true,"href":"https:\/\/blogopara.com.br\/index.php\/wp-json\/wp\/v2\/comments?post=20308"}],"version-history":[{"count":1,"href":"https:\/\/blogopara.com.br\/index.php\/wp-json\/wp\/v2\/posts\/20308\/revisions"}],"predecessor-version":[{"id":20310,"href":"https:\/\/blogopara.com.br\/index.php\/wp-json\/wp\/v2\/posts\/20308\/revisions\/20310"}],"wp:featuredmedia":[{"embeddable":true,"href":"https:\/\/blogopara.com.br\/index.php\/wp-json\/wp\/v2\/media\/20309"}],"wp:attachment":[{"href":"https:\/\/blogopara.com.br\/index.php\/wp-json\/wp\/v2\/media?parent=20308"}],"wp:term":[{"taxonomy":"category","embeddable":true,"href":"https:\/\/blogopara.com.br\/index.php\/wp-json\/wp\/v2\/categories?post=20308"},{"taxonomy":"post_tag","embeddable":true,"href":"https:\/\/blogopara.com.br\/index.php\/wp-json\/wp\/v2\/tags?post=20308"}],"curies":[{"name":"wp","href":"https:\/\/api.w.org\/{rel}","templated":true}]}}