{"id":20323,"date":"2021-03-02T14:22:00","date_gmt":"2021-03-02T17:22:00","guid":{"rendered":"http:\/\/blogopara.com.br\/?p=20323"},"modified":"2021-03-02T10:24:42","modified_gmt":"2021-03-02T13:24:42","slug":"canal-educa-bahia-entra-no-ar-com-conteudos-exclusivos-da-educacao","status":"publish","type":"post","link":"https:\/\/blogopara.com.br\/index.php\/2021\/03\/02\/canal-educa-bahia-entra-no-ar-com-conteudos-exclusivos-da-educacao","title":{"rendered":"Canal Educa Bahia entra no ar com conte\u00fados exclusivos da Educa\u00e7\u00e3o"},"content":{"rendered":"<p style=\"text-align: justify;\">O Canal aberto de televis\u00e3o Educa Bahia j\u00e1 est\u00e1 no ar e faz parte de um conjunto de a\u00e7\u00f5es complementares, implementadas pelo Governo do Estado para o in\u00edcio do ano letivo 2020\/2021, que ter\u00e1 ensino 100% remoto nesta primeira fase, com in\u00edcio no dia 15 de mar\u00e7o. Uma das programa\u00e7\u00f5es do primeiro dia de transmiss\u00e3o foi a live de abertura da pr\u00e9-jornada pedag\u00f3gica, dedicada aos estudos e ao planejamento de prepara\u00e7\u00e3o para o come\u00e7o do ano letivo. Na oportunidade, as caracter\u00edsticas do canal e da programa\u00e7\u00e3o foram apresentadas aos educadores pelo secret\u00e1rio da Educa\u00e7\u00e3o do Estado, Jer\u00f4nimo Rodrigues, e pelo diretor geral do IRDEB, Fl\u00e1vio Gon\u00e7alves.<\/p>\n<p style=\"text-align: justify;\">Durante toda a semana, o canal ir\u00e1 transmitir as atividades virtuais que ser\u00e3o promovidas pela SEC no turno da manh\u00e3, j\u00e1 que os per\u00edodos da tarde ser\u00e3o sempre dedicados aos estudos e planejamento dos educadores no \u00e2mbito dos N\u00facleos Territoriais de Educa\u00e7\u00e3o (NTE) e das escolas, por meio de reuni\u00f5es virtuais. Na manh\u00e3 desta ter\u00e7a-feira (2), a programa\u00e7\u00e3o do Canal Educa Bahia contemplou uma live, sobre os &#8220;Protocolos sanit\u00e1rios e infraestrutura&#8221; e a oficina sobre &#8220;Tempo Integral&#8221;.<\/p>\n<p style=\"text-align: justify;\">O Educa Bahia estar\u00e1 dispon\u00edvel em diversos munic\u00edpios de todos os 27 Territ\u00f3rios de Identidade. No canal, os estudantes podem assistir a uma programa\u00e7\u00e3o qualificada, que contempla todos os componentes curriculares do Ensino M\u00e9dio, tendo como base a Base Nacional Comum Curr\u00edcular (BNCC). S\u00e3o videoaulas de L\u00edngua Portuguesa, Matem\u00e1tica, Hist\u00f3ria, Geografia, Qu\u00edmica, F\u00edsica, Artes, L\u00edngua Inglesa, Educa\u00e7\u00e3o F\u00edsica, Literatura, Sociologia, Biologia, Reda\u00e7\u00e3o, Ci\u00eancias e L\u00edngua Espanhola.<\/p>\n<p style=\"text-align: justify;\">Al\u00e9m disso, est\u00e3o na grade da emissora programas como Coletivando; Destino: Educa\u00e7\u00e3o \u2013 escolas inovadoras; Entrevista: literatura ind\u00edgena para crian\u00e7as; Camarote 21; quadrinhos em sala de aula; Vamos aprender: os movimentos do corpo; Vamos aprender: brincando com as palavras; Sementes do amanh\u00e3; e Expresso futuro.<\/p>\n<p style=\"text-align: justify;\">Os conte\u00fados gerados s\u00e3o produzidos por professores da rede estadual de ensino, por meio da Rede An\u00edsio Teixeira e do Ensino M\u00e9dio com Intermedia\u00e7\u00e3o Tecnol\u00f3gica (EMITEC) e s\u00e3o frutos, ainda, de parcerias com o Canal Futura da Funda\u00e7\u00e3o Roberto Marinho, o Conselho Nacional de Secret\u00e1rios da Educa\u00e7\u00e3o (CONSED), a Uni\u00e3o dos Dirigentes Municipais (UNDIME) e organiza\u00e7\u00f5es da sociedade civil.<\/p>\n<p style=\"text-align: justify;\">A nova emissora p\u00fablica est\u00e1 dispon\u00edvel ao lado do canal da TVE, alterando os aparelhos do final .1 para o final .2. Em Salvador e Regi\u00e3o Metropolitana, o Educa Bahia ser\u00e1 o canal 10.2. J\u00e1 em Feira de Santana e no entorno, no 9.2 e assim nos demais munic\u00edpios. Tamb\u00e9m ser\u00e1 poss\u00edvel assistir \u00e0 emissora pelo site (educabahia.ba.gov.br).<\/p>\n<p style=\"text-align: justify;\">Para saber mais sobre a grade da programa\u00e7\u00e3o, acesse: educabahia.ba.gov.br ou www.educacao.ba.gov.br<\/p>\n<p style=\"text-align: justify;\">Da Reda\u00e7\u00e3o com informa\u00e7\u00f5es ASCOM. GOV.BA<\/p>\n","protected":false},"excerpt":{"rendered":"<p>O Canal aberto de televis\u00e3o Educa Bahia j\u00e1 est\u00e1 no ar e faz parte de um conjunto de a\u00e7\u00f5es complementares, implementadas pelo Governo do Estado para o in\u00edcio do ano letivo 2020\/2021, que ter\u00e1 ensino 100% remoto nesta primeira fase, com in\u00edcio no dia 15 de mar\u00e7o. Uma das programa\u00e7\u00f5es do primeiro dia de transmiss\u00e3o [&hellip;]<\/p>\n","protected":false},"author":1,"featured_media":20324,"comment_status":"closed","ping_status":"open","sticky":false,"template":"","format":"standard","meta":{"_uag_custom_page_level_css":"","_monsterinsights_skip_tracking":false,"_monsterinsights_sitenote_active":false,"_monsterinsights_sitenote_note":"","_monsterinsights_sitenote_category":0,"jetpack_post_was_ever_published":false,"_jetpack_newsletter_access":"","_jetpack_dont_email_post_to_subs":false,"_jetpack_newsletter_tier_id":0,"_jetpack_memberships_contains_paywalled_content":false,"_jetpack_memberships_contains_paid_content":false,"footnotes":"","jetpack_publicize_message":"","jetpack_publicize_feature_enabled":true,"jetpack_social_post_already_shared":true,"jetpack_social_options":{"image_generator_settings":{"template":"highway","default_image_id":0,"font":"","enabled":false},"version":2}},"categories":[209],"tags":[2045,2044],"class_list":["post-20323","post","type-post","status-publish","format-standard","has-post-thumbnail","hentry","category-educacao","tag-canal-educa-bahia","tag-tv-aberta"],"jetpack_publicize_connections":[],"jetpack_featured_media_url":"https:\/\/blogopara.com.br\/wp-content\/uploads\/2021\/03\/Educa02.03.jpg","uagb_featured_image_src":{"full":["https:\/\/blogopara.com.br\/wp-content\/uploads\/2021\/03\/Educa02.03.jpg",500,333,false],"thumbnail":["https:\/\/blogopara.com.br\/wp-content\/uploads\/2021\/03\/Educa02.03-150x150.jpg",150,150,true],"medium":["https:\/\/blogopara.com.br\/wp-content\/uploads\/2021\/03\/Educa02.03-300x200.jpg",300,200,true],"medium_large":["https:\/\/blogopara.com.br\/wp-content\/uploads\/2021\/03\/Educa02.03.jpg",500,333,false],"large":["https:\/\/blogopara.com.br\/wp-content\/uploads\/2021\/03\/Educa02.03.jpg",500,333,false],"1536x1536":["https:\/\/blogopara.com.br\/wp-content\/uploads\/2021\/03\/Educa02.03.jpg",500,333,false],"2048x2048":["https:\/\/blogopara.com.br\/wp-content\/uploads\/2021\/03\/Educa02.03.jpg",500,333,false],"mantranews-slider-large":["https:\/\/blogopara.com.br\/wp-content\/uploads\/2021\/03\/Educa02.03.jpg",500,333,false],"mantranews-featured-medium":["https:\/\/blogopara.com.br\/wp-content\/uploads\/2021\/03\/Educa02.03-420x307.jpg",420,307,true],"mantranews-featured-long":["https:\/\/blogopara.com.br\/wp-content\/uploads\/2021\/03\/Educa02.03-300x333.jpg",300,333,true],"mantranews-block-medium":["https:\/\/blogopara.com.br\/wp-content\/uploads\/2021\/03\/Educa02.03-464x290.jpg",464,290,true],"mantranews-carousel-image":["https:\/\/blogopara.com.br\/wp-content\/uploads\/2021\/03\/Educa02.03.jpg",500,333,false],"mantranews-block-thumb":["https:\/\/blogopara.com.br\/wp-content\/uploads\/2021\/03\/Educa02.03-322x230.jpg",322,230,true],"mantranews-single-large":["https:\/\/blogopara.com.br\/wp-content\/uploads\/2021\/03\/Educa02.03.jpg",500,333,false]},"uagb_author_info":{"display_name":"Reda\u00e7\u00e3o geral","author_link":"https:\/\/blogopara.com.br\/index.php\/author\/blogopara"},"uagb_comment_info":0,"uagb_excerpt":"O Canal aberto de televis\u00e3o Educa Bahia j\u00e1 est\u00e1 no ar e faz parte de um conjunto de a\u00e7\u00f5es complementares, implementadas pelo Governo do Estado para o in\u00edcio do ano letivo 2020\/2021, que ter\u00e1 ensino 100% remoto nesta primeira fase, com in\u00edcio no dia 15 de mar\u00e7o. Uma das programa\u00e7\u00f5es do primeiro dia de transmiss\u00e3o&hellip;","jetpack_sharing_enabled":true,"jetpack_likes_enabled":true,"_links":{"self":[{"href":"https:\/\/blogopara.com.br\/index.php\/wp-json\/wp\/v2\/posts\/20323","targetHints":{"allow":["GET"]}}],"collection":[{"href":"https:\/\/blogopara.com.br\/index.php\/wp-json\/wp\/v2\/posts"}],"about":[{"href":"https:\/\/blogopara.com.br\/index.php\/wp-json\/wp\/v2\/types\/post"}],"author":[{"embeddable":true,"href":"https:\/\/blogopara.com.br\/index.php\/wp-json\/wp\/v2\/users\/1"}],"replies":[{"embeddable":true,"href":"https:\/\/blogopara.com.br\/index.php\/wp-json\/wp\/v2\/comments?post=20323"}],"version-history":[{"count":1,"href":"https:\/\/blogopara.com.br\/index.php\/wp-json\/wp\/v2\/posts\/20323\/revisions"}],"predecessor-version":[{"id":20325,"href":"https:\/\/blogopara.com.br\/index.php\/wp-json\/wp\/v2\/posts\/20323\/revisions\/20325"}],"wp:featuredmedia":[{"embeddable":true,"href":"https:\/\/blogopara.com.br\/index.php\/wp-json\/wp\/v2\/media\/20324"}],"wp:attachment":[{"href":"https:\/\/blogopara.com.br\/index.php\/wp-json\/wp\/v2\/media?parent=20323"}],"wp:term":[{"taxonomy":"category","embeddable":true,"href":"https:\/\/blogopara.com.br\/index.php\/wp-json\/wp\/v2\/categories?post=20323"},{"taxonomy":"post_tag","embeddable":true,"href":"https:\/\/blogopara.com.br\/index.php\/wp-json\/wp\/v2\/tags?post=20323"}],"curies":[{"name":"wp","href":"https:\/\/api.w.org\/{rel}","templated":true}]}}