{"id":20389,"date":"2021-03-05T13:35:00","date_gmt":"2021-03-05T16:35:00","guid":{"rendered":"http:\/\/blogopara.com.br\/?p=20389"},"modified":"2021-03-05T14:23:50","modified_gmt":"2021-03-05T17:23:50","slug":"juazeiro-ba-presidente-da-camara-inicia-dialogo-com-designer-sobre-projetos-de-desenvolvimento-social-e-economico-na-zona-rural","status":"publish","type":"post","link":"https:\/\/blogopara.com.br\/index.php\/2021\/03\/05\/juazeiro-ba-presidente-da-camara-inicia-dialogo-com-designer-sobre-projetos-de-desenvolvimento-social-e-economico-na-zona-rural","title":{"rendered":"Juazeiro (BA): Presidente da C\u00e2mara inicia di\u00e1logo com designer sobre projetos de desenvolvimento social e econ\u00f4mico na zona rural"},"content":{"rendered":"<div>\n<div style=\"text-align: justify;\">O presidente da C\u00e2mara Municipal de Juazeiro (BA), Berg da Carna\u00edba, recebeu na tarde de ter\u00e7a-feira, 2, o designer e desenvolvedor de projetos Samuel Laudilio, tamb\u00e9m filho de Carna\u00edba do Sert\u00e3o.<\/div>\n<div style=\"text-align: justify;\"><\/div>\n<\/div>\n<div style=\"text-align: justify;\"><\/div>\n<div style=\"text-align: justify;\">O di\u00e1logo iniciado entre os conterr\u00e2neos pretende alinhar estrat\u00e9gias e planos para uma melhor gest\u00e3o de pol\u00edticas p\u00fablicas a serem articuladas e, logo poss\u00edvel, implementadas no interior da cidade, construindo um trabalho de forma intersetorial,&nbsp;com objetivo de obter uma gest\u00e3o integrada, capaz de responder com efic\u00e1cia a solu\u00e7\u00e3o de problemas da popula\u00e7\u00e3o rural.<\/div>\n<div style=\"text-align: justify;\"><\/div>\n<div style=\"text-align: justify;\">O desafio \u00e9 integrar as a\u00e7\u00f5es de setores diversos. Com isso, Berg e Samuel est\u00e3o iniciando um di\u00e1logo extenso com v\u00e1rias ideias na mesa que ser\u00e3o selecionadas e, ap\u00f3s convertidas em projetos. J\u00e1 os pr\u00f3ximos passos ser\u00e3o dados em dire\u00e7\u00e3o \u00e0 convers\u00e3o dessas proje\u00e7\u00f5es em planos com a\u00e7\u00f5es estrat\u00e9gicas bem sistematizadas, facilitando a articula\u00e7\u00e3o do presidente Berg com institui\u00e7\u00f5es, poderes e secretarias. <i>&#8220;Tenho certeza que com projetos&nbsp;<\/i><i>razo\u00e1veis e&nbsp;<\/i><i>estruturados os setores e pastas com responsabilidade de execu\u00e7\u00e3o v\u00e3o abra\u00e7ar e operar v\u00e1rios planos, pois estar\u00e3o alinhados com as necessidades do interior&#8221;<\/i>, disse Berg.<\/div>\n<div>\n<div style=\"text-align: justify;\"><\/div>\n<div style=\"text-align: justify;\">\n<div>Em momento da conversa, Samuel Laudilio, disse:&nbsp;<i>&#8220;Com projetos sociais planejados a partir de um diagn\u00f3stico da atual situa\u00e7\u00e3o da zona rual e uma gest\u00e3o que ofere\u00e7a suporte, pode ser formado um conjunto de a\u00e7\u00f5es capaz de oferecer uma boa e inovadora estrutura \u00e0 popula\u00e7\u00e3o do interior&#8221;.<\/i><\/div>\n<div><i><br \/>\n&#8220;O planejamento deve ser conjunto. As lideran\u00e7as comunit\u00e1rias e pol\u00edticas devem conversar bastante com a popula\u00e7\u00e3o do interior para identificar \u00e0 partir do ponto de vista dos mun\u00edcipes&nbsp;quais s\u00e3o suas principais e urgentes necessidades&#8230; e eu como comunit\u00e1rio, pretendo provocar e articular esses di\u00e1logos&#8221;.<\/i><\/div>\n<\/div>\n<div style=\"text-align: justify;\"><\/div>\n<div style=\"text-align: justify;\">A iniciativa de Berg e Samuel visa proporcionar um conjunto multifuncional de instrumentos para promover, refor\u00e7ar e ajudar a aumentar a inova\u00e7\u00e3o em pol\u00edticas p\u00fablicas nas zonas rurais, dando resposta aos desafios comuns com que se deparam os cidad\u00e3os que vivem em territ\u00f3rios rurais, fomentando a economia e o desenvolvimento social.<\/div>\n<div style=\"text-align: justify;\"><\/div>\n<div style=\"text-align: justify;\">Fonte: Portal Spy<\/div>\n<\/div>\n","protected":false},"excerpt":{"rendered":"<p>O encontro inicia um empreendimento de esfor\u00e7os em busca de promo\u00e7\u00e3o da qualidade de vida da popula\u00e7\u00e3o do interior<\/p>\n","protected":false},"author":1,"featured_media":20390,"comment_status":"closed","ping_status":"open","sticky":false,"template":"","format":"standard","meta":{"_uag_custom_page_level_css":"","_monsterinsights_skip_tracking":false,"_monsterinsights_sitenote_active":false,"_monsterinsights_sitenote_note":"","_monsterinsights_sitenote_category":0,"jetpack_post_was_ever_published":false,"_jetpack_newsletter_access":"","_jetpack_dont_email_post_to_subs":false,"_jetpack_newsletter_tier_id":0,"_jetpack_memberships_contains_paywalled_content":false,"_jetpack_memberships_contains_paid_content":false,"footnotes":"","jetpack_publicize_message":"","jetpack_publicize_feature_enabled":true,"jetpack_social_post_already_shared":true,"jetpack_social_options":{"image_generator_settings":{"template":"highway","default_image_id":0,"font":"","enabled":false},"version":2}},"categories":[203],"tags":[1819,1191,1514],"class_list":["post-20389","post","type-post","status-publish","format-standard","has-post-thumbnail","hentry","category-juazeiro","tag-blog","tag-interior","tag-parceria"],"jetpack_publicize_connections":[],"jetpack_featured_media_url":"https:\/\/blogopara.com.br\/wp-content\/uploads\/2021\/03\/Berg-e-Samuel.jpeg","uagb_featured_image_src":{"full":["https:\/\/blogopara.com.br\/wp-content\/uploads\/2021\/03\/Berg-e-Samuel.jpeg",500,358,false],"thumbnail":["https:\/\/blogopara.com.br\/wp-content\/uploads\/2021\/03\/Berg-e-Samuel-150x150.jpeg",150,150,true],"medium":["https:\/\/blogopara.com.br\/wp-content\/uploads\/2021\/03\/Berg-e-Samuel-300x215.jpeg",300,215,true],"medium_large":["https:\/\/blogopara.com.br\/wp-content\/uploads\/2021\/03\/Berg-e-Samuel.jpeg",500,358,false],"large":["https:\/\/blogopara.com.br\/wp-content\/uploads\/2021\/03\/Berg-e-Samuel.jpeg",500,358,false],"1536x1536":["https:\/\/blogopara.com.br\/wp-content\/uploads\/2021\/03\/Berg-e-Samuel.jpeg",500,358,false],"2048x2048":["https:\/\/blogopara.com.br\/wp-content\/uploads\/2021\/03\/Berg-e-Samuel.jpeg",500,358,false],"mantranews-slider-large":["https:\/\/blogopara.com.br\/wp-content\/uploads\/2021\/03\/Berg-e-Samuel.jpeg",500,358,false],"mantranews-featured-medium":["https:\/\/blogopara.com.br\/wp-content\/uploads\/2021\/03\/Berg-e-Samuel-420x307.jpeg",420,307,true],"mantranews-featured-long":["https:\/\/blogopara.com.br\/wp-content\/uploads\/2021\/03\/Berg-e-Samuel-300x358.jpeg",300,358,true],"mantranews-block-medium":["https:\/\/blogopara.com.br\/wp-content\/uploads\/2021\/03\/Berg-e-Samuel-464x290.jpeg",464,290,true],"mantranews-carousel-image":["https:\/\/blogopara.com.br\/wp-content\/uploads\/2021\/03\/Berg-e-Samuel.jpeg",500,358,false],"mantranews-block-thumb":["https:\/\/blogopara.com.br\/wp-content\/uploads\/2021\/03\/Berg-e-Samuel-322x230.jpeg",322,230,true],"mantranews-single-large":["https:\/\/blogopara.com.br\/wp-content\/uploads\/2021\/03\/Berg-e-Samuel.jpeg",500,358,false]},"uagb_author_info":{"display_name":"Reda\u00e7\u00e3o geral","author_link":"https:\/\/blogopara.com.br\/index.php\/author\/blogopara"},"uagb_comment_info":0,"uagb_excerpt":"O encontro inicia um empreendimento de esfor\u00e7os em busca de promo\u00e7\u00e3o da qualidade de vida da popula\u00e7\u00e3o do interior","jetpack_sharing_enabled":true,"jetpack_likes_enabled":true,"_links":{"self":[{"href":"https:\/\/blogopara.com.br\/index.php\/wp-json\/wp\/v2\/posts\/20389","targetHints":{"allow":["GET"]}}],"collection":[{"href":"https:\/\/blogopara.com.br\/index.php\/wp-json\/wp\/v2\/posts"}],"about":[{"href":"https:\/\/blogopara.com.br\/index.php\/wp-json\/wp\/v2\/types\/post"}],"author":[{"embeddable":true,"href":"https:\/\/blogopara.com.br\/index.php\/wp-json\/wp\/v2\/users\/1"}],"replies":[{"embeddable":true,"href":"https:\/\/blogopara.com.br\/index.php\/wp-json\/wp\/v2\/comments?post=20389"}],"version-history":[{"count":2,"href":"https:\/\/blogopara.com.br\/index.php\/wp-json\/wp\/v2\/posts\/20389\/revisions"}],"predecessor-version":[{"id":20428,"href":"https:\/\/blogopara.com.br\/index.php\/wp-json\/wp\/v2\/posts\/20389\/revisions\/20428"}],"wp:featuredmedia":[{"embeddable":true,"href":"https:\/\/blogopara.com.br\/index.php\/wp-json\/wp\/v2\/media\/20390"}],"wp:attachment":[{"href":"https:\/\/blogopara.com.br\/index.php\/wp-json\/wp\/v2\/media?parent=20389"}],"wp:term":[{"taxonomy":"category","embeddable":true,"href":"https:\/\/blogopara.com.br\/index.php\/wp-json\/wp\/v2\/categories?post=20389"},{"taxonomy":"post_tag","embeddable":true,"href":"https:\/\/blogopara.com.br\/index.php\/wp-json\/wp\/v2\/tags?post=20389"}],"curies":[{"name":"wp","href":"https:\/\/api.w.org\/{rel}","templated":true}]}}