{"id":20437,"date":"2021-03-05T14:30:00","date_gmt":"2021-03-05T17:30:00","guid":{"rendered":"http:\/\/blogopara.com.br\/?p=20437"},"modified":"2021-03-05T13:54:54","modified_gmt":"2021-03-05T16:54:54","slug":"petrolina-prefeito-miguel-coelho-endurece-medidas-restritivas-contra-a-covid-19-em-novo-decreto","status":"publish","type":"post","link":"https:\/\/blogopara.com.br\/index.php\/2021\/03\/05\/petrolina-prefeito-miguel-coelho-endurece-medidas-restritivas-contra-a-covid-19-em-novo-decreto","title":{"rendered":"Decreto: Novas medidas restritivas veda acesso \u00e0s ilhas e reduz atendimento nas reparti\u00e7\u00f5es p\u00fablicas"},"content":{"rendered":"<p style=\"text-align: justify;\">Na tarde desta quinta-feira, 04, o prefeito Miguel Coelho expediu novo decreto estabelecendo novas medidas restritivas relacionadas a algumas atividades sociais e econ\u00f4micas, da Administra\u00e7\u00e3o P\u00fablica Municipal Direta e Indireta, em virtude do agravamento da pandemia de Covid-19 na cidade.<\/p>\n<p style=\"text-align: justify;\">No decreto est\u00e1 vedado nos s\u00e1bados e domingos, at\u00e9 o pr\u00f3ximo dia 17 de mar\u00e7o, o acesso \u00e0s ilhas localizadas no \u00e2mbito do territ\u00f3rio de Petrolina, inclusive a Ilha do Fogo, assim como fica proibido o uso dos meios de locomo\u00e7\u00e3o por meio das chamadas de embarca\u00e7\u00f5es sediadas na cidade. O decreto ainda cita que est\u00e1 vedada o tr\u00e2nsito inclusive nas ilhas situadas na cidade de Juazeiro (BA), as quais n\u00e3o poder\u00e3o ser frequentadas, com exce\u00e7\u00e3o das pessoas nelas residentes.<\/p>\n<p style=\"text-align: justify;\">Quanto ao funcionamento das reparti\u00e7\u00f5es p\u00fablicas municipais, o expediente passa a ser das 7h \u00e0s 13h, e atendimento ao p\u00fablico das 8h \u00e0s 12h. O decreto ainda destaca sobre a ocupa\u00e7\u00e3o nas reparti\u00e7\u00f5es p\u00fablicas, home-office, as regras para servidores com idade superior a 60 anos, ou com doen\u00e7a cr\u00f4nica.<\/p>\n<p style=\"text-align: justify;\">O decreto na \u00edntegra: <a href=\"https:\/\/blogopara.com.br\/wp-content\/uploads\/2021\/03\/DECRETO-N-027-2021-PETROLINA.pdf\">DECRETO-N 027-2021-PETROLINA<\/a><\/p>\n\n\n<p>Da Reda\u00e7\u00e3o.<\/p>\n","protected":false},"excerpt":{"rendered":"<p>Na tarde desta quinta-feira, 04, o prefeito Miguel Coelho expediu novo decreto estabelecendo novas medidas restritivas relacionadas a algumas atividades sociais e econ\u00f4micas, da Administra\u00e7\u00e3o P\u00fablica Municipal Direta e Indireta, em virtude do agravamento da pandemia de Covid-19 na cidade. No decreto est\u00e1 vedado nos s\u00e1bados e domingos, at\u00e9 o pr\u00f3ximo dia 17 de mar\u00e7o, [&hellip;]<\/p>\n","protected":false},"author":1,"featured_media":0,"comment_status":"closed","ping_status":"open","sticky":false,"template":"","format":"standard","meta":{"_uag_custom_page_level_css":"","_monsterinsights_skip_tracking":false,"_monsterinsights_sitenote_active":false,"_monsterinsights_sitenote_note":"","_monsterinsights_sitenote_category":0,"jetpack_post_was_ever_published":false,"_jetpack_newsletter_access":"","_jetpack_dont_email_post_to_subs":false,"_jetpack_newsletter_tier_id":0,"_jetpack_memberships_contains_paywalled_content":false,"_jetpack_memberships_contains_paid_content":false,"footnotes":"","jetpack_publicize_message":"","jetpack_publicize_feature_enabled":true,"jetpack_social_post_already_shared":true,"jetpack_social_options":{"image_generator_settings":{"template":"highway","default_image_id":0,"font":"","enabled":false},"version":2}},"categories":[851],"tags":[1483,2003,2073],"class_list":["post-20437","post","type-post","status-publish","format-standard","hentry","category-petrolina","tag-covid-19","tag-medidas-restritivas","tag-novo-decreto"],"jetpack_publicize_connections":[],"jetpack_featured_media_url":"","uagb_featured_image_src":{"full":false,"thumbnail":false,"medium":false,"medium_large":false,"large":false,"1536x1536":false,"2048x2048":false,"mantranews-slider-large":false,"mantranews-featured-medium":false,"mantranews-featured-long":false,"mantranews-block-medium":false,"mantranews-carousel-image":false,"mantranews-block-thumb":false,"mantranews-single-large":false},"uagb_author_info":{"display_name":"Reda\u00e7\u00e3o geral","author_link":"https:\/\/blogopara.com.br\/index.php\/author\/blogopara"},"uagb_comment_info":0,"uagb_excerpt":"Na tarde desta quinta-feira, 04, o prefeito Miguel Coelho expediu novo decreto estabelecendo novas medidas restritivas relacionadas a algumas atividades sociais e econ\u00f4micas, da Administra\u00e7\u00e3o P\u00fablica Municipal Direta e Indireta, em virtude do agravamento da pandemia de Covid-19 na cidade. No decreto est\u00e1 vedado nos s\u00e1bados e domingos, at\u00e9 o pr\u00f3ximo dia 17 de mar\u00e7o,&hellip;","jetpack_sharing_enabled":true,"jetpack_likes_enabled":true,"_links":{"self":[{"href":"https:\/\/blogopara.com.br\/index.php\/wp-json\/wp\/v2\/posts\/20437","targetHints":{"allow":["GET"]}}],"collection":[{"href":"https:\/\/blogopara.com.br\/index.php\/wp-json\/wp\/v2\/posts"}],"about":[{"href":"https:\/\/blogopara.com.br\/index.php\/wp-json\/wp\/v2\/types\/post"}],"author":[{"embeddable":true,"href":"https:\/\/blogopara.com.br\/index.php\/wp-json\/wp\/v2\/users\/1"}],"replies":[{"embeddable":true,"href":"https:\/\/blogopara.com.br\/index.php\/wp-json\/wp\/v2\/comments?post=20437"}],"version-history":[{"count":4,"href":"https:\/\/blogopara.com.br\/index.php\/wp-json\/wp\/v2\/posts\/20437\/revisions"}],"predecessor-version":[{"id":20451,"href":"https:\/\/blogopara.com.br\/index.php\/wp-json\/wp\/v2\/posts\/20437\/revisions\/20451"}],"wp:attachment":[{"href":"https:\/\/blogopara.com.br\/index.php\/wp-json\/wp\/v2\/media?parent=20437"}],"wp:term":[{"taxonomy":"category","embeddable":true,"href":"https:\/\/blogopara.com.br\/index.php\/wp-json\/wp\/v2\/categories?post=20437"},{"taxonomy":"post_tag","embeddable":true,"href":"https:\/\/blogopara.com.br\/index.php\/wp-json\/wp\/v2\/tags?post=20437"}],"curies":[{"name":"wp","href":"https:\/\/api.w.org\/{rel}","templated":true}]}}