{"id":20476,"date":"2021-03-07T10:07:00","date_gmt":"2021-03-07T13:07:00","guid":{"rendered":"http:\/\/blogopara.com.br\/?p=20476"},"modified":"2021-03-05T18:16:31","modified_gmt":"2021-03-05T21:16:31","slug":"governo-deve-permitir-que-empregador-adie-pagamento-de-fgts-por-ate-quatro-meses","status":"publish","type":"post","link":"https:\/\/blogopara.com.br\/index.php\/2021\/03\/07\/governo-deve-permitir-que-empregador-adie-pagamento-de-fgts-por-ate-quatro-meses","title":{"rendered":"Governo deve permitir que empregador adie pagamento de FGTS por at\u00e9 quatro meses"},"content":{"rendered":"<p style=\"text-align: justify;\">O governo prepara uma MP (medida provis\u00f3ria) para permitir que empresas adiem por at\u00e9 quatro meses o recolhimento de FGTS (Fundo de Garantia do Tempo de Servi\u00e7o) dos empregados. A suspens\u00e3o ser\u00e1 tempor\u00e1ria e, depois, ter\u00e1 que ser compensada pelo patr\u00e3o. O direito ao dep\u00f3sito de 8% do sal\u00e1rio em conta do FGTS do trabalhador n\u00e3o muda.<\/p>\n<p style=\"text-align: justify;\">A medida, tamb\u00e9m adotada em 2020, faz parte de um pacote de a\u00e7\u00f5es a serem propostas pelo Minist\u00e9rio da Economia para reduzir os custos dos empres\u00e1rios diante do agravamento da pandemia, que levou a restri\u00e7\u00f5es a algumas atividades.<\/p>\n<p style=\"text-align: justify;\">A MP deve ser publicada at\u00e9 a pr\u00f3xima semana. O governo ainda avalia qual deve ser o per\u00edodo de diferimento (adiamento do encargo), mas deve variar entre tr\u00eas e quatro meses. A empresa, depois desse prazo, ter\u00e1 que voltar a pagar o FGTS mensalmente no valor normal, al\u00e9m do montante que deixou de ser depositado na conta do trabalhador pelo per\u00edodo de at\u00e9 quatro meses.<\/p>\n<p style=\"text-align: justify;\">Os valores atrasados poder\u00e3o ser parcelados, mas sem multas e encargos. O objetivo \u00e9 n\u00e3o representar uma eleva\u00e7\u00e3o forte no custo do empregador.<\/p>\n<p style=\"text-align: justify;\">Se o trabalhador for demitido antes que o FGTS adiado n\u00e3o tenha sido quitado, a empresa, no momento da rescis\u00e3o do contrato, ser\u00e1 obrigada a depositar o que deixou de ser pago no per\u00edodo de diferimento. Ou seja, recompor o saldo da conta do empregado.<\/p>\n<p style=\"text-align: justify;\">Medidas<\/p>\n<p style=\"text-align: justify;\">No grupo de medidas com custo ao Or\u00e7amento, o governo prev\u00ea a libera\u00e7\u00e3o de no m\u00e1ximo R$ 44 bilh\u00f5es em 2021 com a nova rodada do aux\u00edlio emergencial. Em 2020, o programa consumiu quase R$ 300 bilh\u00f5es do Tesouro Nacional.<\/p>\n<p style=\"text-align: justify;\">A proposta aprovada no Congresso para destravar a assist\u00eancia autoriza gastos fora das regras fiscais apenas para essa finalidade. Outras despesas do governo seguir\u00e3o sujeitas a travas como a do teto de gastos, que limita o crescimento das despesas p\u00fablicas \u00e0 varia\u00e7\u00e3o da infla\u00e7\u00e3o.<\/p>\n<p style=\"text-align: justify;\">As medidas em elabora\u00e7\u00e3o pelo governo s\u00e3o: Adiamento do pagamento do FGTS do trabalhador por at\u00e9 quatro meses; Valor do FGTS adiado ser\u00e1 pago posteriormente pelo empregador; Antecipa\u00e7\u00e3o de f\u00e9rias; Flexibiliza\u00e7\u00e3o para decretar f\u00e9rias coletivas; Antecipa\u00e7\u00e3o de feriados; Flexibiliza\u00e7\u00e3o de regras para alterar regime de trabalho para home office.<\/p>\n\n\n<p>Da Reda\u00e7\u00e3o com informa\u00e7\u00f5es Bahia Noticias.<\/p>\n","protected":false},"excerpt":{"rendered":"<p>O governo prepara uma MP (medida provis\u00f3ria) para permitir que empresas adiem por at\u00e9 quatro meses o recolhimento de FGTS (Fundo de Garantia do Tempo de Servi\u00e7o) dos empregados. A suspens\u00e3o ser\u00e1 tempor\u00e1ria e, depois, ter\u00e1 que ser compensada pelo patr\u00e3o. O direito ao dep\u00f3sito de 8% do sal\u00e1rio em conta do FGTS do trabalhador [&hellip;]<\/p>\n","protected":false},"author":1,"featured_media":20479,"comment_status":"closed","ping_status":"open","sticky":false,"template":"","format":"standard","meta":{"_uag_custom_page_level_css":"","_monsterinsights_skip_tracking":false,"_monsterinsights_sitenote_active":false,"_monsterinsights_sitenote_note":"","_monsterinsights_sitenote_category":0,"jetpack_post_was_ever_published":false,"_jetpack_newsletter_access":"","_jetpack_dont_email_post_to_subs":false,"_jetpack_newsletter_tier_id":0,"_jetpack_memberships_contains_paywalled_content":false,"_jetpack_memberships_contains_paid_content":false,"footnotes":"","jetpack_publicize_message":"","jetpack_publicize_feature_enabled":true,"jetpack_social_post_already_shared":true,"jetpack_social_options":{"image_generator_settings":{"template":"highway","default_image_id":0,"font":"","enabled":false},"version":2}},"categories":[206],"tags":[2084,328,1161],"class_list":["post-20476","post","type-post","status-publish","format-standard","has-post-thumbnail","hentry","category-economia","tag-empregador","tag-fgts","tag-pagamento"],"jetpack_publicize_connections":[],"jetpack_featured_media_url":"https:\/\/blogopara.com.br\/wp-content\/uploads\/2021\/03\/Trabalhador05.03.jpg","uagb_featured_image_src":{"full":["https:\/\/blogopara.com.br\/wp-content\/uploads\/2021\/03\/Trabalhador05.03.jpg",500,368,false],"thumbnail":["https:\/\/blogopara.com.br\/wp-content\/uploads\/2021\/03\/Trabalhador05.03-150x150.jpg",150,150,true],"medium":["https:\/\/blogopara.com.br\/wp-content\/uploads\/2021\/03\/Trabalhador05.03-300x221.jpg",300,221,true],"medium_large":["https:\/\/blogopara.com.br\/wp-content\/uploads\/2021\/03\/Trabalhador05.03.jpg",500,368,false],"large":["https:\/\/blogopara.com.br\/wp-content\/uploads\/2021\/03\/Trabalhador05.03.jpg",500,368,false],"1536x1536":["https:\/\/blogopara.com.br\/wp-content\/uploads\/2021\/03\/Trabalhador05.03.jpg",500,368,false],"2048x2048":["https:\/\/blogopara.com.br\/wp-content\/uploads\/2021\/03\/Trabalhador05.03.jpg",500,368,false],"mantranews-slider-large":["https:\/\/blogopara.com.br\/wp-content\/uploads\/2021\/03\/Trabalhador05.03.jpg",500,368,false],"mantranews-featured-medium":["https:\/\/blogopara.com.br\/wp-content\/uploads\/2021\/03\/Trabalhador05.03-420x307.jpg",420,307,true],"mantranews-featured-long":["https:\/\/blogopara.com.br\/wp-content\/uploads\/2021\/03\/Trabalhador05.03-300x368.jpg",300,368,true],"mantranews-block-medium":["https:\/\/blogopara.com.br\/wp-content\/uploads\/2021\/03\/Trabalhador05.03-464x290.jpg",464,290,true],"mantranews-carousel-image":["https:\/\/blogopara.com.br\/wp-content\/uploads\/2021\/03\/Trabalhador05.03.jpg",500,368,false],"mantranews-block-thumb":["https:\/\/blogopara.com.br\/wp-content\/uploads\/2021\/03\/Trabalhador05.03-322x230.jpg",322,230,true],"mantranews-single-large":["https:\/\/blogopara.com.br\/wp-content\/uploads\/2021\/03\/Trabalhador05.03.jpg",500,368,false]},"uagb_author_info":{"display_name":"Reda\u00e7\u00e3o geral","author_link":"https:\/\/blogopara.com.br\/index.php\/author\/blogopara"},"uagb_comment_info":0,"uagb_excerpt":"O governo prepara uma MP (medida provis\u00f3ria) para permitir que empresas adiem por at\u00e9 quatro meses o recolhimento de FGTS (Fundo de Garantia do Tempo de Servi\u00e7o) dos empregados. A suspens\u00e3o ser\u00e1 tempor\u00e1ria e, depois, ter\u00e1 que ser compensada pelo patr\u00e3o. O direito ao dep\u00f3sito de 8% do sal\u00e1rio em conta do FGTS do trabalhador&hellip;","jetpack_sharing_enabled":true,"jetpack_likes_enabled":true,"_links":{"self":[{"href":"https:\/\/blogopara.com.br\/index.php\/wp-json\/wp\/v2\/posts\/20476","targetHints":{"allow":["GET"]}}],"collection":[{"href":"https:\/\/blogopara.com.br\/index.php\/wp-json\/wp\/v2\/posts"}],"about":[{"href":"https:\/\/blogopara.com.br\/index.php\/wp-json\/wp\/v2\/types\/post"}],"author":[{"embeddable":true,"href":"https:\/\/blogopara.com.br\/index.php\/wp-json\/wp\/v2\/users\/1"}],"replies":[{"embeddable":true,"href":"https:\/\/blogopara.com.br\/index.php\/wp-json\/wp\/v2\/comments?post=20476"}],"version-history":[{"count":1,"href":"https:\/\/blogopara.com.br\/index.php\/wp-json\/wp\/v2\/posts\/20476\/revisions"}],"predecessor-version":[{"id":20480,"href":"https:\/\/blogopara.com.br\/index.php\/wp-json\/wp\/v2\/posts\/20476\/revisions\/20480"}],"wp:featuredmedia":[{"embeddable":true,"href":"https:\/\/blogopara.com.br\/index.php\/wp-json\/wp\/v2\/media\/20479"}],"wp:attachment":[{"href":"https:\/\/blogopara.com.br\/index.php\/wp-json\/wp\/v2\/media?parent=20476"}],"wp:term":[{"taxonomy":"category","embeddable":true,"href":"https:\/\/blogopara.com.br\/index.php\/wp-json\/wp\/v2\/categories?post=20476"},{"taxonomy":"post_tag","embeddable":true,"href":"https:\/\/blogopara.com.br\/index.php\/wp-json\/wp\/v2\/tags?post=20476"}],"curies":[{"name":"wp","href":"https:\/\/api.w.org\/{rel}","templated":true}]}}