{"id":20499,"date":"2021-03-07T13:26:00","date_gmt":"2021-03-07T16:26:00","guid":{"rendered":"http:\/\/blogopara.com.br\/?p=20499"},"modified":"2021-03-06T12:32:10","modified_gmt":"2021-03-06T15:32:10","slug":"vereadores-berg-da-carnaiba-e-dionisio-gomes-propoem-melhorias-no-mercado-do-produtor","status":"publish","type":"post","link":"https:\/\/blogopara.com.br\/index.php\/2021\/03\/07\/vereadores-berg-da-carnaiba-e-dionisio-gomes-propoem-melhorias-no-mercado-do-produtor","title":{"rendered":"Vereadores Berg da Carna\u00edba e Dion\u00edsio Gomes prop\u00f5em melhorias no Mercado do Produtor"},"content":{"rendered":"<p style=\"text-align: justify;\">Preocupados em contribuir com a\u00e7\u00f5es para diminuir a curva de cont\u00e1gio do Novo Coronav\u00edrus (Covid 19), e os preju\u00edzos causados pelo efeito na economia, o presidente da C\u00e2mara de Vereadores de Juazeiro, Berg da Carna\u00edba, acompanhado do colega vereador, Dion\u00edsio Gomes, esteve na manh\u00e3 da \u00faltima sexta-feira (5), no Mercado do Produtor, o quarto maior entreposto comercial da Am\u00e9rica Latina, para solicitar do diretor-administrativo Britoaldo Bessa para conversar com permission\u00e1rios, que confessaram ser a primeira vez que o Legislativo Municipal visita o local.<\/p>\n<p style=\"text-align: justify;\">Al\u00e9m de conversarem sobre a necessidade de intensificar as medidas protetivas de combate ao v\u00edrus, eles trocarem informa\u00e7\u00f5es sobre um Projeto de Lei que brevemente ser\u00e1 apreciado na C\u00e2mara para isentar multas e juros dos permission\u00e1rios, com parcelamento de 36 at\u00e9 48 meses para os devedores, a proibi\u00e7\u00e3o na venda de bebidas alco\u00f3licas no mercado cujo objetivo \u00e9 comercializar as produ\u00e7\u00f5es agr\u00edcolas do Vale do S\u00e3o Francisco e respeitar os decretos que tem o intuito de por fim a pandemia, os vereadores est\u00e3o analisando a\u00e7\u00f5es para que n\u00e3o apenas Juazeiro, mas todo o pa\u00eds, o mundo atravesse essa fase pand\u00eamica sem aumentar ainda mais os riscos \u00e0 vida e preju\u00edzos a economia local.<\/p>\n<p style=\"text-align: justify;\">Toda a pauta da reuni\u00e3o girou em torno de buscar solu\u00e7\u00f5es para diminuir os efeitos negativos da pandemia e buscar formas de fomentar o com\u00e9rcio do local.<\/p>\n<p style=\"text-align: justify;\">M\u00f4nia Ramos Jornalista Assessoria da Presid\u00eancia da CMJ<br \/>\nFotos F\u00e1bio Martins<\/p>\n","protected":false},"excerpt":{"rendered":"<p>Preocupados em contribuir com a\u00e7\u00f5es para diminuir a curva de cont\u00e1gio do Novo Coronav\u00edrus (Covid 19), e os preju\u00edzos causados pelo efeito na economia, o presidente da C\u00e2mara de Vereadores de Juazeiro, Berg da Carna\u00edba, acompanhado do colega vereador, Dion\u00edsio Gomes, esteve na manh\u00e3 da \u00faltima sexta-feira (5), no Mercado do Produtor, o quarto maior [&hellip;]<\/p>\n","protected":false},"author":1,"featured_media":20501,"comment_status":"closed","ping_status":"open","sticky":false,"template":"","format":"standard","meta":{"_uag_custom_page_level_css":"","_monsterinsights_skip_tracking":false,"_monsterinsights_sitenote_active":false,"_monsterinsights_sitenote_note":"","_monsterinsights_sitenote_category":0,"jetpack_post_was_ever_published":false,"_jetpack_newsletter_access":"","_jetpack_dont_email_post_to_subs":false,"_jetpack_newsletter_tier_id":0,"_jetpack_memberships_contains_paywalled_content":false,"_jetpack_memberships_contains_paid_content":false,"footnotes":"","jetpack_publicize_message":"","jetpack_publicize_feature_enabled":true,"jetpack_social_post_already_shared":true,"jetpack_social_options":{"image_generator_settings":{"template":"highway","default_image_id":0,"font":"","enabled":false},"version":2}},"categories":[206],"tags":[1819,1405,2089],"class_list":["post-20499","post","type-post","status-publish","format-standard","has-post-thumbnail","hentry","category-economia","tag-blog","tag-desenvolvimento","tag-regional"],"jetpack_publicize_connections":[],"jetpack_featured_media_url":"https:\/\/blogopara.com.br\/wp-content\/uploads\/2021\/03\/fe34aef8-5b22-4173-9980-4e543d01d9fb.jpg","uagb_featured_image_src":{"full":["https:\/\/blogopara.com.br\/wp-content\/uploads\/2021\/03\/fe34aef8-5b22-4173-9980-4e543d01d9fb.jpg",500,333,false],"thumbnail":["https:\/\/blogopara.com.br\/wp-content\/uploads\/2021\/03\/fe34aef8-5b22-4173-9980-4e543d01d9fb-150x150.jpg",150,150,true],"medium":["https:\/\/blogopara.com.br\/wp-content\/uploads\/2021\/03\/fe34aef8-5b22-4173-9980-4e543d01d9fb-300x200.jpg",300,200,true],"medium_large":["https:\/\/blogopara.com.br\/wp-content\/uploads\/2021\/03\/fe34aef8-5b22-4173-9980-4e543d01d9fb.jpg",500,333,false],"large":["https:\/\/blogopara.com.br\/wp-content\/uploads\/2021\/03\/fe34aef8-5b22-4173-9980-4e543d01d9fb.jpg",500,333,false],"1536x1536":["https:\/\/blogopara.com.br\/wp-content\/uploads\/2021\/03\/fe34aef8-5b22-4173-9980-4e543d01d9fb.jpg",500,333,false],"2048x2048":["https:\/\/blogopara.com.br\/wp-content\/uploads\/2021\/03\/fe34aef8-5b22-4173-9980-4e543d01d9fb.jpg",500,333,false],"mantranews-slider-large":["https:\/\/blogopara.com.br\/wp-content\/uploads\/2021\/03\/fe34aef8-5b22-4173-9980-4e543d01d9fb.jpg",500,333,false],"mantranews-featured-medium":["https:\/\/blogopara.com.br\/wp-content\/uploads\/2021\/03\/fe34aef8-5b22-4173-9980-4e543d01d9fb-420x307.jpg",420,307,true],"mantranews-featured-long":["https:\/\/blogopara.com.br\/wp-content\/uploads\/2021\/03\/fe34aef8-5b22-4173-9980-4e543d01d9fb-300x333.jpg",300,333,true],"mantranews-block-medium":["https:\/\/blogopara.com.br\/wp-content\/uploads\/2021\/03\/fe34aef8-5b22-4173-9980-4e543d01d9fb-464x290.jpg",464,290,true],"mantranews-carousel-image":["https:\/\/blogopara.com.br\/wp-content\/uploads\/2021\/03\/fe34aef8-5b22-4173-9980-4e543d01d9fb.jpg",500,333,false],"mantranews-block-thumb":["https:\/\/blogopara.com.br\/wp-content\/uploads\/2021\/03\/fe34aef8-5b22-4173-9980-4e543d01d9fb-322x230.jpg",322,230,true],"mantranews-single-large":["https:\/\/blogopara.com.br\/wp-content\/uploads\/2021\/03\/fe34aef8-5b22-4173-9980-4e543d01d9fb.jpg",500,333,false]},"uagb_author_info":{"display_name":"Reda\u00e7\u00e3o geral","author_link":"https:\/\/blogopara.com.br\/index.php\/author\/blogopara"},"uagb_comment_info":0,"uagb_excerpt":"Preocupados em contribuir com a\u00e7\u00f5es para diminuir a curva de cont\u00e1gio do Novo Coronav\u00edrus (Covid 19), e os preju\u00edzos causados pelo efeito na economia, o presidente da C\u00e2mara de Vereadores de Juazeiro, Berg da Carna\u00edba, acompanhado do colega vereador, Dion\u00edsio Gomes, esteve na manh\u00e3 da \u00faltima sexta-feira (5), no Mercado do Produtor, o quarto maior&hellip;","jetpack_sharing_enabled":true,"jetpack_likes_enabled":true,"_links":{"self":[{"href":"https:\/\/blogopara.com.br\/index.php\/wp-json\/wp\/v2\/posts\/20499","targetHints":{"allow":["GET"]}}],"collection":[{"href":"https:\/\/blogopara.com.br\/index.php\/wp-json\/wp\/v2\/posts"}],"about":[{"href":"https:\/\/blogopara.com.br\/index.php\/wp-json\/wp\/v2\/types\/post"}],"author":[{"embeddable":true,"href":"https:\/\/blogopara.com.br\/index.php\/wp-json\/wp\/v2\/users\/1"}],"replies":[{"embeddable":true,"href":"https:\/\/blogopara.com.br\/index.php\/wp-json\/wp\/v2\/comments?post=20499"}],"version-history":[{"count":1,"href":"https:\/\/blogopara.com.br\/index.php\/wp-json\/wp\/v2\/posts\/20499\/revisions"}],"predecessor-version":[{"id":20502,"href":"https:\/\/blogopara.com.br\/index.php\/wp-json\/wp\/v2\/posts\/20499\/revisions\/20502"}],"wp:featuredmedia":[{"embeddable":true,"href":"https:\/\/blogopara.com.br\/index.php\/wp-json\/wp\/v2\/media\/20501"}],"wp:attachment":[{"href":"https:\/\/blogopara.com.br\/index.php\/wp-json\/wp\/v2\/media?parent=20499"}],"wp:term":[{"taxonomy":"category","embeddable":true,"href":"https:\/\/blogopara.com.br\/index.php\/wp-json\/wp\/v2\/categories?post=20499"},{"taxonomy":"post_tag","embeddable":true,"href":"https:\/\/blogopara.com.br\/index.php\/wp-json\/wp\/v2\/tags?post=20499"}],"curies":[{"name":"wp","href":"https:\/\/api.w.org\/{rel}","templated":true}]}}