{"id":20534,"date":"2021-03-08T11:15:00","date_gmt":"2021-03-08T14:15:00","guid":{"rendered":"http:\/\/blogopara.com.br\/?p=20534"},"modified":"2021-03-08T08:52:50","modified_gmt":"2021-03-08T11:52:50","slug":"camara-de-juazeiro-suspende-sessoes-desta-semana-em-funcao-do-decreto-estadual","status":"publish","type":"post","link":"https:\/\/blogopara.com.br\/index.php\/2021\/03\/08\/camara-de-juazeiro-suspende-sessoes-desta-semana-em-funcao-do-decreto-estadual","title":{"rendered":"C\u00e2mara de Juazeiro suspende sess\u00f5es desta semana, em fun\u00e7\u00e3o do decreto estadual"},"content":{"rendered":"<p style=\"text-align: justify;\">Em fun\u00e7\u00e3o da decis\u00e3o do Governador da Bahia, Rui Costa (PT), de decretar lockdown na regi\u00e3o norte do Estado, est\u00e3o suspensas as sess\u00f5es ordin\u00e1rias remotas da C\u00e2mara Municipal de Juazeiro programadas para acontecer nesta segunda (08) e ter\u00e7a (09), bem como a sess\u00e3o especial em homenagem ao Dia Internacional da Mulher, programada para \u00e0s 16h.<\/p>\n<p style=\"text-align: justify;\">O expediente na Casa tamb\u00e9m est\u00e1 suspenso temporariamente.<\/p>\n<p style=\"text-align: justify;\">Segundo o governador a medida \u00e9 por conta da lota\u00e7\u00e3o dos leitos de UTI, com munic\u00edpios da regi\u00e3o j\u00e1 tendo atingindo a marca de 100% de ocupa\u00e7\u00e3o.<\/p>\n<p style=\"text-align: justify;\">Funcionar\u00e3o apenas estabelecimentos que prestam servi\u00e7os essenciais. O decreto de lockdown, inicialmente valer\u00e1 de segunda-feira (08\/03) at\u00e9 \u00e0s 5h da pr\u00f3xima quarta-feira (10\/03).<\/p>\n<p style=\"text-align: justify;\">&#8220;Temos que obedecer a determina\u00e7\u00e3o do Governo Estadual e aguardaremos as novas decis\u00f5es, torcendo que o \u00edndice de infesta\u00e7\u00e3o do Covid19 diminua e possamos t\u00e3o logo voltar \u00e0s atividades normalmente&#8221;, declara Berg Da Carna\u00edba, presidente da mesa diretora.<\/p>\n<p style=\"text-align: justify;\">M\u00f4nia Ramos Jornalista<br \/>\nAsssessoria da Presid\u00eancia da CMJ<br \/>\nFoto F\u00e1bio Martins<\/p>\n","protected":false},"excerpt":{"rendered":"<p>Em fun\u00e7\u00e3o da decis\u00e3o do Governador da Bahia, Rui Costa (PT), de decretar lockdown na regi\u00e3o norte do Estado, est\u00e3o suspensas as sess\u00f5es ordin\u00e1rias remotas da C\u00e2mara Municipal de Juazeiro programadas para acontecer nesta segunda (08) e ter\u00e7a (09), bem como a sess\u00e3o especial em homenagem ao Dia Internacional da Mulher, programada para \u00e0s 16h. [&hellip;]<\/p>\n","protected":false},"author":1,"featured_media":20535,"comment_status":"closed","ping_status":"open","sticky":false,"template":"","format":"standard","meta":{"_uag_custom_page_level_css":"","_monsterinsights_skip_tracking":false,"_monsterinsights_sitenote_active":false,"_monsterinsights_sitenote_note":"","_monsterinsights_sitenote_category":0,"jetpack_post_was_ever_published":false,"_jetpack_newsletter_access":"","_jetpack_dont_email_post_to_subs":false,"_jetpack_newsletter_tier_id":0,"_jetpack_memberships_contains_paywalled_content":false,"_jetpack_memberships_contains_paid_content":false,"footnotes":"","jetpack_publicize_message":"","jetpack_publicize_feature_enabled":true,"jetpack_social_post_already_shared":true,"jetpack_social_options":{"image_generator_settings":{"template":"highway","default_image_id":0,"font":"","enabled":false},"version":2}},"categories":[197],"tags":[],"class_list":["post-20534","post","type-post","status-publish","format-standard","has-post-thumbnail","hentry","category-politica"],"jetpack_publicize_connections":[],"jetpack_featured_media_url":"https:\/\/blogopara.com.br\/wp-content\/uploads\/2021\/03\/WhatsApp-Image-2021-03-07-at-19.13.26.jpeg","uagb_featured_image_src":{"full":["https:\/\/blogopara.com.br\/wp-content\/uploads\/2021\/03\/WhatsApp-Image-2021-03-07-at-19.13.26.jpeg",500,749,false],"thumbnail":["https:\/\/blogopara.com.br\/wp-content\/uploads\/2021\/03\/WhatsApp-Image-2021-03-07-at-19.13.26-150x150.jpeg",150,150,true],"medium":["https:\/\/blogopara.com.br\/wp-content\/uploads\/2021\/03\/WhatsApp-Image-2021-03-07-at-19.13.26-200x300.jpeg",200,300,true],"medium_large":["https:\/\/blogopara.com.br\/wp-content\/uploads\/2021\/03\/WhatsApp-Image-2021-03-07-at-19.13.26.jpeg",500,749,false],"large":["https:\/\/blogopara.com.br\/wp-content\/uploads\/2021\/03\/WhatsApp-Image-2021-03-07-at-19.13.26.jpeg",500,749,false],"1536x1536":["https:\/\/blogopara.com.br\/wp-content\/uploads\/2021\/03\/WhatsApp-Image-2021-03-07-at-19.13.26.jpeg",500,749,false],"2048x2048":["https:\/\/blogopara.com.br\/wp-content\/uploads\/2021\/03\/WhatsApp-Image-2021-03-07-at-19.13.26.jpeg",500,749,false],"mantranews-slider-large":["https:\/\/blogopara.com.br\/wp-content\/uploads\/2021\/03\/WhatsApp-Image-2021-03-07-at-19.13.26-500x741.jpeg",500,741,true],"mantranews-featured-medium":["https:\/\/blogopara.com.br\/wp-content\/uploads\/2021\/03\/WhatsApp-Image-2021-03-07-at-19.13.26-420x307.jpeg",420,307,true],"mantranews-featured-long":["https:\/\/blogopara.com.br\/wp-content\/uploads\/2021\/03\/WhatsApp-Image-2021-03-07-at-19.13.26-300x443.jpeg",300,443,true],"mantranews-block-medium":["https:\/\/blogopara.com.br\/wp-content\/uploads\/2021\/03\/WhatsApp-Image-2021-03-07-at-19.13.26-464x290.jpeg",464,290,true],"mantranews-carousel-image":["https:\/\/blogopara.com.br\/wp-content\/uploads\/2021\/03\/WhatsApp-Image-2021-03-07-at-19.13.26-500x500.jpeg",500,500,true],"mantranews-block-thumb":["https:\/\/blogopara.com.br\/wp-content\/uploads\/2021\/03\/WhatsApp-Image-2021-03-07-at-19.13.26-322x230.jpeg",322,230,true],"mantranews-single-large":["https:\/\/blogopara.com.br\/wp-content\/uploads\/2021\/03\/WhatsApp-Image-2021-03-07-at-19.13.26-500x642.jpeg",500,642,true]},"uagb_author_info":{"display_name":"Reda\u00e7\u00e3o geral","author_link":"https:\/\/blogopara.com.br\/index.php\/author\/blogopara"},"uagb_comment_info":0,"uagb_excerpt":"Em fun\u00e7\u00e3o da decis\u00e3o do Governador da Bahia, Rui Costa (PT), de decretar lockdown na regi\u00e3o norte do Estado, est\u00e3o suspensas as sess\u00f5es ordin\u00e1rias remotas da C\u00e2mara Municipal de Juazeiro programadas para acontecer nesta segunda (08) e ter\u00e7a (09), bem como a sess\u00e3o especial em homenagem ao Dia Internacional da Mulher, programada para \u00e0s 16h.&hellip;","jetpack_sharing_enabled":true,"jetpack_likes_enabled":true,"_links":{"self":[{"href":"https:\/\/blogopara.com.br\/index.php\/wp-json\/wp\/v2\/posts\/20534","targetHints":{"allow":["GET"]}}],"collection":[{"href":"https:\/\/blogopara.com.br\/index.php\/wp-json\/wp\/v2\/posts"}],"about":[{"href":"https:\/\/blogopara.com.br\/index.php\/wp-json\/wp\/v2\/types\/post"}],"author":[{"embeddable":true,"href":"https:\/\/blogopara.com.br\/index.php\/wp-json\/wp\/v2\/users\/1"}],"replies":[{"embeddable":true,"href":"https:\/\/blogopara.com.br\/index.php\/wp-json\/wp\/v2\/comments?post=20534"}],"version-history":[{"count":2,"href":"https:\/\/blogopara.com.br\/index.php\/wp-json\/wp\/v2\/posts\/20534\/revisions"}],"predecessor-version":[{"id":20538,"href":"https:\/\/blogopara.com.br\/index.php\/wp-json\/wp\/v2\/posts\/20534\/revisions\/20538"}],"wp:featuredmedia":[{"embeddable":true,"href":"https:\/\/blogopara.com.br\/index.php\/wp-json\/wp\/v2\/media\/20535"}],"wp:attachment":[{"href":"https:\/\/blogopara.com.br\/index.php\/wp-json\/wp\/v2\/media?parent=20534"}],"wp:term":[{"taxonomy":"category","embeddable":true,"href":"https:\/\/blogopara.com.br\/index.php\/wp-json\/wp\/v2\/categories?post=20534"},{"taxonomy":"post_tag","embeddable":true,"href":"https:\/\/blogopara.com.br\/index.php\/wp-json\/wp\/v2\/tags?post=20534"}],"curies":[{"name":"wp","href":"https:\/\/api.w.org\/{rel}","templated":true}]}}