{"id":20634,"date":"2021-03-09T15:09:56","date_gmt":"2021-03-09T18:09:56","guid":{"rendered":"http:\/\/blogopara.com.br\/?p=20634"},"modified":"2021-03-09T16:26:07","modified_gmt":"2021-03-09T19:26:07","slug":"morre-esposo-de-dona-carmem-que-procurou-o-blog-para-denunciar-descaso-e-que-hrj-apresentou-dois-laudos-diferentes-da-causa-morte","status":"publish","type":"post","link":"https:\/\/blogopara.com.br\/index.php\/2021\/03\/09\/morre-esposo-de-dona-carmem-que-procurou-o-blog-para-denunciar-descaso-e-que-hrj-apresentou-dois-laudos-diferentes-da-causa-morte","title":{"rendered":"Morre esposo de Dona Carmem que procurou o blog para denunciar descaso e  que HRJ apresentou dois laudos diferentes da causa morte"},"content":{"rendered":"<p style=\"text-align: center;\"><em>\u201cO Governador (Ruy Costa) precisa saber do descaso do HRJ\u201d, disse \u00e0 nossa reportagem <\/em><\/p>\n<p style=\"text-align: justify;\">H\u00e1 dias a dona de casa Carmem da Paz, popularmente conhecida por Carmem Mani\u00e7oba, moradora do Distrito vinha passando perrengue com seu esposo Belarmino Fernandes da Silva, de 49 anos de idade, hospitalizado no dia 19 de janeiro no Hospital Regional de Juazeiro com insufici\u00eancia pulmonar, onde ficou sob tratamento m\u00e9dico durante 45 dias, e a cada dia o estado de sa\u00fade dele se agrava. Ela explica que o paciente deu entrada na unidade hospitalar para tratamento de tuberculose cr\u00f4nica e insufici\u00eancia pulmonar, mas a equipe m\u00e9dica negligenciou quando no domingo (07), ele precisou de ser transferido para a sala vermelha, em fun\u00e7\u00e3o de necessitar de aparelhamento de oxig\u00eanio e os m\u00e9dicos o transferiram para o Hospital de Campanha, alegando que ele precisava de um ventilador mec\u00e2nico, mesmo os dois resultados realizados para Covid 19 atestando Negativo.<\/p>\n<p style=\"text-align: justify;\">De acordo com Dona Carmem, o descaso do HRJ ocasionou o \u00f3bito do seu esposo na tarde desta segunda (08), poucos minutos dela entrar em contato com nossa reportagem. \u201cAs pessoas est\u00e3o morrendo de outros problemas, e eles colocando que \u00e9 Covid, \u00e9 uma falta de respeito com as fam\u00edlias. Estou com o primeiro laudo emitido pelo Hospital que mostra que a causa morte foi insufici\u00eancia pulmonar e quando j\u00e1 est\u00e1vamos providenciando o vel\u00f3rio dele, recebemos a liga\u00e7\u00e3o da assistente social do HRJ que precisava emitir outro laudo, laudo este que foi modificado para a causa da morte de Covid. Um dado as 9h40 e o outro as 11h, estou com os dois em m\u00e3os\u201d, relata em v\u00eddeo enviado \u00e0 nossa reda\u00e7\u00e3o.<\/p>\n<p style=\"text-align: justify;\"><strong>Laudos\u00a0<\/strong><\/p>\n<p><!--more--><img loading=\"lazy\" decoding=\"async\" class=\"alignnone size-medium wp-image-20635\" src=\"https:\/\/blogopara.com.br\/wp-content\/uploads\/2021\/03\/2-225x300.jpg\" alt=\"\" width=\"225\" height=\"300\" srcset=\"https:\/\/blogopara.com.br\/wp-content\/uploads\/2021\/03\/2-225x300.jpg 225w, https:\/\/blogopara.com.br\/wp-content\/uploads\/2021\/03\/2.jpg 500w\" sizes=\"auto, (max-width: 225px) 100vw, 225px\" \/><img loading=\"lazy\" decoding=\"async\" class=\"alignnone size-medium wp-image-20636\" src=\"https:\/\/blogopara.com.br\/wp-content\/uploads\/2021\/03\/3-225x300.jpg\" alt=\"\" width=\"225\" height=\"300\" srcset=\"https:\/\/blogopara.com.br\/wp-content\/uploads\/2021\/03\/3-225x300.jpg 225w, https:\/\/blogopara.com.br\/wp-content\/uploads\/2021\/03\/3.jpg 500w\" sizes=\"auto, (max-width: 225px) 100vw, 225px\" \/><\/p>\n<p style=\"text-align: justify;\">Segundo ela, que esteve durante todo esse per\u00edodo de internamento do esposo acompanhada de familiares no HRJ, Belarmino foi transferido para a UTI Covid, quando deveria estar no Hospital para o tratamento de outra doen\u00e7a.\u00a0 Dona Carmem mostra os exames que atestam Negativo para Covid, e relata que solicitou a c\u00f3pia dos exames feitos na unidade de sa\u00fade, mas os m\u00e9dicos do HRJ, que alegam que ele foi acometido pelo v\u00edrus, por muito tempo negaram a apresenta\u00e7\u00e3o dos exames \u00e0 fam\u00edlia.<\/p>\n<p style=\"text-align: justify;\">Antes do falecimento do esposo, Dona Carmem havia mandado um apelo para nossa equipe de reportagem que dizia: \u201cN\u00f3s queremos que coloquem meu marido numa UTI normal, j\u00e1 que os exames que fizemos est\u00e1 dando negativo para o Covid, e se ele contraiu foi dentro do Hospital Regional e que nos provem que ele foi infectado pela doen\u00e7a. \u00c9 um absurdo vivermos isso em Juazeiro, e os profissionais de sa\u00fade ainda nos negam informa\u00e7\u00f5es enquanto presenciamos nossos parentes correndo risco de vida e sem podermos fazer nada. Imploro ajuda da imprensa, das autoridades, dos m\u00e9dicos e oro \u00e0 Deus que esse pesadelo passe e que meu marido saia vivo e n\u00e3o seja usado como est\u00e1 sendo, sem o devido tratamento pela doen\u00e7a que ele tem. V\u00e1rias fam\u00edlias podem estar passando pelo mesmo problema\u201d.<\/p>\n<p style=\"text-align: justify;\">N\u00e3o demorou muito tempo para ela receber a not\u00edcia do falecimento. \u201cN\u00f3s queremos mais humanidade e para onde eu puder ir pra que esse descaso n\u00e3o aconte\u00e7a mais dentro do Hospital Regional eu vou lutar n\u00e3o s\u00f3 pelo meu esposo, mas por todos que precisam de atendimento m\u00e9dico neste hospital, que chegue ao Governador (Ruy Costa) saiba do descaso do HRJ\u201d, conclui Dona Carmem.<\/p>\n<p style=\"text-align: justify;\"><strong>V\u00eddeo enviado por Dona Carmem<\/strong><\/p>\n<div style=\"width: 352px;\" class=\"wp-video\"><!--[if lt IE 9]><script>document.createElement('video');<\/script><![endif]-->\n<video class=\"wp-video-shortcode\" id=\"video-20634-1\" width=\"352\" height=\"640\" preload=\"metadata\" controls=\"controls\"><source type=\"video\/mp4\" src=\"https:\/\/blogopara.com.br\/wp-content\/uploads\/2021\/03\/Video-CarmemManicoba.mp4?_=1\" \/><a href=\"https:\/\/blogopara.com.br\/wp-content\/uploads\/2021\/03\/Video-CarmemManicoba.mp4\">https:\/\/blogopara.com.br\/wp-content\/uploads\/2021\/03\/Video-CarmemManicoba.mp4<\/a><\/video><\/div>\n<p style=\"text-align: justify;\"><em>Da Reda\u00e7\u00e3o<\/em><\/p>\n<p style=\"text-align: justify;\">\n","protected":false},"excerpt":{"rendered":"<p>\u201cO Governador (Ruy Costa) precisa saber do descaso do HRJ\u201d, disse \u00e0 nossa reportagem H\u00e1 dias a dona de casa Carmem da Paz, popularmente conhecida por Carmem Mani\u00e7oba, moradora do Distrito vinha passando perrengue com seu esposo Belarmino Fernandes da Silva, de 49 anos de idade, hospitalizado no dia 19 de janeiro no Hospital Regional [&hellip;]<\/p>\n","protected":false},"author":1,"featured_media":20637,"comment_status":"closed","ping_status":"open","sticky":false,"template":"","format":"standard","meta":{"_uag_custom_page_level_css":"","_monsterinsights_skip_tracking":false,"_monsterinsights_sitenote_active":false,"_monsterinsights_sitenote_note":"","_monsterinsights_sitenote_category":0,"jetpack_post_was_ever_published":false,"_jetpack_newsletter_access":"","_jetpack_dont_email_post_to_subs":false,"_jetpack_newsletter_tier_id":0,"_jetpack_memberships_contains_paywalled_content":false,"_jetpack_memberships_contains_paid_content":false,"footnotes":"","jetpack_publicize_message":"","jetpack_publicize_feature_enabled":true,"jetpack_social_post_already_shared":true,"jetpack_social_options":{"image_generator_settings":{"template":"highway","default_image_id":0,"font":"","enabled":false},"version":2}},"categories":[207,203,205],"tags":[784,2123],"class_list":["post-20634","post","type-post","status-publish","format-standard","has-post-thumbnail","hentry","category-denuncia","category-juazeiro","category-saude","tag-denuncia","tag-hospital-regional-de-juazeiro"],"jetpack_publicize_connections":[],"jetpack_featured_media_url":"https:\/\/blogopara.com.br\/wp-content\/uploads\/2021\/03\/4.jpg","uagb_featured_image_src":{"full":["https:\/\/blogopara.com.br\/wp-content\/uploads\/2021\/03\/4.jpg",500,375,false],"thumbnail":["https:\/\/blogopara.com.br\/wp-content\/uploads\/2021\/03\/4-150x150.jpg",150,150,true],"medium":["https:\/\/blogopara.com.br\/wp-content\/uploads\/2021\/03\/4-300x225.jpg",300,225,true],"medium_large":["https:\/\/blogopara.com.br\/wp-content\/uploads\/2021\/03\/4.jpg",500,375,false],"large":["https:\/\/blogopara.com.br\/wp-content\/uploads\/2021\/03\/4.jpg",500,375,false],"1536x1536":["https:\/\/blogopara.com.br\/wp-content\/uploads\/2021\/03\/4.jpg",500,375,false],"2048x2048":["https:\/\/blogopara.com.br\/wp-content\/uploads\/2021\/03\/4.jpg",500,375,false],"mantranews-slider-large":["https:\/\/blogopara.com.br\/wp-content\/uploads\/2021\/03\/4.jpg",500,375,false],"mantranews-featured-medium":["https:\/\/blogopara.com.br\/wp-content\/uploads\/2021\/03\/4-420x307.jpg",420,307,true],"mantranews-featured-long":["https:\/\/blogopara.com.br\/wp-content\/uploads\/2021\/03\/4-300x375.jpg",300,375,true],"mantranews-block-medium":["https:\/\/blogopara.com.br\/wp-content\/uploads\/2021\/03\/4-464x290.jpg",464,290,true],"mantranews-carousel-image":["https:\/\/blogopara.com.br\/wp-content\/uploads\/2021\/03\/4.jpg",500,375,false],"mantranews-block-thumb":["https:\/\/blogopara.com.br\/wp-content\/uploads\/2021\/03\/4-322x230.jpg",322,230,true],"mantranews-single-large":["https:\/\/blogopara.com.br\/wp-content\/uploads\/2021\/03\/4.jpg",500,375,false]},"uagb_author_info":{"display_name":"Reda\u00e7\u00e3o geral","author_link":"https:\/\/blogopara.com.br\/index.php\/author\/blogopara"},"uagb_comment_info":0,"uagb_excerpt":"\u201cO Governador (Ruy Costa) precisa saber do descaso do HRJ\u201d, disse \u00e0 nossa reportagem H\u00e1 dias a dona de casa Carmem da Paz, popularmente conhecida por Carmem Mani\u00e7oba, moradora do Distrito vinha passando perrengue com seu esposo Belarmino Fernandes da Silva, de 49 anos de idade, hospitalizado no dia 19 de janeiro no Hospital Regional&hellip;","jetpack_sharing_enabled":true,"jetpack_likes_enabled":true,"_links":{"self":[{"href":"https:\/\/blogopara.com.br\/index.php\/wp-json\/wp\/v2\/posts\/20634","targetHints":{"allow":["GET"]}}],"collection":[{"href":"https:\/\/blogopara.com.br\/index.php\/wp-json\/wp\/v2\/posts"}],"about":[{"href":"https:\/\/blogopara.com.br\/index.php\/wp-json\/wp\/v2\/types\/post"}],"author":[{"embeddable":true,"href":"https:\/\/blogopara.com.br\/index.php\/wp-json\/wp\/v2\/users\/1"}],"replies":[{"embeddable":true,"href":"https:\/\/blogopara.com.br\/index.php\/wp-json\/wp\/v2\/comments?post=20634"}],"version-history":[{"count":1,"href":"https:\/\/blogopara.com.br\/index.php\/wp-json\/wp\/v2\/posts\/20634\/revisions"}],"predecessor-version":[{"id":20639,"href":"https:\/\/blogopara.com.br\/index.php\/wp-json\/wp\/v2\/posts\/20634\/revisions\/20639"}],"wp:featuredmedia":[{"embeddable":true,"href":"https:\/\/blogopara.com.br\/index.php\/wp-json\/wp\/v2\/media\/20637"}],"wp:attachment":[{"href":"https:\/\/blogopara.com.br\/index.php\/wp-json\/wp\/v2\/media?parent=20634"}],"wp:term":[{"taxonomy":"category","embeddable":true,"href":"https:\/\/blogopara.com.br\/index.php\/wp-json\/wp\/v2\/categories?post=20634"},{"taxonomy":"post_tag","embeddable":true,"href":"https:\/\/blogopara.com.br\/index.php\/wp-json\/wp\/v2\/tags?post=20634"}],"curies":[{"name":"wp","href":"https:\/\/api.w.org\/{rel}","templated":true}]}}