{"id":20647,"date":"2021-03-09T17:20:00","date_gmt":"2021-03-09T20:20:00","guid":{"rendered":"http:\/\/blogopara.com.br\/?p=20647"},"modified":"2021-03-09T16:54:43","modified_gmt":"2021-03-09T19:54:43","slug":"cmj-recebe-visita-do-cref-para-conhecer-o-pl-que-pretende-reconhecer-as-academias-como-servico-essencial","status":"publish","type":"post","link":"https:\/\/blogopara.com.br\/index.php\/2021\/03\/09\/cmj-recebe-visita-do-cref-para-conhecer-o-pl-que-pretende-reconhecer-as-academias-como-servico-essencial","title":{"rendered":"CMJ recebe visita do CREF para conhecer o PL que pretende reconhecer as academias como servi\u00e7o essencial"},"content":{"rendered":"<p style=\"text-align: justify;\">O presidente da C\u00e2mara de Vereadores de Juazeiro, Berg da Carna\u00edba, recebeu ,na manh\u00e3 desta ter\u00e7a-feira (09), o presidente do Conselho Regional de Educa\u00e7\u00e3o F\u00edsica da 13\u00aa Regi\u00e3o (CREF), Rog\u00e9rio Mora, para conversar sobre\u00a0 o Projeto de Lei n\u00ba 3660\/2021 que tramitar\u00e1 na Casa visando reconhecer as academias como servi\u00e7o essencial em tempos de crises ocasionadas pela pandemia do Novo Coronav\u00edrus (Covid 19).<\/p>\n<p style=\"text-align: justify;\">O Projeto de Lei do Legislativo, proposto pelo presidente Berg da Carna\u00edba, e os colegas vereadores Cl\u00e9sio Alexandre de Carvalho e Lourival Quirino, reconhece a pr\u00e1tica da atividade f\u00edsica e do exerc\u00edcio f\u00edsico essenciais desde que ministrados por um profissional de educa\u00e7\u00e3o f\u00edsica credenciado e realizado em estabelecimentos prestadores de servi\u00e7os destinados ao exerc\u00edcio f\u00edsico, bem como em espa\u00e7os p\u00fablicos, que cumpram as normas sanit\u00e1rias exigidas de combate ao v\u00edrus.<\/p>\n<p style=\"text-align: justify;\">Os vereadores reconhecem que a pr\u00e1tica da atividade f\u00edsica e do exerc\u00edcio f\u00edsico s\u00e3o essenciais \u00e0 sa\u00fade e a popula\u00e7\u00e3o de Juazeiro podendo ser realizado em estabelecimentos prestadores de servi\u00e7os que cumprirem com as normas de seguran\u00e7a sanit\u00e1ria e dever\u00e3o ser fiscalizados pelos \u00f3rg\u00e3os municipais e estaduais de vigil\u00e2ncia sanit\u00e1ria para garantia do cumprimentos das regras.<\/p>\n<p style=\"text-align: justify;\">\u201cVale ressaltar que essa medida era para garantir a atividade f\u00edsica e exerc\u00edcio f\u00edsico ministrado por profissionais diplomados e habilitados junto ao Conselho Regional da categoria, o Projeto de Lei ser\u00e1 debatido e apreciado na pr\u00f3xima sess\u00e3o remota que ser\u00e1 divulgado brevemente\u201d, informa o presidente Berg.<\/p>\n<p style=\"text-align: justify;\">Rog\u00e9rio Moura, presidente do CREF, ressaltou a import\u00e2ncia de um Projeto de Lei como esse com fundamentos, motivos e crit\u00e9rios cient\u00edficos e t\u00e9cnicos embasadores, que demonstram a import\u00e2ncia da atividade f\u00edsica \u00e0 sa\u00fade. \u201cApoiamos o PL em toda a Bahia e ficamos surpresos que Juazeiro j\u00e1 existia o PL para a reabertura das academias com o crit\u00e9rio de obedecer todas as normas estabelecidas pela Organiza\u00e7\u00e3o Mundial de Sa\u00fade. Parabenizamos e agradecemos a todos os vereadores de Juazeiro\u201d, frisou.<\/p>\n<p>V\u00eddeo de Rog\u00e9rio Moura, presidente do CREFBA<\/p>\n<div style=\"width: 640px;\" class=\"wp-video\"><!--[if lt IE 9]><script>document.createElement('video');<\/script><![endif]-->\n<video class=\"wp-video-shortcode\" id=\"video-20647-1\" width=\"640\" height=\"352\" preload=\"metadata\" controls=\"controls\"><source type=\"video\/mp4\" src=\"https:\/\/blogopara.com.br\/wp-content\/uploads\/2021\/03\/Rogerio-Moura-CREF.mp4?_=1\" \/><a href=\"https:\/\/blogopara.com.br\/wp-content\/uploads\/2021\/03\/Rogerio-Moura-CREF.mp4\">https:\/\/blogopara.com.br\/wp-content\/uploads\/2021\/03\/Rogerio-Moura-CREF.mp4<\/a><\/video><\/div>\n<p style=\"text-align: justify;\"><em>M\u00f4nia Ramos Jornalista<\/em><\/p>\n<p style=\"text-align: justify;\"><em>Assessoria da Presid\u00eancia da CMJ<\/em><\/p>\n","protected":false},"excerpt":{"rendered":"<p>O presidente da C\u00e2mara de Vereadores de Juazeiro, Berg da Carna\u00edba, recebeu ,na manh\u00e3 desta ter\u00e7a-feira (09), o presidente do Conselho Regional de Educa\u00e7\u00e3o F\u00edsica da 13\u00aa Regi\u00e3o (CREF), Rog\u00e9rio Mora, para conversar sobre\u00a0 o Projeto de Lei n\u00ba 3660\/2021 que tramitar\u00e1 na Casa visando reconhecer as academias como servi\u00e7o essencial em tempos de crises [&hellip;]<\/p>\n","protected":false},"author":1,"featured_media":20649,"comment_status":"closed","ping_status":"open","sticky":false,"template":"","format":"standard","meta":{"_uag_custom_page_level_css":"","_monsterinsights_skip_tracking":false,"_monsterinsights_sitenote_active":false,"_monsterinsights_sitenote_note":"","_monsterinsights_sitenote_category":0,"jetpack_post_was_ever_published":false,"_jetpack_newsletter_access":"","_jetpack_dont_email_post_to_subs":false,"_jetpack_newsletter_tier_id":0,"_jetpack_memberships_contains_paywalled_content":false,"_jetpack_memberships_contains_paid_content":false,"footnotes":"","jetpack_publicize_message":"","jetpack_publicize_feature_enabled":true,"jetpack_social_post_already_shared":true,"jetpack_social_options":{"image_generator_settings":{"template":"highway","default_image_id":0,"font":"","enabled":false},"version":2}},"categories":[199,203,197],"tags":[2126,2124,2125],"class_list":["post-20647","post","type-post","status-publish","format-standard","has-post-thumbnail","hentry","category-bahia","category-juazeiro","category-politica","tag-camara-de-vereadores-de-juazeiro-2","tag-crefba","tag-educadores-fisicos"],"jetpack_publicize_connections":[],"jetpack_featured_media_url":"https:\/\/blogopara.com.br\/wp-content\/uploads\/2021\/03\/foto-reuniao-CREF.jpg","uagb_featured_image_src":{"full":["https:\/\/blogopara.com.br\/wp-content\/uploads\/2021\/03\/foto-reuniao-CREF.jpg",1040,780,false],"thumbnail":["https:\/\/blogopara.com.br\/wp-content\/uploads\/2021\/03\/foto-reuniao-CREF-150x150.jpg",150,150,true],"medium":["https:\/\/blogopara.com.br\/wp-content\/uploads\/2021\/03\/foto-reuniao-CREF-300x225.jpg",300,225,true],"medium_large":["https:\/\/blogopara.com.br\/wp-content\/uploads\/2021\/03\/foto-reuniao-CREF-768x576.jpg",640,480,true],"large":["https:\/\/blogopara.com.br\/wp-content\/uploads\/2021\/03\/foto-reuniao-CREF-1024x768.jpg",640,480,true],"1536x1536":["https:\/\/blogopara.com.br\/wp-content\/uploads\/2021\/03\/foto-reuniao-CREF.jpg",1040,780,false],"2048x2048":["https:\/\/blogopara.com.br\/wp-content\/uploads\/2021\/03\/foto-reuniao-CREF.jpg",1040,780,false],"mantranews-slider-large":["https:\/\/blogopara.com.br\/wp-content\/uploads\/2021\/03\/foto-reuniao-CREF-1020x741.jpg",1020,741,true],"mantranews-featured-medium":["https:\/\/blogopara.com.br\/wp-content\/uploads\/2021\/03\/foto-reuniao-CREF-420x307.jpg",420,307,true],"mantranews-featured-long":["https:\/\/blogopara.com.br\/wp-content\/uploads\/2021\/03\/foto-reuniao-CREF-300x443.jpg",300,443,true],"mantranews-block-medium":["https:\/\/blogopara.com.br\/wp-content\/uploads\/2021\/03\/foto-reuniao-CREF-464x290.jpg",464,290,true],"mantranews-carousel-image":["https:\/\/blogopara.com.br\/wp-content\/uploads\/2021\/03\/foto-reuniao-CREF-600x500.jpg",600,500,true],"mantranews-block-thumb":["https:\/\/blogopara.com.br\/wp-content\/uploads\/2021\/03\/foto-reuniao-CREF-322x230.jpg",322,230,true],"mantranews-single-large":["https:\/\/blogopara.com.br\/wp-content\/uploads\/2021\/03\/foto-reuniao-CREF-1040x642.jpg",1040,642,true]},"uagb_author_info":{"display_name":"Reda\u00e7\u00e3o geral","author_link":"https:\/\/blogopara.com.br\/index.php\/author\/blogopara"},"uagb_comment_info":0,"uagb_excerpt":"O presidente da C\u00e2mara de Vereadores de Juazeiro, Berg da Carna\u00edba, recebeu ,na manh\u00e3 desta ter\u00e7a-feira (09), o presidente do Conselho Regional de Educa\u00e7\u00e3o F\u00edsica da 13\u00aa Regi\u00e3o (CREF), Rog\u00e9rio Mora, para conversar sobre\u00a0 o Projeto de Lei n\u00ba 3660\/2021 que tramitar\u00e1 na Casa visando reconhecer as academias como servi\u00e7o essencial em tempos de crises&hellip;","jetpack_sharing_enabled":true,"jetpack_likes_enabled":true,"_links":{"self":[{"href":"https:\/\/blogopara.com.br\/index.php\/wp-json\/wp\/v2\/posts\/20647","targetHints":{"allow":["GET"]}}],"collection":[{"href":"https:\/\/blogopara.com.br\/index.php\/wp-json\/wp\/v2\/posts"}],"about":[{"href":"https:\/\/blogopara.com.br\/index.php\/wp-json\/wp\/v2\/types\/post"}],"author":[{"embeddable":true,"href":"https:\/\/blogopara.com.br\/index.php\/wp-json\/wp\/v2\/users\/1"}],"replies":[{"embeddable":true,"href":"https:\/\/blogopara.com.br\/index.php\/wp-json\/wp\/v2\/comments?post=20647"}],"version-history":[{"count":1,"href":"https:\/\/blogopara.com.br\/index.php\/wp-json\/wp\/v2\/posts\/20647\/revisions"}],"predecessor-version":[{"id":20650,"href":"https:\/\/blogopara.com.br\/index.php\/wp-json\/wp\/v2\/posts\/20647\/revisions\/20650"}],"wp:featuredmedia":[{"embeddable":true,"href":"https:\/\/blogopara.com.br\/index.php\/wp-json\/wp\/v2\/media\/20649"}],"wp:attachment":[{"href":"https:\/\/blogopara.com.br\/index.php\/wp-json\/wp\/v2\/media?parent=20647"}],"wp:term":[{"taxonomy":"category","embeddable":true,"href":"https:\/\/blogopara.com.br\/index.php\/wp-json\/wp\/v2\/categories?post=20647"},{"taxonomy":"post_tag","embeddable":true,"href":"https:\/\/blogopara.com.br\/index.php\/wp-json\/wp\/v2\/tags?post=20647"}],"curies":[{"name":"wp","href":"https:\/\/api.w.org\/{rel}","templated":true}]}}