{"id":20678,"date":"2021-03-10T10:39:00","date_gmt":"2021-03-10T13:39:00","guid":{"rendered":"http:\/\/blogopara.com.br\/?p=20678"},"modified":"2021-03-10T00:46:56","modified_gmt":"2021-03-10T03:46:56","slug":"prefeita-suzana-informa-governador-rui-costa-sobre-a-situacao-de-juazeiro-frente-ao-comercio-aberto-de-petrolina-pe","status":"publish","type":"post","link":"https:\/\/blogopara.com.br\/index.php\/2021\/03\/10\/prefeita-suzana-informa-governador-rui-costa-sobre-a-situacao-de-juazeiro-frente-ao-comercio-aberto-de-petrolina-pe","title":{"rendered":"Prefeita Suzana informa Governador Rui Costa sobre a situa\u00e7\u00e3o de Juazeiro frente ao com\u00e9rcio aberto de Petrolina (PE)"},"content":{"rendered":"<p dir=\"ltr\" style=\"text-align: justify;\"><em>Atividades comerciais em Juazeiro voltam a funcionar nesta quarta-feira<\/em><\/p>\n<p dir=\"ltr\" style=\"text-align: justify;\">As atividades comerciais em Juazeiro voltam a funcionar normalmente nesta quarta-feira (10), ap\u00f3s decreto do governo do estado que instituiu medidas mais restritivas na cidade nos \u00faltimos dois dias, por conta da pandemia da Covid-19. O an\u00fancio foi feito pelo governador Rui Costa, na noite desta ter\u00e7a-feira (9), durante reuni\u00e3o virtual com a prefeita Suzana Ramos e gestores de outros 19 munic\u00edpios do Norte da Bahia.\u00a0<\/p>\n<p dir=\"ltr\" style=\"text-align: justify;\">Durante a reuni\u00e3o Suzana e os demais prefeitos, juntamente com o chefe do Executivo Estadual, avaliaram a situa\u00e7\u00e3o da Covid-19 na regi\u00e3o. A prefeita de Juazeiro explicou ao governador a situa\u00e7\u00e3o particular do munic\u00edpio, que faz divisa com o munic\u00edpio de Petrolina-PE e, enquanto a vizinha cidade n\u00e3o participa de uma medida mais restritiva, Juazeiro at\u00e9 o momento seguia com o com\u00e9rcio fechado.<\/p>\n<p dir=\"ltr\" style=\"text-align: justify;\">Ap\u00f3s ouvir a opini\u00e3o de outros prefeitos, o governador Rui Costa decidiu n\u00e3o prorrogar o decreto de lockdown na regi\u00e3o Norte. Com isso, com\u00e9rcio e servi\u00e7os voltam a funcionar nesta quarta at\u00e9 a sexta-feira (12), permanecendo fechados aos s\u00e1bados e domingos. O toque de recolher do estado continua vigorando das 20h \u00e0s 5h at\u00e9 o dia 1\u00ba de abril.<\/p>\n<p dir=\"ltr\" style=\"text-align: justify;\">\u201cEu continuo preocupada com a situa\u00e7\u00e3o do com\u00e9rcio, mas muito mais com a sa\u00fade dos moradores de Juazeiro. N\u00e3o estamos medindo esfor\u00e7os no enfrentamento da Covid-19 e tamb\u00e9m estamos tentando evitar o menor preju\u00edzo poss\u00edvel para as atividades econ\u00f4micas. Mas n\u00f3s tamb\u00e9m contamos com a colabora\u00e7\u00e3o da popula\u00e7\u00e3o, pedimos que continuem com as medidas de prote\u00e7\u00e3o que aprendemos h\u00e1 um ano\u201d, declarou Suzana Ramos.<\/p>\n<p dir=\"ltr\" style=\"text-align: justify;\">Reavalia\u00e7\u00e3o<\/p>\n<p dir=\"ltr\" style=\"text-align: justify;\">At\u00e9 o pr\u00f3ximo domingo (14) Rui Costa dever\u00e1 reavaliar a necessidade ou n\u00e3o de decretar um novo lockdown, a depender da evolu\u00e7\u00e3o do quadro do novo coronav\u00edrus no Norte da Bahia.<\/p>\n\n\n<p>Da Reda\u00e7\u00e3o com informa\u00e7\u00f5es da ASCOM PMJ.<\/p>\n","protected":false},"excerpt":{"rendered":"<p>Atividades comerciais em Juazeiro voltam a funcionar nesta quarta-feira As atividades comerciais em Juazeiro voltam a funcionar normalmente nesta quarta-feira (10), ap\u00f3s decreto do governo do estado que instituiu medidas mais restritivas na cidade nos \u00faltimos dois dias, por conta da pandemia da Covid-19. O an\u00fancio foi feito pelo governador Rui Costa, na noite desta [&hellip;]<\/p>\n","protected":false},"author":1,"featured_media":20679,"comment_status":"closed","ping_status":"open","sticky":false,"template":"","format":"standard","meta":{"_uag_custom_page_level_css":"","_monsterinsights_skip_tracking":false,"_monsterinsights_sitenote_active":false,"_monsterinsights_sitenote_note":"","_monsterinsights_sitenote_category":0,"jetpack_post_was_ever_published":false,"_jetpack_newsletter_access":"","_jetpack_dont_email_post_to_subs":false,"_jetpack_newsletter_tier_id":0,"_jetpack_memberships_contains_paywalled_content":false,"_jetpack_memberships_contains_paid_content":false,"footnotes":"","jetpack_publicize_message":"","jetpack_publicize_feature_enabled":true,"jetpack_social_post_already_shared":true,"jetpack_social_options":{"image_generator_settings":{"template":"highway","default_image_id":0,"font":"","enabled":false},"version":2}},"categories":[1624],"tags":[1516,9,1496,58],"class_list":["post-20678","post","type-post","status-publish","format-standard","has-post-thumbnail","hentry","category-covid-19","tag-comercio","tag-juazeiro","tag-lockdown","tag-petrolina"],"jetpack_publicize_connections":[],"jetpack_featured_media_url":"https:\/\/blogopara.com.br\/wp-content\/uploads\/2021\/03\/Reuniao-Virtual09.03.jpg","uagb_featured_image_src":{"full":["https:\/\/blogopara.com.br\/wp-content\/uploads\/2021\/03\/Reuniao-Virtual09.03.jpg",500,375,false],"thumbnail":["https:\/\/blogopara.com.br\/wp-content\/uploads\/2021\/03\/Reuniao-Virtual09.03-150x150.jpg",150,150,true],"medium":["https:\/\/blogopara.com.br\/wp-content\/uploads\/2021\/03\/Reuniao-Virtual09.03-300x225.jpg",300,225,true],"medium_large":["https:\/\/blogopara.com.br\/wp-content\/uploads\/2021\/03\/Reuniao-Virtual09.03.jpg",500,375,false],"large":["https:\/\/blogopara.com.br\/wp-content\/uploads\/2021\/03\/Reuniao-Virtual09.03.jpg",500,375,false],"1536x1536":["https:\/\/blogopara.com.br\/wp-content\/uploads\/2021\/03\/Reuniao-Virtual09.03.jpg",500,375,false],"2048x2048":["https:\/\/blogopara.com.br\/wp-content\/uploads\/2021\/03\/Reuniao-Virtual09.03.jpg",500,375,false],"mantranews-slider-large":["https:\/\/blogopara.com.br\/wp-content\/uploads\/2021\/03\/Reuniao-Virtual09.03.jpg",500,375,false],"mantranews-featured-medium":["https:\/\/blogopara.com.br\/wp-content\/uploads\/2021\/03\/Reuniao-Virtual09.03-420x307.jpg",420,307,true],"mantranews-featured-long":["https:\/\/blogopara.com.br\/wp-content\/uploads\/2021\/03\/Reuniao-Virtual09.03-300x375.jpg",300,375,true],"mantranews-block-medium":["https:\/\/blogopara.com.br\/wp-content\/uploads\/2021\/03\/Reuniao-Virtual09.03-464x290.jpg",464,290,true],"mantranews-carousel-image":["https:\/\/blogopara.com.br\/wp-content\/uploads\/2021\/03\/Reuniao-Virtual09.03.jpg",500,375,false],"mantranews-block-thumb":["https:\/\/blogopara.com.br\/wp-content\/uploads\/2021\/03\/Reuniao-Virtual09.03-322x230.jpg",322,230,true],"mantranews-single-large":["https:\/\/blogopara.com.br\/wp-content\/uploads\/2021\/03\/Reuniao-Virtual09.03.jpg",500,375,false]},"uagb_author_info":{"display_name":"Reda\u00e7\u00e3o geral","author_link":"https:\/\/blogopara.com.br\/index.php\/author\/blogopara"},"uagb_comment_info":0,"uagb_excerpt":"Atividades comerciais em Juazeiro voltam a funcionar nesta quarta-feira As atividades comerciais em Juazeiro voltam a funcionar normalmente nesta quarta-feira (10), ap\u00f3s decreto do governo do estado que instituiu medidas mais restritivas na cidade nos \u00faltimos dois dias, por conta da pandemia da Covid-19. O an\u00fancio foi feito pelo governador Rui Costa, na noite desta&hellip;","jetpack_sharing_enabled":true,"jetpack_likes_enabled":true,"_links":{"self":[{"href":"https:\/\/blogopara.com.br\/index.php\/wp-json\/wp\/v2\/posts\/20678","targetHints":{"allow":["GET"]}}],"collection":[{"href":"https:\/\/blogopara.com.br\/index.php\/wp-json\/wp\/v2\/posts"}],"about":[{"href":"https:\/\/blogopara.com.br\/index.php\/wp-json\/wp\/v2\/types\/post"}],"author":[{"embeddable":true,"href":"https:\/\/blogopara.com.br\/index.php\/wp-json\/wp\/v2\/users\/1"}],"replies":[{"embeddable":true,"href":"https:\/\/blogopara.com.br\/index.php\/wp-json\/wp\/v2\/comments?post=20678"}],"version-history":[{"count":1,"href":"https:\/\/blogopara.com.br\/index.php\/wp-json\/wp\/v2\/posts\/20678\/revisions"}],"predecessor-version":[{"id":20680,"href":"https:\/\/blogopara.com.br\/index.php\/wp-json\/wp\/v2\/posts\/20678\/revisions\/20680"}],"wp:featuredmedia":[{"embeddable":true,"href":"https:\/\/blogopara.com.br\/index.php\/wp-json\/wp\/v2\/media\/20679"}],"wp:attachment":[{"href":"https:\/\/blogopara.com.br\/index.php\/wp-json\/wp\/v2\/media?parent=20678"}],"wp:term":[{"taxonomy":"category","embeddable":true,"href":"https:\/\/blogopara.com.br\/index.php\/wp-json\/wp\/v2\/categories?post=20678"},{"taxonomy":"post_tag","embeddable":true,"href":"https:\/\/blogopara.com.br\/index.php\/wp-json\/wp\/v2\/tags?post=20678"}],"curies":[{"name":"wp","href":"https:\/\/api.w.org\/{rel}","templated":true}]}}