{"id":20699,"date":"2021-03-11T13:50:00","date_gmt":"2021-03-11T16:50:00","guid":{"rendered":"http:\/\/blogopara.com.br\/?p=20699"},"modified":"2021-03-10T17:11:52","modified_gmt":"2021-03-10T20:11:52","slug":"utilidade-publica-novo-posto-de-vacinacao-contra-a-covid-19-vai-funcionar-no-jua-garden-shopping-a-partir-desta-quinta-feira-11","status":"publish","type":"post","link":"https:\/\/blogopara.com.br\/index.php\/2021\/03\/11\/utilidade-publica-novo-posto-de-vacinacao-contra-a-covid-19-vai-funcionar-no-jua-garden-shopping-a-partir-desta-quinta-feira-11","title":{"rendered":"Utilidade P\u00fablica: Novo posto de vacina\u00e7\u00e3o contra a Covid -19 vai funcionar no Ju\u00e1 Garden Shopping a partir desta quinta-feira (11)"},"content":{"rendered":"<p style=\"text-align: justify;\">A partir de hoje (11), o Ju\u00e1 Garden Shopping ser\u00e1 ponto de vacina\u00e7\u00e3o contra a Covid-19. Numa parceria com a Prefeitura de Juazeiro, um posto de vacina\u00e7\u00e3o vai funcionar no Piso 1, das 10h \u00e0s 16h30.<\/p>\n<p style=\"text-align: justify;\">O novo posto vai atender idosos acima de 77 anos, especialmente dos bairros Itaberaba, Tabuleiro, Antonio Guilhermino, Residencial Juazeiro e idosos que estejam no mercado do produtor.<\/p>\n<p style=\"text-align: justify;\">\u201cN\u00f3s vamos ficar com esse ponto fixo no Ju\u00e1 Garden Shopping e pedimos que a popula\u00e7\u00e3o procure o local para se vacinar. E os idosos acima de 77 anos que n\u00e3o podem sair de casa, que as fam\u00edlias entrem em contato com a UBS para que possamos enviar nossas equipes volantes\u201d, explicou a superintendente de Aten\u00e7\u00e3o B\u00e1sica de Juazeiro, Mar\u00edlia Andrada.<\/p>\n<p style=\"text-align: justify;\">A Secretaria de Sa\u00fade (Sesau) ampliou os postos estrat\u00e9gicos de vacina\u00e7\u00e3o para alcan\u00e7ar o p\u00fablico-alvo com mais agilidade. Al\u00e9m das unidades do Quid\u00e9, Alto da Alian\u00e7a,\u00a0 Jo\u00e3o Paulo II\u00a0 e Alto da Maravilha, tamb\u00e9m est\u00e3o\u00a0 com vacina\u00e7\u00e3o de idosos contra a Covid-19, as unidades\u00a0 do Dom Jos\u00e9 Rodrigues, S\u00e3o Geraldo, Vila Jacar\u00e9, Jardim Fl\u00f3rida e\u00a0 CSU. As UBS\u2019s do Tabuleiro e Itaberaba estar\u00e3o vacinando todos os dias.<\/p>\n<p style=\"text-align: justify;\">Todas as unidades\u00a0 funcionar\u00e3o das 8h \u00e0s 12h e das 13h30 \u00e0s 17h.<\/p>\n<p style=\"text-align: justify;\"><strong>Interior<\/strong><\/p>\n<p style=\"text-align: justify;\">No interior de Juazeiro a vacina\u00e7\u00e3o dos idosos acima de 77 acontece em todas as unidades, das 9h \u00e0s 12h. \u00c9 preciso levar o cart\u00e3o de vacina, o CPF, o comprovante de resid\u00eancia e o cart\u00e3o do SUS do idoso.<\/p>\n","protected":false},"excerpt":{"rendered":"<p>A partir de hoje (11), o Ju\u00e1 Garden Shopping ser\u00e1 ponto de vacina\u00e7\u00e3o contra a Covid-19. Numa parceria com a Prefeitura de Juazeiro, um posto de vacina\u00e7\u00e3o vai funcionar no Piso 1, das 10h \u00e0s 16h30. O novo posto vai atender idosos acima de 77 anos, especialmente dos bairros Itaberaba, Tabuleiro, Antonio Guilhermino, Residencial Juazeiro [&hellip;]<\/p>\n","protected":false},"author":1,"featured_media":20700,"comment_status":"closed","ping_status":"open","sticky":false,"template":"","format":"standard","meta":{"_uag_custom_page_level_css":"","_monsterinsights_skip_tracking":false,"_monsterinsights_sitenote_active":false,"_monsterinsights_sitenote_note":"","_monsterinsights_sitenote_category":0,"jetpack_post_was_ever_published":false,"_jetpack_newsletter_access":"","_jetpack_dont_email_post_to_subs":false,"_jetpack_newsletter_tier_id":0,"_jetpack_memberships_contains_paywalled_content":false,"_jetpack_memberships_contains_paid_content":false,"footnotes":"","jetpack_publicize_message":"","jetpack_publicize_feature_enabled":true,"jetpack_social_post_already_shared":true,"jetpack_social_options":{"image_generator_settings":{"template":"highway","default_image_id":0,"font":"","enabled":false},"version":2}},"categories":[1624],"tags":[1483,2149,2150],"class_list":["post-20699","post","type-post","status-publish","format-standard","has-post-thumbnail","hentry","category-covid-19","tag-covid-19","tag-jua-garden-shopping","tag-posto-de-vacinacao"],"jetpack_publicize_connections":[],"jetpack_featured_media_url":"https:\/\/blogopara.com.br\/wp-content\/uploads\/2021\/03\/Vacinacao10.03.jpg","uagb_featured_image_src":{"full":["https:\/\/blogopara.com.br\/wp-content\/uploads\/2021\/03\/Vacinacao10.03.jpg",500,333,false],"thumbnail":["https:\/\/blogopara.com.br\/wp-content\/uploads\/2021\/03\/Vacinacao10.03-150x150.jpg",150,150,true],"medium":["https:\/\/blogopara.com.br\/wp-content\/uploads\/2021\/03\/Vacinacao10.03-300x200.jpg",300,200,true],"medium_large":["https:\/\/blogopara.com.br\/wp-content\/uploads\/2021\/03\/Vacinacao10.03.jpg",500,333,false],"large":["https:\/\/blogopara.com.br\/wp-content\/uploads\/2021\/03\/Vacinacao10.03.jpg",500,333,false],"1536x1536":["https:\/\/blogopara.com.br\/wp-content\/uploads\/2021\/03\/Vacinacao10.03.jpg",500,333,false],"2048x2048":["https:\/\/blogopara.com.br\/wp-content\/uploads\/2021\/03\/Vacinacao10.03.jpg",500,333,false],"mantranews-slider-large":["https:\/\/blogopara.com.br\/wp-content\/uploads\/2021\/03\/Vacinacao10.03.jpg",500,333,false],"mantranews-featured-medium":["https:\/\/blogopara.com.br\/wp-content\/uploads\/2021\/03\/Vacinacao10.03-420x307.jpg",420,307,true],"mantranews-featured-long":["https:\/\/blogopara.com.br\/wp-content\/uploads\/2021\/03\/Vacinacao10.03-300x333.jpg",300,333,true],"mantranews-block-medium":["https:\/\/blogopara.com.br\/wp-content\/uploads\/2021\/03\/Vacinacao10.03-464x290.jpg",464,290,true],"mantranews-carousel-image":["https:\/\/blogopara.com.br\/wp-content\/uploads\/2021\/03\/Vacinacao10.03.jpg",500,333,false],"mantranews-block-thumb":["https:\/\/blogopara.com.br\/wp-content\/uploads\/2021\/03\/Vacinacao10.03-322x230.jpg",322,230,true],"mantranews-single-large":["https:\/\/blogopara.com.br\/wp-content\/uploads\/2021\/03\/Vacinacao10.03.jpg",500,333,false]},"uagb_author_info":{"display_name":"Reda\u00e7\u00e3o geral","author_link":"https:\/\/blogopara.com.br\/index.php\/author\/blogopara"},"uagb_comment_info":0,"uagb_excerpt":"A partir de hoje (11), o Ju\u00e1 Garden Shopping ser\u00e1 ponto de vacina\u00e7\u00e3o contra a Covid-19. Numa parceria com a Prefeitura de Juazeiro, um posto de vacina\u00e7\u00e3o vai funcionar no Piso 1, das 10h \u00e0s 16h30. O novo posto vai atender idosos acima de 77 anos, especialmente dos bairros Itaberaba, Tabuleiro, Antonio Guilhermino, Residencial Juazeiro&hellip;","jetpack_sharing_enabled":true,"jetpack_likes_enabled":true,"_links":{"self":[{"href":"https:\/\/blogopara.com.br\/index.php\/wp-json\/wp\/v2\/posts\/20699","targetHints":{"allow":["GET"]}}],"collection":[{"href":"https:\/\/blogopara.com.br\/index.php\/wp-json\/wp\/v2\/posts"}],"about":[{"href":"https:\/\/blogopara.com.br\/index.php\/wp-json\/wp\/v2\/types\/post"}],"author":[{"embeddable":true,"href":"https:\/\/blogopara.com.br\/index.php\/wp-json\/wp\/v2\/users\/1"}],"replies":[{"embeddable":true,"href":"https:\/\/blogopara.com.br\/index.php\/wp-json\/wp\/v2\/comments?post=20699"}],"version-history":[{"count":1,"href":"https:\/\/blogopara.com.br\/index.php\/wp-json\/wp\/v2\/posts\/20699\/revisions"}],"predecessor-version":[{"id":20701,"href":"https:\/\/blogopara.com.br\/index.php\/wp-json\/wp\/v2\/posts\/20699\/revisions\/20701"}],"wp:featuredmedia":[{"embeddable":true,"href":"https:\/\/blogopara.com.br\/index.php\/wp-json\/wp\/v2\/media\/20700"}],"wp:attachment":[{"href":"https:\/\/blogopara.com.br\/index.php\/wp-json\/wp\/v2\/media?parent=20699"}],"wp:term":[{"taxonomy":"category","embeddable":true,"href":"https:\/\/blogopara.com.br\/index.php\/wp-json\/wp\/v2\/categories?post=20699"},{"taxonomy":"post_tag","embeddable":true,"href":"https:\/\/blogopara.com.br\/index.php\/wp-json\/wp\/v2\/tags?post=20699"}],"curies":[{"name":"wp","href":"https:\/\/api.w.org\/{rel}","templated":true}]}}