{"id":20732,"date":"2021-03-11T15:08:07","date_gmt":"2021-03-11T18:08:07","guid":{"rendered":"http:\/\/blogopara.com.br\/?p=20732"},"modified":"2021-03-11T15:08:15","modified_gmt":"2021-03-11T18:08:15","slug":"homem-e-assassinado-no-bairro-jose-e-maria-em-petrolina","status":"publish","type":"post","link":"https:\/\/blogopara.com.br\/index.php\/2021\/03\/11\/homem-e-assassinado-no-bairro-jose-e-maria-em-petrolina","title":{"rendered":"Homem \u00e9 assassinado no bairro Jos\u00e9 e Maria, em Petrolina"},"content":{"rendered":"<p style=\"text-align: justify;\">Um homem foi v\u00edtima de um homic\u00eddio na tarde dessa quarta-feira (11) no bairro Jos\u00e9 e Maria, em Petrolina (PE).<\/p>\n<p style=\"text-align: justify;\">Segundo informa\u00e7\u00f5es de populares houve v\u00e1rios disparos de arma de fogo sendo a v\u00edtima atingida. N\u00e3o se sabe em quais circunst\u00e2ncias o crime aconteceu ou quem foram os autores.<\/p>\n<p style=\"text-align: justify;\">Da Reda\u00e7\u00e3o<\/p>\n","protected":false},"excerpt":{"rendered":"<p>Um homem foi v\u00edtima de um homic\u00eddio na tarde dessa quarta-feira (11) no bairro Jos\u00e9 e Maria, em Petrolina (PE). Segundo informa\u00e7\u00f5es de populares houve v\u00e1rios disparos de arma de fogo sendo a v\u00edtima atingida. N\u00e3o se sabe em quais circunst\u00e2ncias o crime aconteceu ou quem foram os autores. Da Reda\u00e7\u00e3o<\/p>\n","protected":false},"author":1,"featured_media":20733,"comment_status":"closed","ping_status":"open","sticky":false,"template":"","format":"standard","meta":{"_uag_custom_page_level_css":"","_monsterinsights_skip_tracking":false,"_monsterinsights_sitenote_active":false,"_monsterinsights_sitenote_note":"","_monsterinsights_sitenote_category":0,"jetpack_post_was_ever_published":false,"_jetpack_newsletter_access":"","_jetpack_dont_email_post_to_subs":false,"_jetpack_newsletter_tier_id":0,"_jetpack_memberships_contains_paywalled_content":false,"_jetpack_memberships_contains_paid_content":false,"footnotes":"","jetpack_publicize_message":"","jetpack_publicize_feature_enabled":true,"jetpack_social_post_already_shared":true,"jetpack_social_options":{"image_generator_settings":{"template":"highway","default_image_id":0,"font":"","enabled":false},"version":2}},"categories":[202],"tags":[1195,2156],"class_list":["post-20732","post","type-post","status-publish","format-standard","has-post-thumbnail","hentry","category-policia","tag-homicidio","tag-jose-e-maria"],"jetpack_publicize_connections":[],"jetpack_featured_media_url":"https:\/\/blogopara.com.br\/wp-content\/uploads\/2021\/03\/IMG-20210311-WA0001.jpg","uagb_featured_image_src":{"full":["https:\/\/blogopara.com.br\/wp-content\/uploads\/2021\/03\/IMG-20210311-WA0001.jpg",500,361,false],"thumbnail":["https:\/\/blogopara.com.br\/wp-content\/uploads\/2021\/03\/IMG-20210311-WA0001-150x150.jpg",150,150,true],"medium":["https:\/\/blogopara.com.br\/wp-content\/uploads\/2021\/03\/IMG-20210311-WA0001-300x217.jpg",300,217,true],"medium_large":["https:\/\/blogopara.com.br\/wp-content\/uploads\/2021\/03\/IMG-20210311-WA0001.jpg",500,361,false],"large":["https:\/\/blogopara.com.br\/wp-content\/uploads\/2021\/03\/IMG-20210311-WA0001.jpg",500,361,false],"1536x1536":["https:\/\/blogopara.com.br\/wp-content\/uploads\/2021\/03\/IMG-20210311-WA0001.jpg",500,361,false],"2048x2048":["https:\/\/blogopara.com.br\/wp-content\/uploads\/2021\/03\/IMG-20210311-WA0001.jpg",500,361,false],"mantranews-slider-large":["https:\/\/blogopara.com.br\/wp-content\/uploads\/2021\/03\/IMG-20210311-WA0001.jpg",500,361,false],"mantranews-featured-medium":["https:\/\/blogopara.com.br\/wp-content\/uploads\/2021\/03\/IMG-20210311-WA0001-420x307.jpg",420,307,true],"mantranews-featured-long":["https:\/\/blogopara.com.br\/wp-content\/uploads\/2021\/03\/IMG-20210311-WA0001-300x361.jpg",300,361,true],"mantranews-block-medium":["https:\/\/blogopara.com.br\/wp-content\/uploads\/2021\/03\/IMG-20210311-WA0001-464x290.jpg",464,290,true],"mantranews-carousel-image":["https:\/\/blogopara.com.br\/wp-content\/uploads\/2021\/03\/IMG-20210311-WA0001.jpg",500,361,false],"mantranews-block-thumb":["https:\/\/blogopara.com.br\/wp-content\/uploads\/2021\/03\/IMG-20210311-WA0001-322x230.jpg",322,230,true],"mantranews-single-large":["https:\/\/blogopara.com.br\/wp-content\/uploads\/2021\/03\/IMG-20210311-WA0001.jpg",500,361,false]},"uagb_author_info":{"display_name":"Reda\u00e7\u00e3o geral","author_link":"https:\/\/blogopara.com.br\/index.php\/author\/blogopara"},"uagb_comment_info":0,"uagb_excerpt":"Um homem foi v\u00edtima de um homic\u00eddio na tarde dessa quarta-feira (11) no bairro Jos\u00e9 e Maria, em Petrolina (PE). Segundo informa\u00e7\u00f5es de populares houve v\u00e1rios disparos de arma de fogo sendo a v\u00edtima atingida. N\u00e3o se sabe em quais circunst\u00e2ncias o crime aconteceu ou quem foram os autores. Da Reda\u00e7\u00e3o","jetpack_sharing_enabled":true,"jetpack_likes_enabled":true,"_links":{"self":[{"href":"https:\/\/blogopara.com.br\/index.php\/wp-json\/wp\/v2\/posts\/20732","targetHints":{"allow":["GET"]}}],"collection":[{"href":"https:\/\/blogopara.com.br\/index.php\/wp-json\/wp\/v2\/posts"}],"about":[{"href":"https:\/\/blogopara.com.br\/index.php\/wp-json\/wp\/v2\/types\/post"}],"author":[{"embeddable":true,"href":"https:\/\/blogopara.com.br\/index.php\/wp-json\/wp\/v2\/users\/1"}],"replies":[{"embeddable":true,"href":"https:\/\/blogopara.com.br\/index.php\/wp-json\/wp\/v2\/comments?post=20732"}],"version-history":[{"count":1,"href":"https:\/\/blogopara.com.br\/index.php\/wp-json\/wp\/v2\/posts\/20732\/revisions"}],"predecessor-version":[{"id":20734,"href":"https:\/\/blogopara.com.br\/index.php\/wp-json\/wp\/v2\/posts\/20732\/revisions\/20734"}],"wp:featuredmedia":[{"embeddable":true,"href":"https:\/\/blogopara.com.br\/index.php\/wp-json\/wp\/v2\/media\/20733"}],"wp:attachment":[{"href":"https:\/\/blogopara.com.br\/index.php\/wp-json\/wp\/v2\/media?parent=20732"}],"wp:term":[{"taxonomy":"category","embeddable":true,"href":"https:\/\/blogopara.com.br\/index.php\/wp-json\/wp\/v2\/categories?post=20732"},{"taxonomy":"post_tag","embeddable":true,"href":"https:\/\/blogopara.com.br\/index.php\/wp-json\/wp\/v2\/tags?post=20732"}],"curies":[{"name":"wp","href":"https:\/\/api.w.org\/{rel}","templated":true}]}}