{"id":20893,"date":"2021-03-18T08:40:00","date_gmt":"2021-03-18T11:40:00","guid":{"rendered":"http:\/\/blogopara.com.br\/?p=20893"},"modified":"2021-03-17T18:03:59","modified_gmt":"2021-03-17T21:03:59","slug":"rui-admite-falta-de-oxigenio-em-hospitais-na-bahia-mas-tranquiliza-nao-havera-crise","status":"publish","type":"post","link":"https:\/\/blogopara.com.br\/index.php\/2021\/03\/18\/rui-admite-falta-de-oxigenio-em-hospitais-na-bahia-mas-tranquiliza-nao-havera-crise","title":{"rendered":"Rui admite falta de oxig\u00eanio em hospitais na Bahia, mas tranquiliza: &#8216;N\u00e3o haver\u00e1 crise&#8217;"},"content":{"rendered":"<p style=\"text-align: justify;\">O governador da Bahia, Rui Costa (PT), admitiu nesta quarta-feira (17) haver problemas com fornecimento de oxig\u00eanio em munic\u00edpios do estado, principalmente na regi\u00e3o do Sisal. Por conta disto, o estado est\u00e1 em contato com embaixadas de pa\u00edses europeus para tentar viabilizar a entrega do insumo. No entanto, o petista adotou tom tranquilizador e garantiu que n\u00e3o haver\u00e1 crise no sistema de sa\u00fade baiano por conta de oxig\u00eanio medicinal.<\/p>\n<p style=\"text-align: justify;\">\u201cEu sou muito grato aos prefeitos. Eles est\u00e3o ajudando muito. S\u00f3 que a maioria dos hospitais municipais s\u00e3o de pequenos porte e, em muitos deles, nem fazem cirurgias. S\u00e3o mais pacientes cl\u00ednicos internos ali para acompanhar. Portanto, eles t\u00eam cinco a dez cilindros de oxig\u00eanio. \u00c9 um consumo muito baixo. Na hora que eles botam pacientes de Covid, o consumo explode\u201d, explicou, durante a inaugura\u00e7\u00e3o de leitos elusivos para tratamento da Covid-19 no Hospital Metropolitano.<\/p>\n<p style=\"text-align: justify;\">Por conta deste cen\u00e1rio, o governo baiano est\u00e1 em contato com embaixadas de pa\u00edses como It\u00e1lia, Fran\u00e7a, Alemanha e Espanha para conseguir a pronta-entrega do insumo. \u201cN\u00f3s temos uma falta de cilindros no Brasil hoje. N\u00e3o tem cilindro. N\u00f3s estamos tentando conseguir usina de oxig\u00eanio para abastecer estas situa\u00e7\u00f5es mais remotas\u201d, pontuou.<\/p>\n<p style=\"text-align: justify;\">Apesar da falta do insumo nos hospitais municipais, ele indicia que, na rede estadual, n\u00e3o h\u00e1 indicativo de acontecer crise semelhante ao que houve em Manaus, no in\u00edcio do ano. \u201cN\u00e3o haver\u00e1 crise, porque n\u00f3s temos capacidade. At\u00e9 porque s\u00e3o pacientes cl\u00ednicos e n\u00e3o de UTI. Ent\u00e3o conseguimos puxar para leitos cl\u00ednicos aqui [na rede estadual de sa\u00fade]\u201d, acrescentou.<\/p>\n<p style=\"text-align: justify;\">Segundo o governador outro problema, no momento, \u00e9 log\u00edstica para o abastecimento de hospitais municipais na Bahia. Ele explica que, caso haja escassez de oxig\u00eanio num hospital na regi\u00e3o sisaleira, o local mais pr\u00f3ximo para o reabastecimento \u00e9 em Feira de Santana, a cerca de 200 km desta parte da Bahia.<\/p>\n<p style=\"text-align: justify;\">SINAL DE ALERTA LIGADO<br \/>\nO tema ganhou notoriedade quando, no \u00faltimo s\u00e1bado (13), o prefeito de Queimadas, Dr. Andr\u00e9 (PT), avisou que as unidades hospitalares da cidade apresentavam escassez de oxig\u00eanio (<a href=\"https:\/\/www.bahianoticias.com.br\/municipios\/noticia\/24816-queimadas-prefeito-dr-andre-alerta-para-falta-de-oxigenio-e-pede-ajuda-da-populacao.html\" target=\"_blank\" rel=\"noopener\">relembre aqui<\/a>).<\/p>\n<p style=\"text-align: justify;\">\u201cPelo amor de Deus, fiquem em casa. A situa\u00e7\u00e3o \u00e9 grav\u00edssima. Voc\u00eas viram dois v\u00eddeos ontem, falando da chegada de oxig\u00eanio, mas aquele j\u00e1 se esgotou. Deveremos ter mais algumas horas de oxig\u00eanio e a possibilidade de pacientes morrerem em casa, como est\u00e1 acontecendo em v\u00e1rias partes do Brasil\u201d, previu.<\/p>\n<p style=\"text-align: justify;\">\n<div>\n<div>\n<div id=\"denakop-ad-0\" style=\"text-align: justify;\" data-google-query-id=\"CICBrKWcuO8CFaw1uQYd3B4LiA\"><\/div>\n<\/div>\n<\/div>\n","protected":false},"excerpt":{"rendered":"<p>O governador da Bahia, Rui Costa (PT), admitiu nesta quarta-feira (17) haver problemas com fornecimento de oxig\u00eanio em munic\u00edpios do estado, principalmente na regi\u00e3o do Sisal. Por conta disto, o estado est\u00e1 em contato com embaixadas de pa\u00edses europeus para tentar viabilizar a entrega do insumo. No entanto, o petista adotou tom tranquilizador e garantiu [&hellip;]<\/p>\n","protected":false},"author":1,"featured_media":20894,"comment_status":"closed","ping_status":"open","sticky":false,"template":"","format":"standard","meta":{"_uag_custom_page_level_css":"","_monsterinsights_skip_tracking":false,"_monsterinsights_sitenote_active":false,"_monsterinsights_sitenote_note":"","_monsterinsights_sitenote_category":0,"jetpack_post_was_ever_published":false,"_jetpack_newsletter_access":"","_jetpack_dont_email_post_to_subs":false,"_jetpack_newsletter_tier_id":0,"_jetpack_memberships_contains_paywalled_content":false,"_jetpack_memberships_contains_paid_content":false,"footnotes":"","jetpack_publicize_message":"","jetpack_publicize_feature_enabled":true,"jetpack_social_post_already_shared":true,"jetpack_social_options":{"image_generator_settings":{"template":"highway","default_image_id":0,"font":"","enabled":false},"version":2}},"categories":[199],"tags":[1483],"class_list":["post-20893","post","type-post","status-publish","format-standard","has-post-thumbnail","hentry","category-bahia","tag-covid-19"],"jetpack_publicize_connections":[],"jetpack_featured_media_url":"https:\/\/blogopara.com.br\/wp-content\/uploads\/2021\/03\/csm_Oxigenio_Nara_74e2d7d841.jpg","uagb_featured_image_src":{"full":["https:\/\/blogopara.com.br\/wp-content\/uploads\/2021\/03\/csm_Oxigenio_Nara_74e2d7d841.jpg",500,333,false],"thumbnail":["https:\/\/blogopara.com.br\/wp-content\/uploads\/2021\/03\/csm_Oxigenio_Nara_74e2d7d841-150x150.jpg",150,150,true],"medium":["https:\/\/blogopara.com.br\/wp-content\/uploads\/2021\/03\/csm_Oxigenio_Nara_74e2d7d841-300x200.jpg",300,200,true],"medium_large":["https:\/\/blogopara.com.br\/wp-content\/uploads\/2021\/03\/csm_Oxigenio_Nara_74e2d7d841.jpg",500,333,false],"large":["https:\/\/blogopara.com.br\/wp-content\/uploads\/2021\/03\/csm_Oxigenio_Nara_74e2d7d841.jpg",500,333,false],"1536x1536":["https:\/\/blogopara.com.br\/wp-content\/uploads\/2021\/03\/csm_Oxigenio_Nara_74e2d7d841.jpg",500,333,false],"2048x2048":["https:\/\/blogopara.com.br\/wp-content\/uploads\/2021\/03\/csm_Oxigenio_Nara_74e2d7d841.jpg",500,333,false],"mantranews-slider-large":["https:\/\/blogopara.com.br\/wp-content\/uploads\/2021\/03\/csm_Oxigenio_Nara_74e2d7d841.jpg",500,333,false],"mantranews-featured-medium":["https:\/\/blogopara.com.br\/wp-content\/uploads\/2021\/03\/csm_Oxigenio_Nara_74e2d7d841-420x307.jpg",420,307,true],"mantranews-featured-long":["https:\/\/blogopara.com.br\/wp-content\/uploads\/2021\/03\/csm_Oxigenio_Nara_74e2d7d841-300x333.jpg",300,333,true],"mantranews-block-medium":["https:\/\/blogopara.com.br\/wp-content\/uploads\/2021\/03\/csm_Oxigenio_Nara_74e2d7d841-464x290.jpg",464,290,true],"mantranews-carousel-image":["https:\/\/blogopara.com.br\/wp-content\/uploads\/2021\/03\/csm_Oxigenio_Nara_74e2d7d841.jpg",500,333,false],"mantranews-block-thumb":["https:\/\/blogopara.com.br\/wp-content\/uploads\/2021\/03\/csm_Oxigenio_Nara_74e2d7d841-322x230.jpg",322,230,true],"mantranews-single-large":["https:\/\/blogopara.com.br\/wp-content\/uploads\/2021\/03\/csm_Oxigenio_Nara_74e2d7d841.jpg",500,333,false]},"uagb_author_info":{"display_name":"Reda\u00e7\u00e3o geral","author_link":"https:\/\/blogopara.com.br\/index.php\/author\/blogopara"},"uagb_comment_info":0,"uagb_excerpt":"O governador da Bahia, Rui Costa (PT), admitiu nesta quarta-feira (17) haver problemas com fornecimento de oxig\u00eanio em munic\u00edpios do estado, principalmente na regi\u00e3o do Sisal. Por conta disto, o estado est\u00e1 em contato com embaixadas de pa\u00edses europeus para tentar viabilizar a entrega do insumo. No entanto, o petista adotou tom tranquilizador e garantiu&hellip;","jetpack_sharing_enabled":true,"jetpack_likes_enabled":true,"_links":{"self":[{"href":"https:\/\/blogopara.com.br\/index.php\/wp-json\/wp\/v2\/posts\/20893","targetHints":{"allow":["GET"]}}],"collection":[{"href":"https:\/\/blogopara.com.br\/index.php\/wp-json\/wp\/v2\/posts"}],"about":[{"href":"https:\/\/blogopara.com.br\/index.php\/wp-json\/wp\/v2\/types\/post"}],"author":[{"embeddable":true,"href":"https:\/\/blogopara.com.br\/index.php\/wp-json\/wp\/v2\/users\/1"}],"replies":[{"embeddable":true,"href":"https:\/\/blogopara.com.br\/index.php\/wp-json\/wp\/v2\/comments?post=20893"}],"version-history":[{"count":1,"href":"https:\/\/blogopara.com.br\/index.php\/wp-json\/wp\/v2\/posts\/20893\/revisions"}],"predecessor-version":[{"id":20895,"href":"https:\/\/blogopara.com.br\/index.php\/wp-json\/wp\/v2\/posts\/20893\/revisions\/20895"}],"wp:featuredmedia":[{"embeddable":true,"href":"https:\/\/blogopara.com.br\/index.php\/wp-json\/wp\/v2\/media\/20894"}],"wp:attachment":[{"href":"https:\/\/blogopara.com.br\/index.php\/wp-json\/wp\/v2\/media?parent=20893"}],"wp:term":[{"taxonomy":"category","embeddable":true,"href":"https:\/\/blogopara.com.br\/index.php\/wp-json\/wp\/v2\/categories?post=20893"},{"taxonomy":"post_tag","embeddable":true,"href":"https:\/\/blogopara.com.br\/index.php\/wp-json\/wp\/v2\/tags?post=20893"}],"curies":[{"name":"wp","href":"https:\/\/api.w.org\/{rel}","templated":true}]}}