{"id":20896,"date":"2021-03-18T09:59:00","date_gmt":"2021-03-18T12:59:00","guid":{"rendered":"http:\/\/blogopara.com.br\/?p=20896"},"modified":"2021-03-17T18:07:18","modified_gmt":"2021-03-17T21:07:18","slug":"ministro-da-justica-manda-pf-investigar-responsaveis-por-outdoor-critico-a-bolsonaro","status":"publish","type":"post","link":"https:\/\/blogopara.com.br\/index.php\/2021\/03\/18\/ministro-da-justica-manda-pf-investigar-responsaveis-por-outdoor-critico-a-bolsonaro","title":{"rendered":"Ministro da Justi\u00e7a manda PF investigar respons\u00e1veis por outdoor cr\u00edtico a Bolsonaro"},"content":{"rendered":"<p style=\"text-align: justify;\">O ministro da Justi\u00e7a, Andr\u00e9 Mendon\u00e7a, determinou que a Pol\u00edcia Federal (PF) investigue duas pessoas que fizeram outdoors contra o presidente Jair Bolsonaro (sem partido). Uma das mensagens, instaladas em Palmas-TO, afirma que Bolsonaro &#8220;vale menos que um pequi ro\u00eddo&#8221;, uma g\u00edria local para quem n\u00e3o tem valor. O outro cartaz diz que o presidente &#8220;mente&#8221;. As informa\u00e7\u00f5es s\u00e3o do jornal O Globo.<\/p>\n<div id=\"div-gpt-ad-bn_principal_conteudo\" data-google-query-id=\"CIShxKSduO8CFZMC1AodZtsMhA\">\n<p style=\"text-align: justify;\">S\u00e3o investigados o empres\u00e1rio Roberval Ferreira de Jesus, dono da empresa que fabricou os outdoors, e o soci\u00f3logo Tiago Costa Rodrigues, que pagou pela instala\u00e7\u00e3o. Foram anexadas no processo 12 publica\u00e7\u00f5es de Tiago em sua conta no Twitter, a maioria comentando sobre os cartazes.<\/p>\n<p style=\"text-align: justify;\">Os outdoors foram instalados em agosto de 2020. Um empres\u00e1rio local apresentou uma not\u00edcia de fato \u00e0 PF, mas o \u00f3rg\u00e3o ressaltou que, de acordo com o C\u00f3digo Penal, crimes contra a honra cometidos contra o presidente da Rep\u00fablica s\u00f3 podem ser investigados mediante representa\u00e7\u00e3o do ministro da Justi\u00e7a.<\/p>\n<p style=\"text-align: justify;\">O Minist\u00e9rio P\u00fablico refor\u00e7ou a posi\u00e7\u00e3o e o caso foi arquivado, mas uma comunica\u00e7\u00e3o foi enviada ao Minist\u00e9rio da Justi\u00e7a. Em dezembro de 2020, Mendon\u00e7a determinou a abertura do inqu\u00e9rito.<\/p>\n<p style=\"text-align: justify;\">&#8220;Diante dos fatos narrados, requisito ao Diretor-Geral da Pol\u00edcia Federal que adote as provid\u00eancias para a abertura de inqu\u00e9rito policial com vistas \u00e0 imediata apura\u00e7\u00e3o de crime contra a honra do Presidente da Rep\u00fablica&#8221;, escreveu o ministro, no dia 8 de dezembro.<\/p>\n<p style=\"text-align: justify;\">Em depoimento, Roberval afirmou que foi apenas contratado para a instala\u00e7\u00e3o e que &#8220;nunca teve o objetivo de ofender a honra do presidente da Rep\u00fablica&#8221;. Ele disse que j\u00e1 instalou outdoors favor\u00e1veis a Bolsonaro e que n\u00e3o se responsabiliza pelo conte\u00fado de nenhum deles.<\/p>\n<p style=\"text-align: justify;\">Tiago, que \u00e9 integrante do PCdoB em Tocantins, relata que realizou uma vaquinha online para instalar os outdoors, que custaram R$ 2,3 mil. Ele disse que n\u00e3o esperava a repercuss\u00e3o que o caso tomou. O soci\u00f3logo relatou que tamb\u00e9m j\u00e1 prestou depoimento e que disse que a cr\u00edtica n\u00e3o foi &#8220;pessoal&#8221; a Bolsonaro.<\/p>\n<p style=\"text-align: justify;\">\u201cFalei que n\u00e3o era algo ligado \u00e0 pessoa f\u00edsica do presidente, mas uma cr\u00edtica ao governo. A cr\u00edtica \u00e9 sobre a gest\u00e3o dele em rela\u00e7\u00e3o \u00e0 pandemia\u201d, contou o soci\u00f3logo.<\/p>\n<p style=\"text-align: justify;\">Tiago diz ter &#8220;receio&#8221; com o inqu\u00e9rito, mas disse esperar que seja arquivado. O posicionamento \u00e9 semelhante ao do seu advogado, Edy Cesar.<\/p>\n<p style=\"text-align: justify;\">\u201cA expectativa \u00e9 que ele ser\u00e1 arquivado, assim como j\u00e1 havia sido arquivado antes pela Pol\u00edcia Federal do Tocantins. Esse inqu\u00e9rito foi aberto por pedido do Minist\u00e9rio da Justi\u00e7a, com fun\u00e7\u00f5es mais pol\u00edticas que jur\u00eddicas, pois n\u00e3o se trata sobre crime, mas sobre liberdade de express\u00e3o\u201d, afirmou o defensor.<\/p>\n<p style=\"text-align: justify;\">Fonte: Bahia Noticias<\/p>\n<\/div>\n","protected":false},"excerpt":{"rendered":"<p>O ministro da Justi\u00e7a, Andr\u00e9 Mendon\u00e7a, determinou que a Pol\u00edcia Federal (PF) investigue duas pessoas que fizeram outdoors contra o presidente Jair Bolsonaro (sem partido). Uma das mensagens, instaladas em Palmas-TO, afirma que Bolsonaro &#8220;vale menos que um pequi ro\u00eddo&#8221;, uma g\u00edria local para quem n\u00e3o tem valor. O outro cartaz diz que o presidente [&hellip;]<\/p>\n","protected":false},"author":1,"featured_media":20897,"comment_status":"closed","ping_status":"open","sticky":false,"template":"","format":"standard","meta":{"_uag_custom_page_level_css":"","_monsterinsights_skip_tracking":false,"_monsterinsights_sitenote_active":false,"_monsterinsights_sitenote_note":"","_monsterinsights_sitenote_category":0,"jetpack_post_was_ever_published":false,"_jetpack_newsletter_access":"","_jetpack_dont_email_post_to_subs":false,"_jetpack_newsletter_tier_id":0,"_jetpack_memberships_contains_paywalled_content":false,"_jetpack_memberships_contains_paid_content":false,"footnotes":"","jetpack_publicize_message":"","jetpack_publicize_feature_enabled":true,"jetpack_social_post_already_shared":true,"jetpack_social_options":{"image_generator_settings":{"template":"highway","default_image_id":0,"font":"","enabled":false},"version":2}},"categories":[200],"tags":[1819,89,1324,608],"class_list":["post-20896","post","type-post","status-publish","format-standard","has-post-thumbnail","hentry","category-brasil","tag-blog","tag-investigacao","tag-jair-bolsonaro","tag-pf"],"jetpack_publicize_connections":[],"jetpack_featured_media_url":"https:\/\/blogopara.com.br\/wp-content\/uploads\/2021\/03\/IMAGEM_NOTICIA_5-5.jpg","uagb_featured_image_src":{"full":["https:\/\/blogopara.com.br\/wp-content\/uploads\/2021\/03\/IMAGEM_NOTICIA_5-5.jpg",400,294,false],"thumbnail":["https:\/\/blogopara.com.br\/wp-content\/uploads\/2021\/03\/IMAGEM_NOTICIA_5-5-150x150.jpg",150,150,true],"medium":["https:\/\/blogopara.com.br\/wp-content\/uploads\/2021\/03\/IMAGEM_NOTICIA_5-5-300x221.jpg",300,221,true],"medium_large":["https:\/\/blogopara.com.br\/wp-content\/uploads\/2021\/03\/IMAGEM_NOTICIA_5-5.jpg",400,294,false],"large":["https:\/\/blogopara.com.br\/wp-content\/uploads\/2021\/03\/IMAGEM_NOTICIA_5-5.jpg",400,294,false],"1536x1536":["https:\/\/blogopara.com.br\/wp-content\/uploads\/2021\/03\/IMAGEM_NOTICIA_5-5.jpg",400,294,false],"2048x2048":["https:\/\/blogopara.com.br\/wp-content\/uploads\/2021\/03\/IMAGEM_NOTICIA_5-5.jpg",400,294,false],"mantranews-slider-large":["https:\/\/blogopara.com.br\/wp-content\/uploads\/2021\/03\/IMAGEM_NOTICIA_5-5.jpg",400,294,false],"mantranews-featured-medium":["https:\/\/blogopara.com.br\/wp-content\/uploads\/2021\/03\/IMAGEM_NOTICIA_5-5.jpg",400,294,false],"mantranews-featured-long":["https:\/\/blogopara.com.br\/wp-content\/uploads\/2021\/03\/IMAGEM_NOTICIA_5-5-300x294.jpg",300,294,true],"mantranews-block-medium":["https:\/\/blogopara.com.br\/wp-content\/uploads\/2021\/03\/IMAGEM_NOTICIA_5-5-400x290.jpg",400,290,true],"mantranews-carousel-image":["https:\/\/blogopara.com.br\/wp-content\/uploads\/2021\/03\/IMAGEM_NOTICIA_5-5.jpg",400,294,false],"mantranews-block-thumb":["https:\/\/blogopara.com.br\/wp-content\/uploads\/2021\/03\/IMAGEM_NOTICIA_5-5-322x230.jpg",322,230,true],"mantranews-single-large":["https:\/\/blogopara.com.br\/wp-content\/uploads\/2021\/03\/IMAGEM_NOTICIA_5-5.jpg",400,294,false]},"uagb_author_info":{"display_name":"Reda\u00e7\u00e3o geral","author_link":"https:\/\/blogopara.com.br\/index.php\/author\/blogopara"},"uagb_comment_info":0,"uagb_excerpt":"O ministro da Justi\u00e7a, Andr\u00e9 Mendon\u00e7a, determinou que a Pol\u00edcia Federal (PF) investigue duas pessoas que fizeram outdoors contra o presidente Jair Bolsonaro (sem partido). Uma das mensagens, instaladas em Palmas-TO, afirma que Bolsonaro &#8220;vale menos que um pequi ro\u00eddo&#8221;, uma g\u00edria local para quem n\u00e3o tem valor. O outro cartaz diz que o presidente&hellip;","jetpack_sharing_enabled":true,"jetpack_likes_enabled":true,"_links":{"self":[{"href":"https:\/\/blogopara.com.br\/index.php\/wp-json\/wp\/v2\/posts\/20896","targetHints":{"allow":["GET"]}}],"collection":[{"href":"https:\/\/blogopara.com.br\/index.php\/wp-json\/wp\/v2\/posts"}],"about":[{"href":"https:\/\/blogopara.com.br\/index.php\/wp-json\/wp\/v2\/types\/post"}],"author":[{"embeddable":true,"href":"https:\/\/blogopara.com.br\/index.php\/wp-json\/wp\/v2\/users\/1"}],"replies":[{"embeddable":true,"href":"https:\/\/blogopara.com.br\/index.php\/wp-json\/wp\/v2\/comments?post=20896"}],"version-history":[{"count":1,"href":"https:\/\/blogopara.com.br\/index.php\/wp-json\/wp\/v2\/posts\/20896\/revisions"}],"predecessor-version":[{"id":20898,"href":"https:\/\/blogopara.com.br\/index.php\/wp-json\/wp\/v2\/posts\/20896\/revisions\/20898"}],"wp:featuredmedia":[{"embeddable":true,"href":"https:\/\/blogopara.com.br\/index.php\/wp-json\/wp\/v2\/media\/20897"}],"wp:attachment":[{"href":"https:\/\/blogopara.com.br\/index.php\/wp-json\/wp\/v2\/media?parent=20896"}],"wp:term":[{"taxonomy":"category","embeddable":true,"href":"https:\/\/blogopara.com.br\/index.php\/wp-json\/wp\/v2\/categories?post=20896"},{"taxonomy":"post_tag","embeddable":true,"href":"https:\/\/blogopara.com.br\/index.php\/wp-json\/wp\/v2\/tags?post=20896"}],"curies":[{"name":"wp","href":"https:\/\/api.w.org\/{rel}","templated":true}]}}