{"id":20951,"date":"2021-03-19T17:44:00","date_gmt":"2021-03-19T20:44:00","guid":{"rendered":"http:\/\/blogopara.com.br\/?p=20951"},"modified":"2021-03-19T12:42:20","modified_gmt":"2021-03-19T15:42:20","slug":"projeto-da-prefeitura-de-juazeiro-propoe-a-criacao-de-ambulatorio-para-atendimento-da-populacao-lgbtqi","status":"publish","type":"post","link":"https:\/\/blogopara.com.br\/index.php\/2021\/03\/19\/projeto-da-prefeitura-de-juazeiro-propoe-a-criacao-de-ambulatorio-para-atendimento-da-populacao-lgbtqi","title":{"rendered":"Projeto da Prefeitura de Juazeiro prop\u00f5e a cria\u00e7\u00e3o de ambulat\u00f3rio para atendimento da popula\u00e7\u00e3o LGBTQI+"},"content":{"rendered":"<p class=\"x_MsoNormal\" style=\"text-align: justify;\">A diretora de Diversidade, da Secretaria de Desenvolvimento Social, Mulher e Diversidade, Eva Suene, e sua equipe se reuniram com o presidente da C\u00e2mara de Vereadores de Juazeiro, Berg da Carna\u00edba, nesta quinta-feira (18), para discutir a tramita\u00e7\u00e3o do projeto que prop\u00f5em a cria\u00e7\u00e3o de um ambulat\u00f3rio para atendimento da popula\u00e7\u00e3o LGBTQI+. A iniciativa, que vem sendo elaborada pelo Executivo, visa dar suporte especializado aos transexuais e travestis, que precisam se submeter a tratamentos hormonais.<\/p>\n<p class=\"x_MsoNormal\" style=\"text-align: justify;\">De acordo com Eva Suene, a proposta \u00e9 criar um espa\u00e7o com uma equipe multiprofissional que possa acompanhar pacientes LGBTQI+ em processo de transi\u00e7\u00e3o de g\u00eanero ou em tratamento hormonal. \u201cNosso objetivo \u00e9 garantir a dispensa\u00e7\u00e3o gratuita de medicamentos e a implanta\u00e7\u00e3o de um ambulat\u00f3rio, com m\u00e9dico endocrinologista, psiquiatra, psic\u00f3logo e assistente social, para acompanhar, de forma segura, as pessoas que passam pelo processo de transi\u00e7\u00e3o de g\u00eanero. Hoje, muitas dessas pessoas acabam se medicando por conta pr\u00f3pria e isso representa um grave risco \u00e0 sa\u00fade\u201d, explicou a gestora.<\/p>\n<p class=\"x_MsoNormal\" style=\"text-align: justify;\">Durante a reuni\u00e3o, o vereador Berg da Carna\u00edba ressaltou o papel da C\u00e2mara em apoiar projetos que atendam os diversos segmentos da sociedade. \u201cEstamos aqui para discutir e colaborar com a aprova\u00e7\u00e3o de projetos que possam, acima de tudo, melhorar a vida das pessoas\u201d, frisou o presidente da Casa Apr\u00edgio Duarte Filho.<\/p>\n<p class=\"x_MsoNormal\" style=\"text-align: justify;\">Na pr\u00f3xima semana, uma reuni\u00e3o agendada com a Comiss\u00e3o de Juventude, Direitos das Mulheres e Minorias da C\u00e2mara dos Vereadores dar\u00e1 continuidade \u00e0 discuss\u00e3o do projeto.<\/p>\n<p>Ascom PMJ<\/p>\n","protected":false},"excerpt":{"rendered":"<p>A diretora de Diversidade, da Secretaria de Desenvolvimento Social, Mulher e Diversidade, Eva Suene, e sua equipe se reuniram com o presidente da C\u00e2mara de Vereadores de Juazeiro, Berg da Carna\u00edba, nesta quinta-feira (18), para discutir a tramita\u00e7\u00e3o do projeto que prop\u00f5em a cria\u00e7\u00e3o de um ambulat\u00f3rio para atendimento da popula\u00e7\u00e3o LGBTQI+. A iniciativa, que [&hellip;]<\/p>\n","protected":false},"author":1,"featured_media":20952,"comment_status":"closed","ping_status":"open","sticky":false,"template":"","format":"standard","meta":{"_uag_custom_page_level_css":"","_monsterinsights_skip_tracking":false,"_monsterinsights_sitenote_active":false,"_monsterinsights_sitenote_note":"","_monsterinsights_sitenote_category":0,"jetpack_post_was_ever_published":false,"_jetpack_newsletter_access":"","_jetpack_dont_email_post_to_subs":false,"_jetpack_newsletter_tier_id":0,"_jetpack_memberships_contains_paywalled_content":false,"_jetpack_memberships_contains_paid_content":false,"footnotes":"","jetpack_publicize_message":"","jetpack_publicize_feature_enabled":true,"jetpack_social_post_already_shared":true,"jetpack_social_options":{"image_generator_settings":{"template":"highway","default_image_id":0,"font":"","enabled":false},"version":2}},"categories":[203],"tags":[2221,9,2220],"class_list":["post-20951","post","type-post","status-publish","format-standard","has-post-thumbnail","hentry","category-juazeiro","tag-ambulatorio","tag-juazeiro","tag-lgbtqi"],"jetpack_publicize_connections":[],"jetpack_featured_media_url":"https:\/\/blogopara.com.br\/wp-content\/uploads\/2021\/03\/Diversidade_02.jpeg","uagb_featured_image_src":{"full":["https:\/\/blogopara.com.br\/wp-content\/uploads\/2021\/03\/Diversidade_02.jpeg",500,375,false],"thumbnail":["https:\/\/blogopara.com.br\/wp-content\/uploads\/2021\/03\/Diversidade_02-150x150.jpeg",150,150,true],"medium":["https:\/\/blogopara.com.br\/wp-content\/uploads\/2021\/03\/Diversidade_02-300x225.jpeg",300,225,true],"medium_large":["https:\/\/blogopara.com.br\/wp-content\/uploads\/2021\/03\/Diversidade_02.jpeg",500,375,false],"large":["https:\/\/blogopara.com.br\/wp-content\/uploads\/2021\/03\/Diversidade_02.jpeg",500,375,false],"1536x1536":["https:\/\/blogopara.com.br\/wp-content\/uploads\/2021\/03\/Diversidade_02.jpeg",500,375,false],"2048x2048":["https:\/\/blogopara.com.br\/wp-content\/uploads\/2021\/03\/Diversidade_02.jpeg",500,375,false],"mantranews-slider-large":["https:\/\/blogopara.com.br\/wp-content\/uploads\/2021\/03\/Diversidade_02.jpeg",500,375,false],"mantranews-featured-medium":["https:\/\/blogopara.com.br\/wp-content\/uploads\/2021\/03\/Diversidade_02-420x307.jpeg",420,307,true],"mantranews-featured-long":["https:\/\/blogopara.com.br\/wp-content\/uploads\/2021\/03\/Diversidade_02-300x375.jpeg",300,375,true],"mantranews-block-medium":["https:\/\/blogopara.com.br\/wp-content\/uploads\/2021\/03\/Diversidade_02-464x290.jpeg",464,290,true],"mantranews-carousel-image":["https:\/\/blogopara.com.br\/wp-content\/uploads\/2021\/03\/Diversidade_02.jpeg",500,375,false],"mantranews-block-thumb":["https:\/\/blogopara.com.br\/wp-content\/uploads\/2021\/03\/Diversidade_02-322x230.jpeg",322,230,true],"mantranews-single-large":["https:\/\/blogopara.com.br\/wp-content\/uploads\/2021\/03\/Diversidade_02.jpeg",500,375,false]},"uagb_author_info":{"display_name":"Reda\u00e7\u00e3o geral","author_link":"https:\/\/blogopara.com.br\/index.php\/author\/blogopara"},"uagb_comment_info":0,"uagb_excerpt":"A diretora de Diversidade, da Secretaria de Desenvolvimento Social, Mulher e Diversidade, Eva Suene, e sua equipe se reuniram com o presidente da C\u00e2mara de Vereadores de Juazeiro, Berg da Carna\u00edba, nesta quinta-feira (18), para discutir a tramita\u00e7\u00e3o do projeto que prop\u00f5em a cria\u00e7\u00e3o de um ambulat\u00f3rio para atendimento da popula\u00e7\u00e3o LGBTQI+. A iniciativa, que&hellip;","jetpack_sharing_enabled":true,"jetpack_likes_enabled":true,"_links":{"self":[{"href":"https:\/\/blogopara.com.br\/index.php\/wp-json\/wp\/v2\/posts\/20951","targetHints":{"allow":["GET"]}}],"collection":[{"href":"https:\/\/blogopara.com.br\/index.php\/wp-json\/wp\/v2\/posts"}],"about":[{"href":"https:\/\/blogopara.com.br\/index.php\/wp-json\/wp\/v2\/types\/post"}],"author":[{"embeddable":true,"href":"https:\/\/blogopara.com.br\/index.php\/wp-json\/wp\/v2\/users\/1"}],"replies":[{"embeddable":true,"href":"https:\/\/blogopara.com.br\/index.php\/wp-json\/wp\/v2\/comments?post=20951"}],"version-history":[{"count":1,"href":"https:\/\/blogopara.com.br\/index.php\/wp-json\/wp\/v2\/posts\/20951\/revisions"}],"predecessor-version":[{"id":20953,"href":"https:\/\/blogopara.com.br\/index.php\/wp-json\/wp\/v2\/posts\/20951\/revisions\/20953"}],"wp:featuredmedia":[{"embeddable":true,"href":"https:\/\/blogopara.com.br\/index.php\/wp-json\/wp\/v2\/media\/20952"}],"wp:attachment":[{"href":"https:\/\/blogopara.com.br\/index.php\/wp-json\/wp\/v2\/media?parent=20951"}],"wp:term":[{"taxonomy":"category","embeddable":true,"href":"https:\/\/blogopara.com.br\/index.php\/wp-json\/wp\/v2\/categories?post=20951"},{"taxonomy":"post_tag","embeddable":true,"href":"https:\/\/blogopara.com.br\/index.php\/wp-json\/wp\/v2\/tags?post=20951"}],"curies":[{"name":"wp","href":"https:\/\/api.w.org\/{rel}","templated":true}]}}