{"id":21132,"date":"2021-03-23T15:25:00","date_gmt":"2021-03-23T18:25:00","guid":{"rendered":"https:\/\/blogopara.com.br\/?p=21132"},"modified":"2021-03-23T12:17:40","modified_gmt":"2021-03-23T15:17:40","slug":"mesmo-tomando-as-duas-doses-da-vacina-medico-do-hospital-regional-testa-positivo-para-covid-19-em-jacobina-ba","status":"publish","type":"post","link":"https:\/\/blogopara.com.br\/index.php\/2021\/03\/23\/mesmo-tomando-as-duas-doses-da-vacina-medico-do-hospital-regional-testa-positivo-para-covid-19-em-jacobina-ba","title":{"rendered":"Mesmo tomando as duas doses da vacina, m\u00e9dico do Hospital Regional testa positivo para Covid-19 em Jacobina (BA)"},"content":{"rendered":"<p style=\"text-align: justify;\">O cardiologista Dr. Laudenor Lemos Jr, de 37 anos, coordenador da Unidade de Terapia Intensiva (UTI) do Hospital Regional Vicentina Goulart, em Jacobina, testou positivo para a Covid-19, doen\u00e7a causada pelo novo coronav\u00edrus, mesmo ap\u00f3s ter recebido duas doses do imunizante Coronavac.<\/p>\n<p style=\"text-align: justify;\">O m\u00e9dico, que segue em isolamento domiciliar, est\u00e1 sintom\u00e1tico e relatou que cerca de 25% de seus pulm\u00f5es foram afetados. O teste via swab, realizado na \u00faltima ter\u00e7a-feira, (16), h\u00e1 exatos 30 dias da \u00faltima dose da vacina, confirmou a infec\u00e7\u00e3o.<\/p>\n<p style=\"text-align: justify;\">\u201cLidamos com uma doen\u00e7a incerta, mutante e ignorada. Qualquer um de n\u00f3s pode ter. Para todos os que pensam estar livres desse risco, voc\u00eas est\u00e3o errados. Vacina \u00e9 o melhor caminho, mas precisa ser em toda a popula\u00e7\u00e3o. Uma vacina em um \u00fanico indiv\u00edduo, por supostamente melhor que pare\u00e7a, n\u00e3o protegem ningu\u00e9m. S\u00f3 assim, conseguiremos diminuir a quantidade de casos circulantes e as tantas e tantas muta\u00e7\u00f5es que tem acontecido, disse o cardiologista.<\/p>\n<p style=\"text-align: justify;\">\u201cO meu exemplo \u00e9 muito diferente da popula\u00e7\u00e3o geral, pois trabalho com um risco de contamina\u00e7\u00e3o muito elevado na linha de frente do Covid (eu e todos os colaboradores do Hospital Regional Vicentina Goulart). Lidamos com os casos mais graves de toda a regi\u00e3o, tratamos dos enfermos com a maior carga viral e, mesmo com paramenta\u00e7\u00e3o, o nosso risco \u00e9 muito elevado. \u00c9 nosso trabalho. Vivemos por isso, para isso e temos orgulho disso. Meu quadro \u00e9 quadro leve, estou bem monitorado e assistido, poupada a minha fam\u00edlia que cuida perfeitamente de mim. Em alguns dias estarei de volta, presencialmente, para continuar na miss\u00e3o. Temos muito mesmo o que fazer\u201d, concluiu o m\u00e9dico.<\/p>\n<p style=\"text-align: justify;\">Da Reda\u00e7\u00e3o com informa\u00e7\u00f5es Ipiranoticias.com<\/p>\n","protected":false},"excerpt":{"rendered":"<p>O cardiologista Dr. Laudenor Lemos Jr, de 37 anos, coordenador da Unidade de Terapia Intensiva (UTI) do Hospital Regional Vicentina Goulart, em Jacobina, testou positivo para a Covid-19, doen\u00e7a causada pelo novo coronav\u00edrus, mesmo ap\u00f3s ter recebido duas doses do imunizante Coronavac. O m\u00e9dico, que segue em isolamento domiciliar, est\u00e1 sintom\u00e1tico e relatou que cerca [&hellip;]<\/p>\n","protected":false},"author":1,"featured_media":21133,"comment_status":"closed","ping_status":"open","sticky":false,"template":"","format":"standard","meta":{"_uag_custom_page_level_css":"","_monsterinsights_skip_tracking":false,"_monsterinsights_sitenote_active":false,"_monsterinsights_sitenote_note":"","_monsterinsights_sitenote_category":0,"jetpack_post_was_ever_published":false,"_jetpack_newsletter_access":"","_jetpack_dont_email_post_to_subs":false,"_jetpack_newsletter_tier_id":0,"_jetpack_memberships_contains_paywalled_content":false,"_jetpack_memberships_contains_paid_content":false,"footnotes":"","jetpack_publicize_message":"","jetpack_publicize_feature_enabled":true,"jetpack_social_post_already_shared":true,"jetpack_social_options":{"image_generator_settings":{"template":"highway","default_image_id":0,"font":"","enabled":false},"version":2}},"categories":[1716],"tags":[2244,2245,1051],"class_list":["post-21132","post","type-post","status-publish","format-standard","has-post-thumbnail","hentry","category-regional","tag-doses","tag-jacobinaba","tag-vacina"],"jetpack_publicize_connections":[],"jetpack_featured_media_url":"https:\/\/blogopara.com.br\/wp-content\/uploads\/2021\/03\/Medico23.03.jpeg","uagb_featured_image_src":{"full":["https:\/\/blogopara.com.br\/wp-content\/uploads\/2021\/03\/Medico23.03.jpeg",500,300,false],"thumbnail":["https:\/\/blogopara.com.br\/wp-content\/uploads\/2021\/03\/Medico23.03-150x150.jpeg",150,150,true],"medium":["https:\/\/blogopara.com.br\/wp-content\/uploads\/2021\/03\/Medico23.03-300x180.jpeg",300,180,true],"medium_large":["https:\/\/blogopara.com.br\/wp-content\/uploads\/2021\/03\/Medico23.03.jpeg",500,300,false],"large":["https:\/\/blogopara.com.br\/wp-content\/uploads\/2021\/03\/Medico23.03.jpeg",500,300,false],"1536x1536":["https:\/\/blogopara.com.br\/wp-content\/uploads\/2021\/03\/Medico23.03.jpeg",500,300,false],"2048x2048":["https:\/\/blogopara.com.br\/wp-content\/uploads\/2021\/03\/Medico23.03.jpeg",500,300,false],"mantranews-slider-large":["https:\/\/blogopara.com.br\/wp-content\/uploads\/2021\/03\/Medico23.03.jpeg",500,300,false],"mantranews-featured-medium":["https:\/\/blogopara.com.br\/wp-content\/uploads\/2021\/03\/Medico23.03-420x300.jpeg",420,300,true],"mantranews-featured-long":["https:\/\/blogopara.com.br\/wp-content\/uploads\/2021\/03\/Medico23.03-300x300.jpeg",300,300,true],"mantranews-block-medium":["https:\/\/blogopara.com.br\/wp-content\/uploads\/2021\/03\/Medico23.03-464x290.jpeg",464,290,true],"mantranews-carousel-image":["https:\/\/blogopara.com.br\/wp-content\/uploads\/2021\/03\/Medico23.03.jpeg",500,300,false],"mantranews-block-thumb":["https:\/\/blogopara.com.br\/wp-content\/uploads\/2021\/03\/Medico23.03-322x230.jpeg",322,230,true],"mantranews-single-large":["https:\/\/blogopara.com.br\/wp-content\/uploads\/2021\/03\/Medico23.03.jpeg",500,300,false]},"uagb_author_info":{"display_name":"Reda\u00e7\u00e3o geral","author_link":"https:\/\/blogopara.com.br\/index.php\/author\/blogopara"},"uagb_comment_info":0,"uagb_excerpt":"O cardiologista Dr. Laudenor Lemos Jr, de 37 anos, coordenador da Unidade de Terapia Intensiva (UTI) do Hospital Regional Vicentina Goulart, em Jacobina, testou positivo para a Covid-19, doen\u00e7a causada pelo novo coronav\u00edrus, mesmo ap\u00f3s ter recebido duas doses do imunizante Coronavac. O m\u00e9dico, que segue em isolamento domiciliar, est\u00e1 sintom\u00e1tico e relatou que cerca&hellip;","jetpack_sharing_enabled":true,"jetpack_likes_enabled":true,"_links":{"self":[{"href":"https:\/\/blogopara.com.br\/index.php\/wp-json\/wp\/v2\/posts\/21132","targetHints":{"allow":["GET"]}}],"collection":[{"href":"https:\/\/blogopara.com.br\/index.php\/wp-json\/wp\/v2\/posts"}],"about":[{"href":"https:\/\/blogopara.com.br\/index.php\/wp-json\/wp\/v2\/types\/post"}],"author":[{"embeddable":true,"href":"https:\/\/blogopara.com.br\/index.php\/wp-json\/wp\/v2\/users\/1"}],"replies":[{"embeddable":true,"href":"https:\/\/blogopara.com.br\/index.php\/wp-json\/wp\/v2\/comments?post=21132"}],"version-history":[{"count":1,"href":"https:\/\/blogopara.com.br\/index.php\/wp-json\/wp\/v2\/posts\/21132\/revisions"}],"predecessor-version":[{"id":21134,"href":"https:\/\/blogopara.com.br\/index.php\/wp-json\/wp\/v2\/posts\/21132\/revisions\/21134"}],"wp:featuredmedia":[{"embeddable":true,"href":"https:\/\/blogopara.com.br\/index.php\/wp-json\/wp\/v2\/media\/21133"}],"wp:attachment":[{"href":"https:\/\/blogopara.com.br\/index.php\/wp-json\/wp\/v2\/media?parent=21132"}],"wp:term":[{"taxonomy":"category","embeddable":true,"href":"https:\/\/blogopara.com.br\/index.php\/wp-json\/wp\/v2\/categories?post=21132"},{"taxonomy":"post_tag","embeddable":true,"href":"https:\/\/blogopara.com.br\/index.php\/wp-json\/wp\/v2\/tags?post=21132"}],"curies":[{"name":"wp","href":"https:\/\/api.w.org\/{rel}","templated":true}]}}