{"id":2117,"date":"2019-08-02T22:10:00","date_gmt":"2019-08-03T01:10:00","guid":{"rendered":"http:\/\/blogopara.com.br\/?p=2117"},"modified":"2019-08-02T22:10:08","modified_gmt":"2019-08-03T01:10:08","slug":"stf-articula-afastamento-de-deltan-da-lava-jato-apos-vazamentos-do-intercept","status":"publish","type":"post","link":"https:\/\/blogopara.com.br\/index.php\/2019\/08\/02\/stf-articula-afastamento-de-deltan-da-lava-jato-apos-vazamentos-do-intercept","title":{"rendered":"STF articula afastamento de Deltan da Lava Jato, ap\u00f3s vazamentos do Intercept"},"content":{"rendered":"<p style=\"text-align: justify;\">\u00c9 destaque em alguns blogs de noticias que ministros do Supremo Tribunal Federal est\u00e3o articulando medidas que devem resultar no afastamento de Deltan Dallagnol da Opera\u00e7\u00e3o Lava Jato, em Curitiba.<\/p>\n<p style=\"text-align: justify;\">Na quinta (1\/8), a Folha divulgou, em parceria com o Intercept Brasil, mensagens que mostram que Deltan alimentava e tinha conhecimento de investiga\u00e7\u00f5es que atingiriam o ministro Dias Toffoli e Gilmar Mendes por meio de suas esposas. Os ministros entenderam que Deltan usou a Lava Jato como instrumento de intimida\u00e7\u00e3o.<\/p>\n<p style=\"text-align: justify;\">Segundo o jornal, s\u00e3o dois os caminhos estudados para afastar Deltan: um pela Procuradoria Geral da Rep\u00fablica, pressionando Raquel Dodge para tirar o procurador do comando da for\u00e7a-tarefa de of\u00edcio. Essa hip\u00f3tese sofre resist\u00eancia da chefe do Minist\u00e9rio P\u00fablico Federal.<\/p>\n<p style=\"text-align: justify;\">O segundo meio seria determinar o afastamento no \u00e2mbito do inqu\u00e9rito sobre as fake news que tramita no STF, nas m\u00e3os de Alexandre de Moraes.<\/p>\n<p style=\"text-align: justify;\">Na noite de quinta, Moraes determinou que as mensagens apreendidas pela Pol\u00edcia Federal na Opera\u00e7\u00e3o Spoofing \u2013 que prendeu o hacker que Sergio Moro aponta como respons\u00e1vel pelo dossi\u00ea Intercept \u2013 sejam enviadas ao STF at\u00e9 a pr\u00f3xima semana.<\/p>\n<p style=\"text-align: justify;\">\u201cDiante de not\u00edcias veiculadas apontando ind\u00edcios de investiga\u00e7\u00e3o il\u00edcita contra ministros desta corte [STF], expe\u00e7a-se of\u00edcio ao ju\u00edzo da 10\u00aa Vara Federal Criminal de Bras\u00edlia solicitando c\u00f3pia integral do inqu\u00e9rito e de todo o material apreendido\u201d , determinou.<\/p>\n<p style=\"text-align: justify;\">Moraes tamb\u00e9m determinou suspens\u00e3o de investiga\u00e7\u00e3o da Receita Federal que atinjam os ministros. Dois servidores foram afastados pelo ministro.<\/p>\n<p style=\"text-align: justify;\">Al\u00e9m de Moraes, o ministro Luiz Fux \u2013 que apareceu no dossi\u00ea como alinhado \u00e0 Lava Jato \u2013 acolheu a\u00e7\u00e3o movida pelo PDT e tamb\u00e9m requisitou as mensagens da Opera\u00e7\u00e3o Spoofing.<\/p>\n<p style=\"text-align: justify;\">No caso de Toffoli, h\u00e1 ainda a confirma\u00e7\u00e3o de que os procuradores de Curitiba sabiam que o ministro era citado em dela\u00e7\u00e3o de L\u00e9o Pinheiro, da OAS. Mesmo com o candidato a delator dizendo que n\u00e3o havia corrup\u00e7\u00e3o na reforma de uma casa de Toffoli, Deltan insistiu que deveria existir investiga\u00e7\u00e3o para for\u00e7ar o magistrado a se declarar suspeito para tomar decis\u00f5es na opera\u00e7\u00e3o.<\/p>\n<p style=\"text-align: justify;\">A ofensiva de Deltan ocorreu depois que Toffoli despachou pelo menos duas vezes contrariando os interesses da Lava Jato. Em uma delas, impediu Paulo Bernardo, ex-ministro e marido da deputada Gleisi Hoffmann, de ser preso por falta de fundamenta\u00e7\u00e3o.<\/p>\n<p style=\"text-align: justify;\">Ainda n\u00e3o est\u00e1 claro o v\u00ednculo entre o dossi\u00ea Intercept e o material do hacker de Araraquara.<\/p>\n<pre>Fonte: jornalggn<\/pre>\n<div class=\"amp-ad-wrapper amp_ad_1 ampforwp-incontent-custom-banner ampforwp-incontent-ad2\">\n<div class=\"amp-hidden\" style=\"text-align: justify;\"><\/div>\n<\/div>\n","protected":false},"excerpt":{"rendered":"<p>C\u00f3pias de conversas s\u00e3o solicitadas por Fux e Moraes, que j\u00e1 havia suspendido investiga\u00e7\u00f5es contra ministros do Supremo.<\/p>\n","protected":false},"author":1,"featured_media":2119,"comment_status":"open","ping_status":"open","sticky":false,"template":"","format":"standard","meta":{"_uag_custom_page_level_css":"","_monsterinsights_skip_tracking":false,"_monsterinsights_sitenote_active":false,"_monsterinsights_sitenote_note":"","_monsterinsights_sitenote_category":0,"jetpack_post_was_ever_published":false,"_jetpack_newsletter_access":"","_jetpack_dont_email_post_to_subs":false,"_jetpack_newsletter_tier_id":0,"_jetpack_memberships_contains_paywalled_content":false,"_jetpack_memberships_contains_paid_content":false,"footnotes":"","jetpack_publicize_message":"","jetpack_publicize_feature_enabled":true,"jetpack_social_post_already_shared":true,"jetpack_social_options":{"image_generator_settings":{"template":"highway","default_image_id":0,"font":"","enabled":false},"version":2}},"categories":[200],"tags":[123,322,323],"class_list":["post-2117","post","type-post","status-publish","format-standard","has-post-thumbnail","hentry","category-brasil","tag-dellagnol","tag-stf","tag-toffoli"],"jetpack_publicize_connections":[],"jetpack_featured_media_url":"https:\/\/blogopara.com.br\/wp-content\/uploads\/2019\/08\/toffoli-indica-que-fundacao-da-lava-jato-e-um-crime-ong1-696x328.jpg","uagb_featured_image_src":{"full":["https:\/\/blogopara.com.br\/wp-content\/uploads\/2019\/08\/toffoli-indica-que-fundacao-da-lava-jato-e-um-crime-ong1-696x328.jpg",696,328,false],"thumbnail":["https:\/\/blogopara.com.br\/wp-content\/uploads\/2019\/08\/toffoli-indica-que-fundacao-da-lava-jato-e-um-crime-ong1-696x328-150x150.jpg",150,150,true],"medium":["https:\/\/blogopara.com.br\/wp-content\/uploads\/2019\/08\/toffoli-indica-que-fundacao-da-lava-jato-e-um-crime-ong1-696x328-300x141.jpg",300,141,true],"medium_large":["https:\/\/blogopara.com.br\/wp-content\/uploads\/2019\/08\/toffoli-indica-que-fundacao-da-lava-jato-e-um-crime-ong1-696x328.jpg",640,302,false],"large":["https:\/\/blogopara.com.br\/wp-content\/uploads\/2019\/08\/toffoli-indica-que-fundacao-da-lava-jato-e-um-crime-ong1-696x328.jpg",640,302,false],"1536x1536":["https:\/\/blogopara.com.br\/wp-content\/uploads\/2019\/08\/toffoli-indica-que-fundacao-da-lava-jato-e-um-crime-ong1-696x328.jpg",696,328,false],"2048x2048":["https:\/\/blogopara.com.br\/wp-content\/uploads\/2019\/08\/toffoli-indica-que-fundacao-da-lava-jato-e-um-crime-ong1-696x328.jpg",696,328,false],"mantranews-slider-large":["https:\/\/blogopara.com.br\/wp-content\/uploads\/2019\/08\/toffoli-indica-que-fundacao-da-lava-jato-e-um-crime-ong1-696x328.jpg",696,328,false],"mantranews-featured-medium":["https:\/\/blogopara.com.br\/wp-content\/uploads\/2019\/08\/toffoli-indica-que-fundacao-da-lava-jato-e-um-crime-ong1-696x328.jpg",420,198,false],"mantranews-featured-long":["https:\/\/blogopara.com.br\/wp-content\/uploads\/2019\/08\/toffoli-indica-que-fundacao-da-lava-jato-e-um-crime-ong1-696x328.jpg",300,141,false],"mantranews-block-medium":["https:\/\/blogopara.com.br\/wp-content\/uploads\/2019\/08\/toffoli-indica-que-fundacao-da-lava-jato-e-um-crime-ong1-696x328.jpg",464,219,false],"mantranews-carousel-image":["https:\/\/blogopara.com.br\/wp-content\/uploads\/2019\/08\/toffoli-indica-que-fundacao-da-lava-jato-e-um-crime-ong1-696x328.jpg",600,283,false],"mantranews-block-thumb":["https:\/\/blogopara.com.br\/wp-content\/uploads\/2019\/08\/toffoli-indica-que-fundacao-da-lava-jato-e-um-crime-ong1-696x328.jpg",322,152,false],"mantranews-single-large":["https:\/\/blogopara.com.br\/wp-content\/uploads\/2019\/08\/toffoli-indica-que-fundacao-da-lava-jato-e-um-crime-ong1-696x328.jpg",696,328,false]},"uagb_author_info":{"display_name":"Reda\u00e7\u00e3o geral","author_link":"https:\/\/blogopara.com.br\/index.php\/author\/blogopara"},"uagb_comment_info":0,"uagb_excerpt":"C\u00f3pias de conversas s\u00e3o solicitadas por Fux e Moraes, que j\u00e1 havia suspendido investiga\u00e7\u00f5es contra ministros do Supremo.","jetpack_sharing_enabled":true,"jetpack_likes_enabled":true,"_links":{"self":[{"href":"https:\/\/blogopara.com.br\/index.php\/wp-json\/wp\/v2\/posts\/2117","targetHints":{"allow":["GET"]}}],"collection":[{"href":"https:\/\/blogopara.com.br\/index.php\/wp-json\/wp\/v2\/posts"}],"about":[{"href":"https:\/\/blogopara.com.br\/index.php\/wp-json\/wp\/v2\/types\/post"}],"author":[{"embeddable":true,"href":"https:\/\/blogopara.com.br\/index.php\/wp-json\/wp\/v2\/users\/1"}],"replies":[{"embeddable":true,"href":"https:\/\/blogopara.com.br\/index.php\/wp-json\/wp\/v2\/comments?post=2117"}],"version-history":[{"count":2,"href":"https:\/\/blogopara.com.br\/index.php\/wp-json\/wp\/v2\/posts\/2117\/revisions"}],"predecessor-version":[{"id":2120,"href":"https:\/\/blogopara.com.br\/index.php\/wp-json\/wp\/v2\/posts\/2117\/revisions\/2120"}],"wp:featuredmedia":[{"embeddable":true,"href":"https:\/\/blogopara.com.br\/index.php\/wp-json\/wp\/v2\/media\/2119"}],"wp:attachment":[{"href":"https:\/\/blogopara.com.br\/index.php\/wp-json\/wp\/v2\/media?parent=2117"}],"wp:term":[{"taxonomy":"category","embeddable":true,"href":"https:\/\/blogopara.com.br\/index.php\/wp-json\/wp\/v2\/categories?post=2117"},{"taxonomy":"post_tag","embeddable":true,"href":"https:\/\/blogopara.com.br\/index.php\/wp-json\/wp\/v2\/tags?post=2117"}],"curies":[{"name":"wp","href":"https:\/\/api.w.org\/{rel}","templated":true}]}}