{"id":21252,"date":"2021-03-26T13:10:00","date_gmt":"2021-03-26T16:10:00","guid":{"rendered":"https:\/\/blogopara.com.br\/?p=21252"},"modified":"2021-03-26T12:54:09","modified_gmt":"2021-03-26T15:54:09","slug":"pc-de-pernambuco-da-apoio-a-operacao-black-money-que-desarticulou-organizacao-criminosa-que-praticava-lavagem-de-dinheiro","status":"publish","type":"post","link":"https:\/\/blogopara.com.br\/index.php\/2021\/03\/26\/pc-de-pernambuco-da-apoio-a-operacao-black-money-que-desarticulou-organizacao-criminosa-que-praticava-lavagem-de-dinheiro","title":{"rendered":"PC de Pernambuco d\u00e1 apoio a Opera\u00e7\u00e3o Black Money que desarticulou organiza\u00e7\u00e3o criminosa que praticava lavagem de dinheiro"},"content":{"rendered":"<p style=\"text-align: justify;\">A Pol\u00edcia Civil de Pernambuco prestou apoio na manh\u00e3 desta quinta-feira, 25, ao Minist\u00e9rio P\u00fablico de Pernambuco \u2013 MPPE e ao Minist\u00e9rio P\u00fablico de Minas Gerais &#8211; MPMG que desencadearam a opera\u00e7\u00e3o de repress\u00e3o qualificada denominada &#8220;Black Monday\u201d.<\/p>\n<p style=\"text-align: justify;\">A investiga\u00e7\u00e3o foi iniciada com o objetivo de identificar e desarticular integrantes de Organiza\u00e7\u00e3o Criminosa voltada \u00e0 pr\u00e1tica do crime de Lavagem de Dinheiro. Foram cumpridos cinco mandados de pris\u00e3o tempor\u00e1ria e 17 mandados de busca e apreens\u00e3o domiciliar expedidos pelo Poder judici\u00e1rio.<\/p>\n<p style=\"text-align: justify;\">A Policia Civil de Pernambuco orienta que, se houver mais v\u00edtimas, que elas entrem em contato com as Delegacias de Combate \u00e0 Corrup\u00e7\u00e3o do DRACCO, que tem unidades no Recife, Caruaru e Petrolina: Telefone: (87) 98877-2205 e E-mail: <a href=\"mailto:4deccor@policiacivil.pe.gov.br\">4deccor@policiacivil.pe.gov.br<\/a><\/p>\n<p style=\"text-align: justify;\">Os detalhes da referida opera\u00e7\u00e3o ser\u00e3o divulgados pela Assessoria de Comunica\u00e7\u00e3o do MINIST\u00c9RIO P\u00daBLICO DE PERNAMBUCO \u2013 MPPE, em momento oportuno. (Imagem ilustrativa)<\/p>\n<p style=\"text-align: justify;\">Da Reda\u00e7\u00e3o com informa\u00e7\u00f5es da Ascom PC-PE.<\/p>\n","protected":false},"excerpt":{"rendered":"<p>A Pol\u00edcia Civil de Pernambuco prestou apoio na manh\u00e3 desta quinta-feira, 25, ao Minist\u00e9rio P\u00fablico de Pernambuco \u2013 MPPE e ao Minist\u00e9rio P\u00fablico de Minas Gerais &#8211; MPMG que desencadearam a opera\u00e7\u00e3o de repress\u00e3o qualificada denominada &#8220;Black Monday\u201d. A investiga\u00e7\u00e3o foi iniciada com o objetivo de identificar e desarticular integrantes de Organiza\u00e7\u00e3o Criminosa voltada \u00e0 [&hellip;]<\/p>\n","protected":false},"author":1,"featured_media":21253,"comment_status":"closed","ping_status":"open","sticky":false,"template":"","format":"standard","meta":{"_uag_custom_page_level_css":"","_monsterinsights_skip_tracking":false,"_monsterinsights_sitenote_active":false,"_monsterinsights_sitenote_note":"","_monsterinsights_sitenote_category":0,"jetpack_post_was_ever_published":false,"_jetpack_newsletter_access":"","_jetpack_dont_email_post_to_subs":false,"_jetpack_newsletter_tier_id":0,"_jetpack_memberships_contains_paywalled_content":false,"_jetpack_memberships_contains_paid_content":false,"footnotes":"","jetpack_publicize_message":"","jetpack_publicize_feature_enabled":true,"jetpack_social_post_already_shared":true,"jetpack_social_options":{"image_generator_settings":{"template":"highway","default_image_id":0,"font":"","enabled":false},"version":2}},"categories":[202],"tags":[2282,2283,810,1902],"class_list":["post-21252","post","type-post","status-publish","format-standard","has-post-thumbnail","hentry","category-policia","tag-black-monday","tag-lavagem-de-dinheiro","tag-operacao","tag-pcpe"],"jetpack_publicize_connections":[],"jetpack_featured_media_url":"https:\/\/blogopara.com.br\/wp-content\/uploads\/2021\/03\/lavagem26.03.jpg","uagb_featured_image_src":{"full":["https:\/\/blogopara.com.br\/wp-content\/uploads\/2021\/03\/lavagem26.03.jpg",500,300,false],"thumbnail":["https:\/\/blogopara.com.br\/wp-content\/uploads\/2021\/03\/lavagem26.03-150x150.jpg",150,150,true],"medium":["https:\/\/blogopara.com.br\/wp-content\/uploads\/2021\/03\/lavagem26.03-300x180.jpg",300,180,true],"medium_large":["https:\/\/blogopara.com.br\/wp-content\/uploads\/2021\/03\/lavagem26.03.jpg",500,300,false],"large":["https:\/\/blogopara.com.br\/wp-content\/uploads\/2021\/03\/lavagem26.03.jpg",500,300,false],"1536x1536":["https:\/\/blogopara.com.br\/wp-content\/uploads\/2021\/03\/lavagem26.03.jpg",500,300,false],"2048x2048":["https:\/\/blogopara.com.br\/wp-content\/uploads\/2021\/03\/lavagem26.03.jpg",500,300,false],"mantranews-slider-large":["https:\/\/blogopara.com.br\/wp-content\/uploads\/2021\/03\/lavagem26.03.jpg",500,300,false],"mantranews-featured-medium":["https:\/\/blogopara.com.br\/wp-content\/uploads\/2021\/03\/lavagem26.03-420x300.jpg",420,300,true],"mantranews-featured-long":["https:\/\/blogopara.com.br\/wp-content\/uploads\/2021\/03\/lavagem26.03-300x300.jpg",300,300,true],"mantranews-block-medium":["https:\/\/blogopara.com.br\/wp-content\/uploads\/2021\/03\/lavagem26.03-464x290.jpg",464,290,true],"mantranews-carousel-image":["https:\/\/blogopara.com.br\/wp-content\/uploads\/2021\/03\/lavagem26.03.jpg",500,300,false],"mantranews-block-thumb":["https:\/\/blogopara.com.br\/wp-content\/uploads\/2021\/03\/lavagem26.03-322x230.jpg",322,230,true],"mantranews-single-large":["https:\/\/blogopara.com.br\/wp-content\/uploads\/2021\/03\/lavagem26.03.jpg",500,300,false]},"uagb_author_info":{"display_name":"Reda\u00e7\u00e3o geral","author_link":"https:\/\/blogopara.com.br\/index.php\/author\/blogopara"},"uagb_comment_info":0,"uagb_excerpt":"A Pol\u00edcia Civil de Pernambuco prestou apoio na manh\u00e3 desta quinta-feira, 25, ao Minist\u00e9rio P\u00fablico de Pernambuco \u2013 MPPE e ao Minist\u00e9rio P\u00fablico de Minas Gerais &#8211; MPMG que desencadearam a opera\u00e7\u00e3o de repress\u00e3o qualificada denominada &#8220;Black Monday\u201d. A investiga\u00e7\u00e3o foi iniciada com o objetivo de identificar e desarticular integrantes de Organiza\u00e7\u00e3o Criminosa voltada \u00e0&hellip;","jetpack_sharing_enabled":true,"jetpack_likes_enabled":true,"_links":{"self":[{"href":"https:\/\/blogopara.com.br\/index.php\/wp-json\/wp\/v2\/posts\/21252","targetHints":{"allow":["GET"]}}],"collection":[{"href":"https:\/\/blogopara.com.br\/index.php\/wp-json\/wp\/v2\/posts"}],"about":[{"href":"https:\/\/blogopara.com.br\/index.php\/wp-json\/wp\/v2\/types\/post"}],"author":[{"embeddable":true,"href":"https:\/\/blogopara.com.br\/index.php\/wp-json\/wp\/v2\/users\/1"}],"replies":[{"embeddable":true,"href":"https:\/\/blogopara.com.br\/index.php\/wp-json\/wp\/v2\/comments?post=21252"}],"version-history":[{"count":1,"href":"https:\/\/blogopara.com.br\/index.php\/wp-json\/wp\/v2\/posts\/21252\/revisions"}],"predecessor-version":[{"id":21254,"href":"https:\/\/blogopara.com.br\/index.php\/wp-json\/wp\/v2\/posts\/21252\/revisions\/21254"}],"wp:featuredmedia":[{"embeddable":true,"href":"https:\/\/blogopara.com.br\/index.php\/wp-json\/wp\/v2\/media\/21253"}],"wp:attachment":[{"href":"https:\/\/blogopara.com.br\/index.php\/wp-json\/wp\/v2\/media?parent=21252"}],"wp:term":[{"taxonomy":"category","embeddable":true,"href":"https:\/\/blogopara.com.br\/index.php\/wp-json\/wp\/v2\/categories?post=21252"},{"taxonomy":"post_tag","embeddable":true,"href":"https:\/\/blogopara.com.br\/index.php\/wp-json\/wp\/v2\/tags?post=21252"}],"curies":[{"name":"wp","href":"https:\/\/api.w.org\/{rel}","templated":true}]}}