{"id":21258,"date":"2021-03-26T16:21:00","date_gmt":"2021-03-26T19:21:00","guid":{"rendered":"https:\/\/blogopara.com.br\/?p=21258"},"modified":"2021-03-26T14:25:35","modified_gmt":"2021-03-26T17:25:35","slug":"prf-apreende-2-toneladas-de-maconha-na-bahia-e-faz-maior-apreensao-do-ano-no-estado","status":"publish","type":"post","link":"https:\/\/blogopara.com.br\/index.php\/2021\/03\/26\/prf-apreende-2-toneladas-de-maconha-na-bahia-e-faz-maior-apreensao-do-ano-no-estado","title":{"rendered":"PRF apreende 2 toneladas de maconha na Bahia e faz maior apreens\u00e3o do ano no estado"},"content":{"rendered":"<p style=\"text-align: justify;\">A Pol\u00edcia Rodovi\u00e1ria Federal (PRF) apreendeu 2 toneladas de maconha em um caminh\u00e3o de mudan\u00e7as, no munic\u00edpio de Humildes, a cerca de 100 km de Salvador, na noite desta \u00faltima quarta-feira (24). A droga \u00e9 avaliada em cerca de R$ 2 milh\u00f5es.<\/p>\n<p style=\"text-align: justify;\">Segundo a Pol\u00edcia Rodovi\u00e1ria Federal, uma equipe abordou o motorista do um caminh\u00e3o ba\u00fa, que demonstrou nervosismo. Ao ser questionado sobre a carga, o homem disse \u00e0 equipe que estava transportando uma carga de mudan\u00e7a.<\/p>\n<p style=\"text-align: justify;\">Ao abrirem o compartimento de carga, os policiais encontraram v\u00e1rios fardos de maconha escondidos em meio a objetos de uma mudan\u00e7a. Ap\u00f3s o descarregamento, a droga totalizou 2 toneladas. O motorista confessou que a carga de maconha saiu do sudeste do pa\u00eds e seguiria at\u00e9 o estado do Pernambuco.<\/p>\n<p style=\"text-align: justify;\">O motorista, a droga e o caminh\u00e3o foram encaminhados para a Delegacia de Pol\u00edcia Judici\u00e1ria de Feira de Santana. Ele foi preso e responder\u00e1 por tr\u00e1fico de droga.<\/p>\n<p style=\"text-align: justify;\">Da Reda\u00e7\u00e3o.<\/p>\n","protected":false},"excerpt":{"rendered":"<p>A Pol\u00edcia Rodovi\u00e1ria Federal (PRF) apreendeu 2 toneladas de maconha em um caminh\u00e3o de mudan\u00e7as, no munic\u00edpio de Humildes, a cerca de 100 km de Salvador, na noite desta \u00faltima quarta-feira (24). A droga \u00e9 avaliada em cerca de R$ 2 milh\u00f5es. Segundo a Pol\u00edcia Rodovi\u00e1ria Federal, uma equipe abordou o motorista do um caminh\u00e3o [&hellip;]<\/p>\n","protected":false},"author":1,"featured_media":21259,"comment_status":"closed","ping_status":"open","sticky":false,"template":"","format":"standard","meta":{"_uag_custom_page_level_css":"","_monsterinsights_skip_tracking":false,"_monsterinsights_sitenote_active":false,"_monsterinsights_sitenote_note":"","_monsterinsights_sitenote_category":0,"jetpack_post_was_ever_published":false,"_jetpack_newsletter_access":"","_jetpack_dont_email_post_to_subs":false,"_jetpack_newsletter_tier_id":0,"_jetpack_memberships_contains_paywalled_content":false,"_jetpack_memberships_contains_paid_content":false,"footnotes":"","jetpack_publicize_message":"","jetpack_publicize_feature_enabled":true,"jetpack_social_post_already_shared":true,"jetpack_social_options":{"image_generator_settings":{"template":"highway","default_image_id":0,"font":"","enabled":false},"version":2}},"categories":[202],"tags":[11,878,1966,1364,2285],"class_list":["post-21258","post","type-post","status-publish","format-standard","has-post-thumbnail","hentry","category-policia","tag-bahia","tag-drogas","tag-maconha","tag-prf","tag-toneladas"],"jetpack_publicize_connections":[],"jetpack_featured_media_url":"https:\/\/blogopara.com.br\/wp-content\/uploads\/2021\/03\/Apreensao26.03.jpeg","uagb_featured_image_src":{"full":["https:\/\/blogopara.com.br\/wp-content\/uploads\/2021\/03\/Apreensao26.03.jpeg",500,294,false],"thumbnail":["https:\/\/blogopara.com.br\/wp-content\/uploads\/2021\/03\/Apreensao26.03-150x150.jpeg",150,150,true],"medium":["https:\/\/blogopara.com.br\/wp-content\/uploads\/2021\/03\/Apreensao26.03-300x176.jpeg",300,176,true],"medium_large":["https:\/\/blogopara.com.br\/wp-content\/uploads\/2021\/03\/Apreensao26.03.jpeg",500,294,false],"large":["https:\/\/blogopara.com.br\/wp-content\/uploads\/2021\/03\/Apreensao26.03.jpeg",500,294,false],"1536x1536":["https:\/\/blogopara.com.br\/wp-content\/uploads\/2021\/03\/Apreensao26.03.jpeg",500,294,false],"2048x2048":["https:\/\/blogopara.com.br\/wp-content\/uploads\/2021\/03\/Apreensao26.03.jpeg",500,294,false],"mantranews-slider-large":["https:\/\/blogopara.com.br\/wp-content\/uploads\/2021\/03\/Apreensao26.03.jpeg",500,294,false],"mantranews-featured-medium":["https:\/\/blogopara.com.br\/wp-content\/uploads\/2021\/03\/Apreensao26.03-420x294.jpeg",420,294,true],"mantranews-featured-long":["https:\/\/blogopara.com.br\/wp-content\/uploads\/2021\/03\/Apreensao26.03-300x294.jpeg",300,294,true],"mantranews-block-medium":["https:\/\/blogopara.com.br\/wp-content\/uploads\/2021\/03\/Apreensao26.03-464x290.jpeg",464,290,true],"mantranews-carousel-image":["https:\/\/blogopara.com.br\/wp-content\/uploads\/2021\/03\/Apreensao26.03.jpeg",500,294,false],"mantranews-block-thumb":["https:\/\/blogopara.com.br\/wp-content\/uploads\/2021\/03\/Apreensao26.03-322x230.jpeg",322,230,true],"mantranews-single-large":["https:\/\/blogopara.com.br\/wp-content\/uploads\/2021\/03\/Apreensao26.03.jpeg",500,294,false]},"uagb_author_info":{"display_name":"Reda\u00e7\u00e3o geral","author_link":"https:\/\/blogopara.com.br\/index.php\/author\/blogopara"},"uagb_comment_info":0,"uagb_excerpt":"A Pol\u00edcia Rodovi\u00e1ria Federal (PRF) apreendeu 2 toneladas de maconha em um caminh\u00e3o de mudan\u00e7as, no munic\u00edpio de Humildes, a cerca de 100 km de Salvador, na noite desta \u00faltima quarta-feira (24). A droga \u00e9 avaliada em cerca de R$ 2 milh\u00f5es. Segundo a Pol\u00edcia Rodovi\u00e1ria Federal, uma equipe abordou o motorista do um caminh\u00e3o&hellip;","jetpack_sharing_enabled":true,"jetpack_likes_enabled":true,"_links":{"self":[{"href":"https:\/\/blogopara.com.br\/index.php\/wp-json\/wp\/v2\/posts\/21258","targetHints":{"allow":["GET"]}}],"collection":[{"href":"https:\/\/blogopara.com.br\/index.php\/wp-json\/wp\/v2\/posts"}],"about":[{"href":"https:\/\/blogopara.com.br\/index.php\/wp-json\/wp\/v2\/types\/post"}],"author":[{"embeddable":true,"href":"https:\/\/blogopara.com.br\/index.php\/wp-json\/wp\/v2\/users\/1"}],"replies":[{"embeddable":true,"href":"https:\/\/blogopara.com.br\/index.php\/wp-json\/wp\/v2\/comments?post=21258"}],"version-history":[{"count":1,"href":"https:\/\/blogopara.com.br\/index.php\/wp-json\/wp\/v2\/posts\/21258\/revisions"}],"predecessor-version":[{"id":21260,"href":"https:\/\/blogopara.com.br\/index.php\/wp-json\/wp\/v2\/posts\/21258\/revisions\/21260"}],"wp:featuredmedia":[{"embeddable":true,"href":"https:\/\/blogopara.com.br\/index.php\/wp-json\/wp\/v2\/media\/21259"}],"wp:attachment":[{"href":"https:\/\/blogopara.com.br\/index.php\/wp-json\/wp\/v2\/media?parent=21258"}],"wp:term":[{"taxonomy":"category","embeddable":true,"href":"https:\/\/blogopara.com.br\/index.php\/wp-json\/wp\/v2\/categories?post=21258"},{"taxonomy":"post_tag","embeddable":true,"href":"https:\/\/blogopara.com.br\/index.php\/wp-json\/wp\/v2\/tags?post=21258"}],"curies":[{"name":"wp","href":"https:\/\/api.w.org\/{rel}","templated":true}]}}