{"id":21280,"date":"2021-03-26T14:10:00","date_gmt":"2021-03-26T17:10:00","guid":{"rendered":"https:\/\/blogopara.com.br\/?p=21280"},"modified":"2021-03-26T15:25:09","modified_gmt":"2021-03-26T18:25:09","slug":"idosos-reclamam-falta-de-vacinas-nos-postos-de-saude-e-coordenador-regional-de-saude-confirma-chegada-de-novas-doses-nesta-sexta-feira-26","status":"publish","type":"post","link":"https:\/\/blogopara.com.br\/index.php\/2021\/03\/26\/idosos-reclamam-falta-de-vacinas-nos-postos-de-saude-e-coordenador-regional-de-saude-confirma-chegada-de-novas-doses-nesta-sexta-feira-26","title":{"rendered":"Idosos reclamam a falta de vacinas nos postos de sa\u00fade e coordenador regional de sa\u00fade confirma chegada de novas doses nesta sexta-feira (26)"},"content":{"rendered":"<p>Ap\u00f3s divulga\u00e7\u00e3o do cronograma de vacina\u00e7\u00e3o pela Prefeitura de Juazeiro em que contemplava idosos a partir de 67 anos iniciando na quarta-feira, dia 24, com Drive Truh, e reclama\u00e7\u00e3o da popula\u00e7\u00e3o durante toda semana sobre a falta de vacinas nas unidades de sa\u00fade do munic\u00edpio, o coordenador do N\u00facleo Regional de Sa\u00fade, Dr. Pedro Alc\u00e2ntara confirmou para hoje (26), a chegada das novas doses da vacina contra a Covid-19.<\/p>\n<p>Em nota divulgada no inicio da tarde de hoje, a Prefeitura de Juazeiro informa que far\u00e1 plant\u00e3o de vacina\u00e7\u00e3o contra Covid-19 na sede e no interior neste s\u00e1bado (27). De acordo com a nota, Juazeiro recebeu 3.910 doses. Na cidade, o p\u00fablico alvo para receber a primeira dose da vacina, \u00e9 de idosos acima de 67 anos.<\/p>\n<p>Tr\u00eas postos estrat\u00e9gicos receber\u00e3o exclusivamente essa faixa et\u00e1ria. Um posto fixo, montado no primeiro piso do Ju\u00e1 Garden Shopping, um posto no Campus da Univasf e o outro posto na Creche Mari\u00e1 Tanuri, localizada no bairro Santo Ant\u00f4nio. O funcionamento ser\u00e1 das 8h \u00e0s 12h.<\/p>\n<p><strong>Zona rural<\/strong><\/p>\n<p>No interior do Munic\u00edpio, receber\u00e3o a primeira dose, idosos acima de 65 anos, que moram nas comunidades de Capim de Raiz, Lagoa do Salitre, Goiabeira, Junco, Carna\u00edba, Massaroca, Ab\u00f3bora, Po\u00e7\u00f5es, Pinh\u00f5es, Lagoa do Boi, Mandacaru I, Jatob\u00e1, CAJ e Conchas. O\u00a0 hor\u00e1rio ser\u00e1 das 8h \u00e0s 12h.<\/p>\n<p><strong>Documentos<\/strong><\/p>\n<p>Para receber a vacina o idoso deve apresentar o cart\u00e3o de vacina, CPF, cart\u00e3o do SUS, documento com foto e comprovante de resid\u00eancia.<\/p>\n<p>Servi\u00e7o:<\/p>\n<p>Vacina\u00e7\u00e3o contra Covid-19<\/p>\n<p>Dia: 27 de mar\u00e7o, s\u00e1bado<\/p>\n<p>Locais: Ju\u00e1 Garden Shopping, Campus da Univasf e Creche Mari\u00e1 Tanuri<\/p>\n<p>P\u00fablico: idosos a partir de 67 anos (1\u00aa dose)<\/p>\n<p>Hor\u00e1rio: 8h \u00e0s 12h<\/p>\n<p><strong>Iana Lima Jornalista com informa\u00e7\u00f5es da Ascom PMJ.<\/strong><\/p>\n","protected":false},"excerpt":{"rendered":"<p>Ap\u00f3s divulga\u00e7\u00e3o do cronograma de vacina\u00e7\u00e3o pela Prefeitura de Juazeiro em que contemplava idosos a partir de 67 anos iniciando na quarta-feira, dia 24, com Drive Truh, e reclama\u00e7\u00e3o da popula\u00e7\u00e3o durante toda semana sobre a falta de vacinas nas unidades de sa\u00fade do munic\u00edpio, o coordenador do N\u00facleo Regional de Sa\u00fade, Dr. Pedro Alc\u00e2ntara [&hellip;]<\/p>\n","protected":false},"author":1,"featured_media":21281,"comment_status":"closed","ping_status":"open","sticky":false,"template":"","format":"standard","meta":{"_uag_custom_page_level_css":"","_monsterinsights_skip_tracking":false,"_monsterinsights_sitenote_active":false,"_monsterinsights_sitenote_note":"","_monsterinsights_sitenote_category":0,"jetpack_post_was_ever_published":false,"_jetpack_newsletter_access":"","_jetpack_dont_email_post_to_subs":false,"_jetpack_newsletter_tier_id":0,"_jetpack_memberships_contains_paywalled_content":false,"_jetpack_memberships_contains_paid_content":false,"footnotes":"","jetpack_publicize_message":"","jetpack_publicize_feature_enabled":true,"jetpack_social_post_already_shared":true,"jetpack_social_options":{"image_generator_settings":{"template":"highway","default_image_id":0,"font":"","enabled":false},"version":2}},"categories":[1624],"tags":[2244,2150],"class_list":["post-21280","post","type-post","status-publish","format-standard","has-post-thumbnail","hentry","category-covid-19","tag-doses","tag-posto-de-vacinacao"],"jetpack_publicize_connections":[],"jetpack_featured_media_url":"https:\/\/blogopara.com.br\/wp-content\/uploads\/2021\/03\/Vacinacao.jpg","uagb_featured_image_src":{"full":["https:\/\/blogopara.com.br\/wp-content\/uploads\/2021\/03\/Vacinacao.jpg",500,333,false],"thumbnail":["https:\/\/blogopara.com.br\/wp-content\/uploads\/2021\/03\/Vacinacao-150x150.jpg",150,150,true],"medium":["https:\/\/blogopara.com.br\/wp-content\/uploads\/2021\/03\/Vacinacao-300x200.jpg",300,200,true],"medium_large":["https:\/\/blogopara.com.br\/wp-content\/uploads\/2021\/03\/Vacinacao.jpg",500,333,false],"large":["https:\/\/blogopara.com.br\/wp-content\/uploads\/2021\/03\/Vacinacao.jpg",500,333,false],"1536x1536":["https:\/\/blogopara.com.br\/wp-content\/uploads\/2021\/03\/Vacinacao.jpg",500,333,false],"2048x2048":["https:\/\/blogopara.com.br\/wp-content\/uploads\/2021\/03\/Vacinacao.jpg",500,333,false],"mantranews-slider-large":["https:\/\/blogopara.com.br\/wp-content\/uploads\/2021\/03\/Vacinacao.jpg",500,333,false],"mantranews-featured-medium":["https:\/\/blogopara.com.br\/wp-content\/uploads\/2021\/03\/Vacinacao-420x307.jpg",420,307,true],"mantranews-featured-long":["https:\/\/blogopara.com.br\/wp-content\/uploads\/2021\/03\/Vacinacao-300x333.jpg",300,333,true],"mantranews-block-medium":["https:\/\/blogopara.com.br\/wp-content\/uploads\/2021\/03\/Vacinacao-464x290.jpg",464,290,true],"mantranews-carousel-image":["https:\/\/blogopara.com.br\/wp-content\/uploads\/2021\/03\/Vacinacao.jpg",500,333,false],"mantranews-block-thumb":["https:\/\/blogopara.com.br\/wp-content\/uploads\/2021\/03\/Vacinacao-322x230.jpg",322,230,true],"mantranews-single-large":["https:\/\/blogopara.com.br\/wp-content\/uploads\/2021\/03\/Vacinacao.jpg",500,333,false]},"uagb_author_info":{"display_name":"Reda\u00e7\u00e3o geral","author_link":"https:\/\/blogopara.com.br\/index.php\/author\/blogopara"},"uagb_comment_info":0,"uagb_excerpt":"Ap\u00f3s divulga\u00e7\u00e3o do cronograma de vacina\u00e7\u00e3o pela Prefeitura de Juazeiro em que contemplava idosos a partir de 67 anos iniciando na quarta-feira, dia 24, com Drive Truh, e reclama\u00e7\u00e3o da popula\u00e7\u00e3o durante toda semana sobre a falta de vacinas nas unidades de sa\u00fade do munic\u00edpio, o coordenador do N\u00facleo Regional de Sa\u00fade, Dr. Pedro Alc\u00e2ntara&hellip;","jetpack_sharing_enabled":true,"jetpack_likes_enabled":true,"_links":{"self":[{"href":"https:\/\/blogopara.com.br\/index.php\/wp-json\/wp\/v2\/posts\/21280","targetHints":{"allow":["GET"]}}],"collection":[{"href":"https:\/\/blogopara.com.br\/index.php\/wp-json\/wp\/v2\/posts"}],"about":[{"href":"https:\/\/blogopara.com.br\/index.php\/wp-json\/wp\/v2\/types\/post"}],"author":[{"embeddable":true,"href":"https:\/\/blogopara.com.br\/index.php\/wp-json\/wp\/v2\/users\/1"}],"replies":[{"embeddable":true,"href":"https:\/\/blogopara.com.br\/index.php\/wp-json\/wp\/v2\/comments?post=21280"}],"version-history":[{"count":3,"href":"https:\/\/blogopara.com.br\/index.php\/wp-json\/wp\/v2\/posts\/21280\/revisions"}],"predecessor-version":[{"id":21303,"href":"https:\/\/blogopara.com.br\/index.php\/wp-json\/wp\/v2\/posts\/21280\/revisions\/21303"}],"wp:featuredmedia":[{"embeddable":true,"href":"https:\/\/blogopara.com.br\/index.php\/wp-json\/wp\/v2\/media\/21281"}],"wp:attachment":[{"href":"https:\/\/blogopara.com.br\/index.php\/wp-json\/wp\/v2\/media?parent=21280"}],"wp:term":[{"taxonomy":"category","embeddable":true,"href":"https:\/\/blogopara.com.br\/index.php\/wp-json\/wp\/v2\/categories?post=21280"},{"taxonomy":"post_tag","embeddable":true,"href":"https:\/\/blogopara.com.br\/index.php\/wp-json\/wp\/v2\/tags?post=21280"}],"curies":[{"name":"wp","href":"https:\/\/api.w.org\/{rel}","templated":true}]}}