{"id":21332,"date":"2021-03-28T17:02:00","date_gmt":"2021-03-28T20:02:00","guid":{"rendered":"https:\/\/blogopara.com.br\/?p=21332"},"modified":"2021-03-27T17:04:29","modified_gmt":"2021-03-27T20:04:29","slug":"primeira-promotoria-de-justica-lgbtqia-do-pais-e-criada-pelo-mp-ba","status":"publish","type":"post","link":"https:\/\/blogopara.com.br\/index.php\/2021\/03\/28\/primeira-promotoria-de-justica-lgbtqia-do-pais-e-criada-pelo-mp-ba","title":{"rendered":"Primeira Promotoria de Justi\u00e7a LGBTQIA+ do pa\u00eds \u00e9 criada pelo MP-BA"},"content":{"rendered":"<p style=\"text-align: justify;\">Atrav\u00e9s do Centro de Apoio Especial aos Direitos Humanos (CAODH), o Minist\u00e9rio P\u00fablico da Bahia (MP-BA) instalou primeira Promotoria de Justi\u00e7a especializada na defesa da popula\u00e7\u00e3o LGBTQIA+. A unidade visa dar apoio a pol\u00edticas p\u00fablicas e institucionais que impulsionem os direitos desse p\u00fablico e ampliem a visibilidade do tema nas mais diversas comunidades.<ins class=\"adsbygoogle\" data-ad-layout=\"in-article\" data-ad-format=\"fluid\" data-ad-client=\"ca-pub-2345950003494206\" data-ad-slot=\"8842292873\" data-adsbygoogle-status=\"done\"><ins id=\"aswift_1_expand\" tabindex=\"0\" title=\"Advertisement\" aria-label=\"Advertisement\"><ins id=\"aswift_1_anchor\"><\/ins><\/ins><\/ins><\/p>\n<p style=\"text-align: justify;\">Coordenador do CAODH, o promotor de Justi\u00e7a Edvaldo Vivas disse que \u201cos avan\u00e7os que a popula\u00e7\u00e3o LGBT conseguiu em suas pautas na \u00faltima d\u00e9cada se devem sobremaneira \u00e0 atua\u00e7\u00e3o dos \u00f3rg\u00e3os de Justi\u00e7a\u201d. \u201cEntretanto, muito ainda precisa ser feito para assegurar sua cidadania plena\u201d, declarou.<\/p>\n<p style=\"text-align: justify;\">A nova Promotoria de Justi\u00e7a tem atua\u00e7\u00e3o judicial e extrajudicial na prote\u00e7\u00e3o de direitos, especialmente no atendimento e na defesa dos interesses difusos e coletivos desse p\u00fablico. \u201cAgora com a cria\u00e7\u00e3o da promotoria, a tem\u00e1tica LGBTQIA+ se torna mais vis\u00edvel na medida em que sai do campo \u2018provis\u00f3rio\u2019 de um grupo que tem um tempo de exist\u00eancia e passa a integrar a tem\u00e1tica espec\u00edfica de uma promotoria de Justi\u00e7a\u201d, destacou a promotora de Justi\u00e7a M\u00e1rcia Teixeira.<\/p>\n<p style=\"text-align: justify;\">\n","protected":false},"excerpt":{"rendered":"<p>Atrav\u00e9s do Centro de Apoio Especial aos Direitos Humanos (CAODH), o Minist\u00e9rio P\u00fablico da Bahia (MP-BA) instalou primeira Promotoria de Justi\u00e7a especializada na defesa da popula\u00e7\u00e3o LGBTQIA+. A unidade visa dar apoio a pol\u00edticas p\u00fablicas e institucionais que impulsionem os direitos desse p\u00fablico e ampliem a visibilidade do tema nas mais diversas comunidades. Coordenador do [&hellip;]<\/p>\n","protected":false},"author":1,"featured_media":21333,"comment_status":"closed","ping_status":"open","sticky":false,"template":"","format":"standard","meta":{"_uag_custom_page_level_css":"","_monsterinsights_skip_tracking":false,"_monsterinsights_sitenote_active":false,"_monsterinsights_sitenote_note":"","_monsterinsights_sitenote_category":0,"jetpack_post_was_ever_published":false,"_jetpack_newsletter_access":"","_jetpack_dont_email_post_to_subs":false,"_jetpack_newsletter_tier_id":0,"_jetpack_memberships_contains_paywalled_content":false,"_jetpack_memberships_contains_paid_content":false,"footnotes":"","jetpack_publicize_message":"","jetpack_publicize_feature_enabled":true,"jetpack_social_post_already_shared":true,"jetpack_social_options":{"image_generator_settings":{"template":"highway","default_image_id":0,"font":"","enabled":false},"version":2}},"categories":[199],"tags":[11,150,247,2220,688],"class_list":["post-21332","post","type-post","status-publish","format-standard","has-post-thumbnail","hentry","category-bahia","tag-bahia","tag-cidadania","tag-direitos","tag-lgbtqi","tag-mp"],"jetpack_publicize_connections":[],"jetpack_featured_media_url":"https:\/\/blogopara.com.br\/wp-content\/uploads\/2021\/03\/IMAGEM_NOTICIA_5-3-1.jpg","uagb_featured_image_src":{"full":["https:\/\/blogopara.com.br\/wp-content\/uploads\/2021\/03\/IMAGEM_NOTICIA_5-3-1.jpg",500,368,false],"thumbnail":["https:\/\/blogopara.com.br\/wp-content\/uploads\/2021\/03\/IMAGEM_NOTICIA_5-3-1-150x150.jpg",150,150,true],"medium":["https:\/\/blogopara.com.br\/wp-content\/uploads\/2021\/03\/IMAGEM_NOTICIA_5-3-1-300x221.jpg",300,221,true],"medium_large":["https:\/\/blogopara.com.br\/wp-content\/uploads\/2021\/03\/IMAGEM_NOTICIA_5-3-1.jpg",500,368,false],"large":["https:\/\/blogopara.com.br\/wp-content\/uploads\/2021\/03\/IMAGEM_NOTICIA_5-3-1.jpg",500,368,false],"1536x1536":["https:\/\/blogopara.com.br\/wp-content\/uploads\/2021\/03\/IMAGEM_NOTICIA_5-3-1.jpg",500,368,false],"2048x2048":["https:\/\/blogopara.com.br\/wp-content\/uploads\/2021\/03\/IMAGEM_NOTICIA_5-3-1.jpg",500,368,false],"mantranews-slider-large":["https:\/\/blogopara.com.br\/wp-content\/uploads\/2021\/03\/IMAGEM_NOTICIA_5-3-1.jpg",500,368,false],"mantranews-featured-medium":["https:\/\/blogopara.com.br\/wp-content\/uploads\/2021\/03\/IMAGEM_NOTICIA_5-3-1-420x307.jpg",420,307,true],"mantranews-featured-long":["https:\/\/blogopara.com.br\/wp-content\/uploads\/2021\/03\/IMAGEM_NOTICIA_5-3-1-300x368.jpg",300,368,true],"mantranews-block-medium":["https:\/\/blogopara.com.br\/wp-content\/uploads\/2021\/03\/IMAGEM_NOTICIA_5-3-1-464x290.jpg",464,290,true],"mantranews-carousel-image":["https:\/\/blogopara.com.br\/wp-content\/uploads\/2021\/03\/IMAGEM_NOTICIA_5-3-1.jpg",500,368,false],"mantranews-block-thumb":["https:\/\/blogopara.com.br\/wp-content\/uploads\/2021\/03\/IMAGEM_NOTICIA_5-3-1-322x230.jpg",322,230,true],"mantranews-single-large":["https:\/\/blogopara.com.br\/wp-content\/uploads\/2021\/03\/IMAGEM_NOTICIA_5-3-1.jpg",500,368,false]},"uagb_author_info":{"display_name":"Reda\u00e7\u00e3o geral","author_link":"https:\/\/blogopara.com.br\/index.php\/author\/blogopara"},"uagb_comment_info":0,"uagb_excerpt":"Atrav\u00e9s do Centro de Apoio Especial aos Direitos Humanos (CAODH), o Minist\u00e9rio P\u00fablico da Bahia (MP-BA) instalou primeira Promotoria de Justi\u00e7a especializada na defesa da popula\u00e7\u00e3o LGBTQIA+. A unidade visa dar apoio a pol\u00edticas p\u00fablicas e institucionais que impulsionem os direitos desse p\u00fablico e ampliem a visibilidade do tema nas mais diversas comunidades. Coordenador do&hellip;","jetpack_sharing_enabled":true,"jetpack_likes_enabled":true,"_links":{"self":[{"href":"https:\/\/blogopara.com.br\/index.php\/wp-json\/wp\/v2\/posts\/21332","targetHints":{"allow":["GET"]}}],"collection":[{"href":"https:\/\/blogopara.com.br\/index.php\/wp-json\/wp\/v2\/posts"}],"about":[{"href":"https:\/\/blogopara.com.br\/index.php\/wp-json\/wp\/v2\/types\/post"}],"author":[{"embeddable":true,"href":"https:\/\/blogopara.com.br\/index.php\/wp-json\/wp\/v2\/users\/1"}],"replies":[{"embeddable":true,"href":"https:\/\/blogopara.com.br\/index.php\/wp-json\/wp\/v2\/comments?post=21332"}],"version-history":[{"count":1,"href":"https:\/\/blogopara.com.br\/index.php\/wp-json\/wp\/v2\/posts\/21332\/revisions"}],"predecessor-version":[{"id":21334,"href":"https:\/\/blogopara.com.br\/index.php\/wp-json\/wp\/v2\/posts\/21332\/revisions\/21334"}],"wp:featuredmedia":[{"embeddable":true,"href":"https:\/\/blogopara.com.br\/index.php\/wp-json\/wp\/v2\/media\/21333"}],"wp:attachment":[{"href":"https:\/\/blogopara.com.br\/index.php\/wp-json\/wp\/v2\/media?parent=21332"}],"wp:term":[{"taxonomy":"category","embeddable":true,"href":"https:\/\/blogopara.com.br\/index.php\/wp-json\/wp\/v2\/categories?post=21332"},{"taxonomy":"post_tag","embeddable":true,"href":"https:\/\/blogopara.com.br\/index.php\/wp-json\/wp\/v2\/tags?post=21332"}],"curies":[{"name":"wp","href":"https:\/\/api.w.org\/{rel}","templated":true}]}}