{"id":21458,"date":"2021-03-31T12:30:00","date_gmt":"2021-03-31T15:30:00","guid":{"rendered":"https:\/\/blogopara.com.br\/?p=21458"},"modified":"2021-03-30T17:09:57","modified_gmt":"2021-03-30T20:09:57","slug":"prefeita-suzana-ramos-volta-a-se-reunir-com-o-governador-do-estado-para-avaliar-medidas-restritivas-em-juazeiro","status":"publish","type":"post","link":"https:\/\/blogopara.com.br\/index.php\/2021\/03\/31\/prefeita-suzana-ramos-volta-a-se-reunir-com-o-governador-do-estado-para-avaliar-medidas-restritivas-em-juazeiro","title":{"rendered":"Prefeita Suzana Ramos volta a se reunir com o governador do Estado para avaliar medidas restritivas em Juazeiro"},"content":{"rendered":"<p class=\"x_MsoNormal\" style=\"text-align: justify;\">A prefeita Suzana Ramos participou de mais uma reuni\u00e3o virtual com o governador Rui Costa e outros vinte e um prefeitos da regi\u00e3o norte da Bahia nesta segunda-feira (29). No encontro, a prefeita apresentou o relat\u00f3rio sobre a taxa de ocupa\u00e7\u00e3o de leitos para pacientes com Covid na rede PEBA (leitos hospitalares de Pernambuco e Bahia), o n\u00famero de \u00f3bitos e a quantidade de vacinados at\u00e9 o momento em Juazeiro.<\/p>\n<p class=\"x_MsoNormal\" style=\"text-align: justify;\">Ap\u00f3s ouvir as sugest\u00f5es de Suzana e dos demais prefeitos da regi\u00e3o de Juazeiro e de Senhor do Bonfim, o governador Rui Costa permitiu que o com\u00e9rcio funcione normalmente at\u00e9 o meio dia da quinta-feira (1\u00ba). Neste per\u00edodo o toque de recolher das 18h \u00e0s 5h continua valendo.\u00a0<i>\u201cFiquei muito satisfeita pelo governador Rui Costa ter se sensibilizado e aceitado o pedido dos prefeitos para que pelo menos at\u00e9 a pr\u00f3xima quinta-feira deixe o com\u00e9rcio funcionar e assim a popula\u00e7\u00e3o possa fazer as compras da Semana Santa. A Prefeitura de Juazeiro est\u00e1 fazendo o dever de casa. N\u00f3s estamos trabalhando empenhados em baixar os n\u00fameros da Covid em nossa cidade, mas precisamos sempre da colabora\u00e7\u00e3o de todos, porque a pandemia n\u00e3o acabou. Pedimos aos juazeirenses que evitem fazer aglomera\u00e7\u00f5es neste feriado\u201d,<\/i>\u00a0ressaltou Suzana Ramos.<\/p>\n<p class=\"x_MsoNormal\" style=\"text-align: justify;\">Durante a reuni\u00e3o, o governador recomendou ainda aos munic\u00edpios que por conta do feriado da Semana Santa e das medidas restritivas, o funcionamento das feiras livres seja antecipado para a quinta-feira, n\u00e3o funcionando no s\u00e1bado, como de costume. Tamb\u00e9m ficou acertado que, das 12h da quinta-feira, dia 1\u00ba, at\u00e9 \u00e0s 5h do dia 5 de abril, o com\u00e9rcio ficar\u00e1 fechado, s\u00f3 funcionando atividades essenciais, como farm\u00e1cias e servi\u00e7os de sa\u00fade.<\/p>\n<p class=\"x_MsoNormal\" style=\"text-align: justify;\"><b>Nova reuni\u00e3o<\/b><\/p>\n<p class=\"x_MsoNormal\" style=\"text-align: justify;\">Uma nova reuni\u00e3o entre o governador e os vinte e dois prefeitos da regi\u00e3o norte dever\u00e1 acontecer no final de semana para reavaliar a situa\u00e7\u00e3o da pandemia e a aplica\u00e7\u00e3o das medidas restritivas.<\/p>\n<p>Ascom PMJ<\/p>\n","protected":false},"excerpt":{"rendered":"<p>A prefeita Suzana Ramos participou de mais uma reuni\u00e3o virtual com o governador Rui Costa e outros vinte e um prefeitos da regi\u00e3o norte da Bahia nesta segunda-feira (29). No encontro, a prefeita apresentou o relat\u00f3rio sobre a taxa de ocupa\u00e7\u00e3o de leitos para pacientes com Covid na rede PEBA (leitos hospitalares de Pernambuco e [&hellip;]<\/p>\n","protected":false},"author":1,"featured_media":21459,"comment_status":"open","ping_status":"open","sticky":false,"template":"","format":"standard","meta":{"_uag_custom_page_level_css":"","_monsterinsights_skip_tracking":false,"_monsterinsights_sitenote_active":false,"_monsterinsights_sitenote_note":"","_monsterinsights_sitenote_category":0,"jetpack_post_was_ever_published":false,"_jetpack_newsletter_access":"","_jetpack_dont_email_post_to_subs":false,"_jetpack_newsletter_tier_id":0,"_jetpack_memberships_contains_paywalled_content":false,"_jetpack_memberships_contains_paid_content":false,"footnotes":"","jetpack_publicize_message":"","jetpack_publicize_feature_enabled":true,"jetpack_social_post_already_shared":true,"jetpack_social_options":{"image_generator_settings":{"template":"highway","default_image_id":0,"font":"","enabled":false},"version":2}},"categories":[203],"tags":[],"class_list":["post-21458","post","type-post","status-publish","format-standard","has-post-thumbnail","hentry","category-juazeiro"],"jetpack_publicize_connections":[],"jetpack_featured_media_url":"https:\/\/blogopara.com.br\/wp-content\/uploads\/2021\/03\/thumbnail_Reuniao-29.03-2.jpg","uagb_featured_image_src":{"full":["https:\/\/blogopara.com.br\/wp-content\/uploads\/2021\/03\/thumbnail_Reuniao-29.03-2.jpg",500,375,false],"thumbnail":["https:\/\/blogopara.com.br\/wp-content\/uploads\/2021\/03\/thumbnail_Reuniao-29.03-2-150x150.jpg",150,150,true],"medium":["https:\/\/blogopara.com.br\/wp-content\/uploads\/2021\/03\/thumbnail_Reuniao-29.03-2-300x225.jpg",300,225,true],"medium_large":["https:\/\/blogopara.com.br\/wp-content\/uploads\/2021\/03\/thumbnail_Reuniao-29.03-2.jpg",500,375,false],"large":["https:\/\/blogopara.com.br\/wp-content\/uploads\/2021\/03\/thumbnail_Reuniao-29.03-2.jpg",500,375,false],"1536x1536":["https:\/\/blogopara.com.br\/wp-content\/uploads\/2021\/03\/thumbnail_Reuniao-29.03-2.jpg",500,375,false],"2048x2048":["https:\/\/blogopara.com.br\/wp-content\/uploads\/2021\/03\/thumbnail_Reuniao-29.03-2.jpg",500,375,false],"mantranews-slider-large":["https:\/\/blogopara.com.br\/wp-content\/uploads\/2021\/03\/thumbnail_Reuniao-29.03-2.jpg",500,375,false],"mantranews-featured-medium":["https:\/\/blogopara.com.br\/wp-content\/uploads\/2021\/03\/thumbnail_Reuniao-29.03-2-420x307.jpg",420,307,true],"mantranews-featured-long":["https:\/\/blogopara.com.br\/wp-content\/uploads\/2021\/03\/thumbnail_Reuniao-29.03-2-300x375.jpg",300,375,true],"mantranews-block-medium":["https:\/\/blogopara.com.br\/wp-content\/uploads\/2021\/03\/thumbnail_Reuniao-29.03-2-464x290.jpg",464,290,true],"mantranews-carousel-image":["https:\/\/blogopara.com.br\/wp-content\/uploads\/2021\/03\/thumbnail_Reuniao-29.03-2.jpg",500,375,false],"mantranews-block-thumb":["https:\/\/blogopara.com.br\/wp-content\/uploads\/2021\/03\/thumbnail_Reuniao-29.03-2-322x230.jpg",322,230,true],"mantranews-single-large":["https:\/\/blogopara.com.br\/wp-content\/uploads\/2021\/03\/thumbnail_Reuniao-29.03-2.jpg",500,375,false]},"uagb_author_info":{"display_name":"Reda\u00e7\u00e3o geral","author_link":"https:\/\/blogopara.com.br\/index.php\/author\/blogopara"},"uagb_comment_info":0,"uagb_excerpt":"A prefeita Suzana Ramos participou de mais uma reuni\u00e3o virtual com o governador Rui Costa e outros vinte e um prefeitos da regi\u00e3o norte da Bahia nesta segunda-feira (29). No encontro, a prefeita apresentou o relat\u00f3rio sobre a taxa de ocupa\u00e7\u00e3o de leitos para pacientes com Covid na rede PEBA (leitos hospitalares de Pernambuco e&hellip;","jetpack_sharing_enabled":true,"jetpack_likes_enabled":true,"_links":{"self":[{"href":"https:\/\/blogopara.com.br\/index.php\/wp-json\/wp\/v2\/posts\/21458","targetHints":{"allow":["GET"]}}],"collection":[{"href":"https:\/\/blogopara.com.br\/index.php\/wp-json\/wp\/v2\/posts"}],"about":[{"href":"https:\/\/blogopara.com.br\/index.php\/wp-json\/wp\/v2\/types\/post"}],"author":[{"embeddable":true,"href":"https:\/\/blogopara.com.br\/index.php\/wp-json\/wp\/v2\/users\/1"}],"replies":[{"embeddable":true,"href":"https:\/\/blogopara.com.br\/index.php\/wp-json\/wp\/v2\/comments?post=21458"}],"version-history":[{"count":1,"href":"https:\/\/blogopara.com.br\/index.php\/wp-json\/wp\/v2\/posts\/21458\/revisions"}],"predecessor-version":[{"id":21460,"href":"https:\/\/blogopara.com.br\/index.php\/wp-json\/wp\/v2\/posts\/21458\/revisions\/21460"}],"wp:featuredmedia":[{"embeddable":true,"href":"https:\/\/blogopara.com.br\/index.php\/wp-json\/wp\/v2\/media\/21459"}],"wp:attachment":[{"href":"https:\/\/blogopara.com.br\/index.php\/wp-json\/wp\/v2\/media?parent=21458"}],"wp:term":[{"taxonomy":"category","embeddable":true,"href":"https:\/\/blogopara.com.br\/index.php\/wp-json\/wp\/v2\/categories?post=21458"},{"taxonomy":"post_tag","embeddable":true,"href":"https:\/\/blogopara.com.br\/index.php\/wp-json\/wp\/v2\/tags?post=21458"}],"curies":[{"name":"wp","href":"https:\/\/api.w.org\/{rel}","templated":true}]}}