{"id":21464,"date":"2021-03-31T15:05:00","date_gmt":"2021-03-31T18:05:00","guid":{"rendered":"https:\/\/blogopara.com.br\/?p=21464"},"modified":"2021-03-30T21:43:19","modified_gmt":"2021-03-31T00:43:19","slug":"lauro-de-freitas-vereadores-de-oposicao-protestam-contra-alteracao-de-artigo-da-lom","status":"publish","type":"post","link":"https:\/\/blogopara.com.br\/index.php\/2021\/03\/31\/lauro-de-freitas-vereadores-de-oposicao-protestam-contra-alteracao-de-artigo-da-lom","title":{"rendered":"Lauro de Freitas: Vereadores de oposi\u00e7\u00e3o protestam contra altera\u00e7\u00e3o de artigo da LOM"},"content":{"rendered":"<p style=\"text-align: justify;\">Vereadores de oposi\u00e7\u00e3o da cidade de Lauro de Freitas, na Regi\u00e3o Metropolitana de Salvador (RMS), est\u00e3o protestando contra uma proposi\u00e7\u00e3o parlamentar da C\u00e2mara de Vereadores que visa alterar parte do artigo 56 da Lei Org\u00e2nica do Munic\u00edpio (LOM). De acordo com os legisladores, se aprovada a altera\u00e7\u00e3o, os parlamentares estar\u00e3o impedidos de fiscalizar individualmente os \u00f3rg\u00e3os municipais.<\/p>\n<div id=\"div-gpt-ad-bn_municipios_conteudo\" data-google-query-id=\"CIu26Ozm2O8CFTgdwwodEjoHnQ\">\n<p style=\"text-align: justify;\">A manifesta\u00e7\u00e3o contr\u00e1ria a altera\u00e7\u00e3o do artigo \u00e9 encabe\u00e7ada pelos vereadores D\u00e9bora R\u00e9gis (PL), Juca (PSDB) e Gabriel Bandarra (DEM) e Sapucaia J\u00fanior (DEM). Em protestos \u00e0 proposi\u00e7\u00e3o, os vereadores fizeram uma montagem amorda\u00e7ados, fazendo alus\u00e3o \u00e0 priva\u00e7\u00e3o do direito que, segundo eles, ser\u00e1 suprimido.<\/p>\n<p style=\"text-align: justify;\">\u00a0De acordo com D\u00e9bora R\u00e9gis, vereadores da base aliada pretendem beneficiar a gest\u00e3o de Moema Gramacho (PT), com a altera\u00e7\u00e3o do texto. &#8220;Caso aprovado, tira do parlamentar a prerrogativa de fiscalizar a gest\u00e3o municipal de forma plena. Esta proposta significa colocar o Poder Legislativo local como ref\u00e9m do Executivo. Inclusive, tal iniciativa vai contra a Constitui\u00e7\u00e3o Federal, que determina a independ\u00eancia dos Poderes&#8221;, disse.<\/p>\n<p style=\"text-align: justify;\">Ainda segundo os vereadores, a emenda sugere que o poder de fiscaliza\u00e7\u00e3o da C\u00e2mara ou da Comiss\u00e3o Permanente seja exercido pela maioria absoluta do colegiado, jamais por parlamentar individualmente, e se dar\u00e1 por interm\u00e9dio de pedidos de informa\u00e7\u00f5es ou documentos ao Prefeito ou Secret\u00e1rios, convoca\u00e7\u00e3o de seus auxiliares diretos, investiga\u00e7\u00e3o por comiss\u00e3o especial de inqu\u00e9rito e tomada e julgamento de contas da Administra\u00e7\u00e3o, possibilitando que o parlamentar fiscalize apenas quando for autorizado pela maioria absoluta do Plen\u00e1rio da C\u00e2mara ou da respectiva Comiss\u00e3o Permanente.<\/p>\n<p style=\"text-align: justify;\">Para Sapucaia J\u00fanior (DEM), a presidente da C\u00e2mara sugeriu emenda na LOM &#8220;pra tirar o direito dos vereadores de fiscalizar os \u00f3rg\u00e3os p\u00fablicos. A presidente da C\u00e2mara, que \u00e9 aliada \u00e0 prefeita Moema Gramacho, tentou levar essa emenda para vota\u00e7\u00e3o. Por que n\u00e3o fiscalizar, se \u00e9 um direito nosso? Querem nos calar\u201d, pontuou.<\/p>\n<p style=\"text-align: justify;\">A reportagem do Bahia Not\u00edcias entrou em contato com a assessoria de imprensa da presid\u00eancia da C\u00e2mara de Vereadores de Lauro de Freitas para entender o por que da altera\u00e7\u00e3o no artigo, mas at\u00e9 o fechamento dessa mat\u00e9ria, n\u00e3o obteve resposta.<\/p>\n<p style=\"text-align: justify;\">Fonte: Bahia Noticias<\/p>\n<div>\n<div id=\"denakop-ad-233277314781288\" style=\"text-align: justify;\" data-google-query-id=\"CNH9je3m2O8CFUPV4Qodzw0Bgg\"><\/div>\n<\/div>\n<\/div>\n","protected":false},"excerpt":{"rendered":"<p>Vereadores de oposi\u00e7\u00e3o da cidade de Lauro de Freitas, na Regi\u00e3o Metropolitana de Salvador (RMS), est\u00e3o protestando contra uma proposi\u00e7\u00e3o parlamentar da C\u00e2mara de Vereadores que visa alterar parte do artigo 56 da Lei Org\u00e2nica do Munic\u00edpio (LOM). De acordo com os legisladores, se aprovada a altera\u00e7\u00e3o, os parlamentares estar\u00e3o impedidos de fiscalizar individualmente os [&hellip;]<\/p>\n","protected":false},"author":1,"featured_media":21465,"comment_status":"closed","ping_status":"open","sticky":false,"template":"","format":"standard","meta":{"_uag_custom_page_level_css":"","_monsterinsights_skip_tracking":false,"_monsterinsights_sitenote_active":false,"_monsterinsights_sitenote_note":"","_monsterinsights_sitenote_category":0,"jetpack_post_was_ever_published":false,"_jetpack_newsletter_access":"","_jetpack_dont_email_post_to_subs":false,"_jetpack_newsletter_tier_id":0,"_jetpack_memberships_contains_paywalled_content":false,"_jetpack_memberships_contains_paid_content":false,"footnotes":"","jetpack_publicize_message":"","jetpack_publicize_feature_enabled":true,"jetpack_social_post_already_shared":true,"jetpack_social_options":{"image_generator_settings":{"template":"highway","default_image_id":0,"font":"","enabled":false},"version":2}},"categories":[199],"tags":[2332,2331,52],"class_list":["post-21464","post","type-post","status-publish","format-standard","has-post-thumbnail","hentry","category-bahia","tag-democracia","tag-lauro-de-freitas","tag-pt"],"jetpack_publicize_connections":[],"jetpack_featured_media_url":"https:\/\/blogopara.com.br\/wp-content\/uploads\/2021\/03\/IMAGEM_NOTICIA_5-11.jpg","uagb_featured_image_src":{"full":["https:\/\/blogopara.com.br\/wp-content\/uploads\/2021\/03\/IMAGEM_NOTICIA_5-11.jpg",400,295,false],"thumbnail":["https:\/\/blogopara.com.br\/wp-content\/uploads\/2021\/03\/IMAGEM_NOTICIA_5-11-150x150.jpg",150,150,true],"medium":["https:\/\/blogopara.com.br\/wp-content\/uploads\/2021\/03\/IMAGEM_NOTICIA_5-11-300x221.jpg",300,221,true],"medium_large":["https:\/\/blogopara.com.br\/wp-content\/uploads\/2021\/03\/IMAGEM_NOTICIA_5-11.jpg",400,295,false],"large":["https:\/\/blogopara.com.br\/wp-content\/uploads\/2021\/03\/IMAGEM_NOTICIA_5-11.jpg",400,295,false],"1536x1536":["https:\/\/blogopara.com.br\/wp-content\/uploads\/2021\/03\/IMAGEM_NOTICIA_5-11.jpg",400,295,false],"2048x2048":["https:\/\/blogopara.com.br\/wp-content\/uploads\/2021\/03\/IMAGEM_NOTICIA_5-11.jpg",400,295,false],"mantranews-slider-large":["https:\/\/blogopara.com.br\/wp-content\/uploads\/2021\/03\/IMAGEM_NOTICIA_5-11.jpg",400,295,false],"mantranews-featured-medium":["https:\/\/blogopara.com.br\/wp-content\/uploads\/2021\/03\/IMAGEM_NOTICIA_5-11.jpg",400,295,false],"mantranews-featured-long":["https:\/\/blogopara.com.br\/wp-content\/uploads\/2021\/03\/IMAGEM_NOTICIA_5-11-300x295.jpg",300,295,true],"mantranews-block-medium":["https:\/\/blogopara.com.br\/wp-content\/uploads\/2021\/03\/IMAGEM_NOTICIA_5-11-400x290.jpg",400,290,true],"mantranews-carousel-image":["https:\/\/blogopara.com.br\/wp-content\/uploads\/2021\/03\/IMAGEM_NOTICIA_5-11.jpg",400,295,false],"mantranews-block-thumb":["https:\/\/blogopara.com.br\/wp-content\/uploads\/2021\/03\/IMAGEM_NOTICIA_5-11-322x230.jpg",322,230,true],"mantranews-single-large":["https:\/\/blogopara.com.br\/wp-content\/uploads\/2021\/03\/IMAGEM_NOTICIA_5-11.jpg",400,295,false]},"uagb_author_info":{"display_name":"Reda\u00e7\u00e3o geral","author_link":"https:\/\/blogopara.com.br\/index.php\/author\/blogopara"},"uagb_comment_info":0,"uagb_excerpt":"Vereadores de oposi\u00e7\u00e3o da cidade de Lauro de Freitas, na Regi\u00e3o Metropolitana de Salvador (RMS), est\u00e3o protestando contra uma proposi\u00e7\u00e3o parlamentar da C\u00e2mara de Vereadores que visa alterar parte do artigo 56 da Lei Org\u00e2nica do Munic\u00edpio (LOM). De acordo com os legisladores, se aprovada a altera\u00e7\u00e3o, os parlamentares estar\u00e3o impedidos de fiscalizar individualmente os&hellip;","jetpack_sharing_enabled":true,"jetpack_likes_enabled":true,"_links":{"self":[{"href":"https:\/\/blogopara.com.br\/index.php\/wp-json\/wp\/v2\/posts\/21464","targetHints":{"allow":["GET"]}}],"collection":[{"href":"https:\/\/blogopara.com.br\/index.php\/wp-json\/wp\/v2\/posts"}],"about":[{"href":"https:\/\/blogopara.com.br\/index.php\/wp-json\/wp\/v2\/types\/post"}],"author":[{"embeddable":true,"href":"https:\/\/blogopara.com.br\/index.php\/wp-json\/wp\/v2\/users\/1"}],"replies":[{"embeddable":true,"href":"https:\/\/blogopara.com.br\/index.php\/wp-json\/wp\/v2\/comments?post=21464"}],"version-history":[{"count":1,"href":"https:\/\/blogopara.com.br\/index.php\/wp-json\/wp\/v2\/posts\/21464\/revisions"}],"predecessor-version":[{"id":21466,"href":"https:\/\/blogopara.com.br\/index.php\/wp-json\/wp\/v2\/posts\/21464\/revisions\/21466"}],"wp:featuredmedia":[{"embeddable":true,"href":"https:\/\/blogopara.com.br\/index.php\/wp-json\/wp\/v2\/media\/21465"}],"wp:attachment":[{"href":"https:\/\/blogopara.com.br\/index.php\/wp-json\/wp\/v2\/media?parent=21464"}],"wp:term":[{"taxonomy":"category","embeddable":true,"href":"https:\/\/blogopara.com.br\/index.php\/wp-json\/wp\/v2\/categories?post=21464"},{"taxonomy":"post_tag","embeddable":true,"href":"https:\/\/blogopara.com.br\/index.php\/wp-json\/wp\/v2\/tags?post=21464"}],"curies":[{"name":"wp","href":"https:\/\/api.w.org\/{rel}","templated":true}]}}