{"id":21562,"date":"2021-04-03T10:37:00","date_gmt":"2021-04-03T13:37:00","guid":{"rendered":"https:\/\/blogopara.com.br\/?p=21562"},"modified":"2021-04-02T19:44:05","modified_gmt":"2021-04-02T22:44:05","slug":"bahia-governo-e-prefeituras-decidem-reabrir-academias-e-liberar-atendimento-presencial-em-bares-e-restaurantes","status":"publish","type":"post","link":"https:\/\/blogopara.com.br\/index.php\/2021\/04\/03\/bahia-governo-e-prefeituras-decidem-reabrir-academias-e-liberar-atendimento-presencial-em-bares-e-restaurantes","title":{"rendered":"Bahia: Governo e prefeituras decidem reabrir academias e liberar atendimento presencial em bares e restaurantes"},"content":{"rendered":"<div class=\"mc-column content-text active-extra-styles \" data-block-type=\"unstyled\" data-block-weight=\"68\" data-block-id=\"2\">\n<p class=\"content-text__container \" style=\"text-align: justify;\" data-track-category=\"Link no Texto\" data-track-links=\"\">Ap\u00f3s reuni\u00e3o do governador da Bahia, Rui Costa (PT), com gestores municipais nesta quinta-feira (1\u00ba), ficou definido que o toque de recolher passar\u00e1 a valer das 20h \u00e0s 5h, em todo o estado, no per\u00edodo de 5 a 12 de abril. Al\u00e9m disso, academias poder\u00e3o reabrir e bares e restaurantes poder\u00e3o retomar o atendimento presencial.\u00a0<strong><em>[Confira o que pode e o que n\u00e3o pode no final da mat\u00e9ria]<\/em><\/strong><\/p>\n<\/div>\n<div class=\"wall protected-content\">\n<div class=\"mc-column content-text active-extra-styles \" style=\"text-align: justify;\" data-block-type=\"unstyled\" data-block-weight=\"61\" data-block-id=\"4\">\n<p class=\"content-text__container \" data-track-category=\"Link no Texto\" data-track-links=\"\">N\u00e3o foi detalhado quais representantes municipais participaram da reuni\u00e3o. Rui Costa j\u00e1\u00a0<a href=\"https:\/\/g1.globo.com\/ba\/bahia\/noticia\/2021\/03\/30\/toque-de-recolher-voltara-a-ser-as-20h-e-bahia-tera-200-mil-vagas-de-cursos-profissionalizantes-diz-rui-costa.ghtml\">havia anunciado, na ter\u00e7a-feira (30)<\/a>, que o toque de recolher em toda a Bahia seria a partir das 20h, por\u00e9m ele n\u00e3o tinha dado detalhes sobre datas. De acordo com o governo estadual, as novas medidas ser\u00e3o publicadas na edi\u00e7\u00e3o do Di\u00e1rio Oficial do Estado (DOE) de sexta-feira (2).<\/p>\n<\/div>\n<div class=\"mc-column content-text active-extra-styles \" style=\"text-align: justify;\" data-block-type=\"unstyled\" data-block-weight=\"41\" data-block-id=\"5\">\n<p class=\"content-text__container \" data-track-category=\"Link no Texto\" data-track-links=\"\">Os estabelecimentos comerciais e de servi\u00e7os dever\u00e3o encerrar as atividades com at\u00e9 30 minutos de anteced\u00eancia do in\u00edcio da restri\u00e7\u00e3o de circula\u00e7\u00e3o de pessoas, que \u00e9 das 20h \u00e0s 5h, para garantir o deslocamento dos funcion\u00e1rios e colaboradores \u00e0s suas resid\u00eancias.<\/p>\n<\/div>\n<div class=\"mc-column content-text active-extra-styles \" style=\"text-align: justify;\" data-block-type=\"unstyled\" data-block-weight=\"31\" data-block-id=\"6\">\n<p class=\"content-text__container \" data-track-category=\"Link no Texto\" data-track-links=\"\">J\u00e1 os estabelecimentos comerciais que funcionam como restaurantes, bares e semelhantes, dever\u00e3o encerrar o atendimento presencial \u00e0s 18h.\u00a0<span class=\"highlight highlighted\">A entrega de alimentos atrav\u00e9s do sistema delivery poder\u00e1 funcionar at\u00e9 as 24h.<\/span><\/p>\n<\/div>\n<div class=\"mc-column content-text active-extra-styles \" style=\"text-align: justify;\" data-block-type=\"unstyled\" data-block-weight=\"32\" data-block-id=\"8\">\n<p class=\"content-text__container \" data-track-category=\"Link no Texto\" data-track-links=\"\"><span class=\"highlight highlighted\">Fica proibida em todo o estado a venda de bebida alco\u00f3lica<\/span>\u00a0em quaisquer estabelecimentos, inclusive por sistema de delivery, das 18h de 9 de abril at\u00e9 as 5h de 12 de abril.<\/p>\n<\/div>\n<div class=\"mc-column content-text active-extra-styles \" style=\"text-align: justify;\" data-block-type=\"unstyled\" data-block-weight=\"34\" data-block-id=\"9\">\n<p class=\"content-text__container \" data-track-category=\"Link no Texto\" data-track-links=\"\">Tamb\u00e9m segue proibida, em todo o estado, a pr\u00e1tica de qualquer atividade esportiva coletiva amadora do dia 5 de abril at\u00e9 12 de abril, sendo permitidas as pr\u00e1ticas individuais, desde que n\u00e3o gerem aglomera\u00e7\u00f5es.<\/p>\n<\/div>\n<div class=\"mc-column content-text active-extra-styles \" style=\"text-align: justify;\" data-block-type=\"unstyled\" data-block-weight=\"41\" data-block-id=\"10\">\n<p class=\"content-text__container \" data-track-category=\"Link no Texto\" data-track-links=\"\">J\u00e1 academias e estabelecimentos voltados para a realiza\u00e7\u00e3o de atividades f\u00edsicas, poder\u00e3o funcionar de 5 de abril at\u00e9 12 de abril, desde que limitada a ocupa\u00e7\u00e3o ao m\u00e1ximo de 50% da capacidade do local, al\u00e9m de seguir os protocolos sanit\u00e1rios estabelecidos.<\/p>\n<\/div>\n<div class=\"mc-column content-text active-extra-styles \" style=\"text-align: justify;\" data-block-type=\"unstyled\" data-block-weight=\"70\" data-block-id=\"11\">\n<p class=\"content-text__container \" data-track-category=\"Link no Texto\" data-track-links=\"\">Ficam suspensos eventos e atividades, em toda a Bahia, independentemente do n\u00famero de participantes, ainda que previamente autorizados, que envolvam aglomera\u00e7\u00e3o de pessoas, tais como: eventos desportivos coletivos e amadores, cerim\u00f4nias de casamento, eventos recreativos em logradouros p\u00fablicos ou privados, circos, eventos cient\u00edficos, solenidades de formatura, passeatas e afins, bem como aulas coletivas em academias de dan\u00e7a e gin\u00e1stica, tamb\u00e9m no per\u00edodo de 5 de abril at\u00e9 12 de abril.<\/p>\n<\/div>\n<div class=\"mc-column content-text active-extra-styles \" style=\"text-align: justify;\" data-block-type=\"unstyled\" data-block-weight=\"47\" data-block-id=\"12\">\n<p class=\"content-text__container \" data-track-category=\"Link no Texto\" data-track-links=\"\">Os atos religiosos lit\u00fargicos poder\u00e3o ocorrer desde que sejam atendidos os seguintes requisitos:\u00a0<span class=\"highlight highlighted\">respeito aos protocolos sanit\u00e1rios estabelecidos, especialmente o distanciamento social adequado e o uso de m\u00e1scaras; instala\u00e7\u00f5es f\u00edsicas amplas, que permitam ventila\u00e7\u00e3o natural cruzada; limita\u00e7\u00e3o da ocupa\u00e7\u00e3o ao m\u00e1ximo de 30% da capacidade do local.<\/span><\/p>\n<\/div>\n<div class=\"mc-column content-text active-extra-styles \" style=\"text-align: justify;\" data-block-type=\"unstyled\" data-block-weight=\"47\" data-block-id=\"13\">\n<p class=\"content-text__container \" data-track-category=\"Link no Texto\" data-track-links=\"\">Ficam autorizados, durante os per\u00edodos de restri\u00e7\u00e3o previstos no decreto, os servi\u00e7os necess\u00e1rios ao funcionamento de toda e qualquer atividade industrial, do setor eletroenerg\u00e9tico, das centrais de telecomunica\u00e7\u00f5es (call centers) que operem em regime de 24h e dos Centros de Distribui\u00e7\u00e3o e o deslocamento dos seus trabalhadores.<\/p>\n<\/div>\n<div class=\"mc-column content-text active-extra-styles\" style=\"text-align: justify;\" data-block-type=\"raw\" data-block-weight=\"3\" data-block-id=\"14\">\n<div class=\"content-intertitle\">\n<h2>Funcionamento do transporte<\/h2>\n<\/div>\n<\/div>\n<div class=\"mc-column content-text active-extra-styles \" style=\"text-align: justify;\" data-block-type=\"unstyled\" data-block-weight=\"30\" data-block-id=\"15\">\n<p class=\"content-text__container \" data-track-category=\"Link no Texto\" data-track-links=\"\">De acordo com as novas altera\u00e7\u00f5es, a circula\u00e7\u00e3o dos meios de transporte metropolitanos dever\u00e1 ser suspensa das 20h30 \u00e0s 5h, no per\u00edodo de 5 de abril at\u00e9 12 de abril.<\/p>\n<\/div>\n<div class=\"mc-column content-text active-extra-styles \" style=\"text-align: justify;\" data-block-type=\"unstyled\" data-block-weight=\"29\" data-block-id=\"17\">\n<p class=\"content-text__container \" data-track-category=\"Link no Texto\" data-track-links=\"\">Os meios de transporte metropolitanos aquavi\u00e1rios, no entanto, seguir\u00e3o \u00e0s normas editadas pela Ag\u00eancia Estadual de Regula\u00e7\u00e3o de Servi\u00e7os P\u00fablicos de Energia, Transportes e Comunica\u00e7\u00f5es da Bahia (Agerba).<\/p>\n<\/div>\n<div class=\"mc-column content-text active-extra-styles \" style=\"text-align: justify;\" data-block-type=\"unstyled\" data-block-weight=\"35\" data-block-id=\"18\">\n<p class=\"content-text__container \" data-track-category=\"Link no Texto\" data-track-links=\"\">A circula\u00e7\u00e3o dos ferries dever\u00e1 ser suspensa das 20h30 \u00e0s 5h, no per\u00edodo de 5 de abril a 9 de abril. Al\u00e9m disso, fica proibido o funcionamento nos dias 10 e 11 de abril.<\/p>\n<\/div>\n<div class=\"mc-column content-text active-extra-styles \" style=\"text-align: justify;\" data-block-type=\"unstyled\" data-block-weight=\"39\" data-block-id=\"19\">\n<p class=\"content-text__container \" data-track-category=\"Link no Texto\" data-track-links=\"\">A circula\u00e7\u00e3o das lanchinhas dever\u00e1 ser suspensa das 20h30 \u00e0s 5h, de 5 de abril a 12 de abril, e limitada a ocupa\u00e7\u00e3o ao m\u00e1ximo de 50% da capacidade da embarca\u00e7\u00e3o no per\u00edodo de 10 e 11 de abril.<\/p>\n<\/div>\n<div class=\"mc-column content-text active-extra-styles\" style=\"text-align: justify;\" data-block-type=\"raw\" data-block-weight=\"3\" data-block-id=\"20\">\n<p class=\"content-text__container\"><span style=\"color: inherit; font-size: 1.95em; font-weight: 600;\">O que pode:<\/span><\/p>\n<\/div>\n<div class=\"mc-column content-text active-extra-styles\" style=\"text-align: justify;\" data-block-type=\"raw\" data-block-weight=\"180\" data-block-id=\"21\">\n<ul class=\"content-unordered-list\">\n<li>Restaurantes, bares e semelhantes, dever\u00e3o encerrar o atendimento presencial \u00e0s 18h;<\/li>\n<li>Entrega de alimentos atrav\u00e9s do sistema delivery poder\u00e1 funcionar at\u00e9 as 24h;<\/li>\n<li>Academias e estabelecimentos voltados para a realiza\u00e7\u00e3o de atividades f\u00edsicas, poder\u00e3o funcionar de 5 de abril at\u00e9 12 de abril, desde que limitada a ocupa\u00e7\u00e3o ao m\u00e1ximo de 50% da capacidade do local, al\u00e9m de seguir os protocolos sanit\u00e1rios estabelecidos;<\/li>\n<li>Estabelecimentos comerciais e de servi\u00e7os dever\u00e3o encerrar as atividades com at\u00e9 30 minutos de anteced\u00eancia do in\u00edcio da restri\u00e7\u00e3o de circula\u00e7\u00e3o de pessoas, que \u00e9 das 20h \u00e0s 5h, para garantir o deslocamento dos funcion\u00e1rios e colaboradores \u00e0s suas resid\u00eancias;<\/li>\n<li>Servi\u00e7os necess\u00e1rios ao funcionamento de toda e qualquer atividade industrial, do setor eletroenerg\u00e9tico, das centrais de telecomunica\u00e7\u00f5es (call centers) que operem em regime de 24h e dos Centros de Distribui\u00e7\u00e3o e o deslocamento dos seus trabalhadores;<\/li>\n<li>Atos religiosos lit\u00fargicos poder\u00e3o ocorrer desde que respeitem aos protocolos sanit\u00e1rios estabelecidos, como o distanciamento social adequado e o uso de m\u00e1scaras; instala\u00e7\u00f5es f\u00edsicas amplas, que permitam ventila\u00e7\u00e3o natural cruzada; limita\u00e7\u00e3o da ocupa\u00e7\u00e3o ao m\u00e1ximo de 30% da capacidade do local.<\/li>\n<\/ul>\n<\/div>\n<div class=\"mc-column content-text active-extra-styles\" style=\"text-align: justify;\" data-block-type=\"raw\" data-block-weight=\"4\" data-block-id=\"22\">\n<div class=\"content-intertitle\">\n<h2>O que n\u00e3o pode:<\/h2>\n<\/div>\n<\/div>\n<div class=\"mc-column content-text active-extra-styles\" style=\"text-align: justify;\" data-block-type=\"raw\" data-block-weight=\"83\" data-block-id=\"23\">\n<ul class=\"content-unordered-list\">\n<li>Venda de bebida alco\u00f3lica em quaisquer estabelecimentos, inclusive por sistema de delivery, das 18h de 9 de abril at\u00e9 as 5h de 12 de abril;<\/li>\n<li>Pr\u00e1tica de quaisquer atividades esportivas coletivas amadoras do dia 5 de abril at\u00e9 12 de abril, sendo permitidas as pr\u00e1ticas individuais, desde que n\u00e3o gerem aglomera\u00e7\u00f5es;<\/li>\n<li>Eventos desportivos coletivos e amadores;<\/li>\n<li>Cerim\u00f4nias de casamento;<\/li>\n<li>Eventos recreativos em logradouros p\u00fablicos ou privados;<\/li>\n<li>Circos;<\/li>\n<li>Eventos cient\u00edficos;<\/li>\n<li>Solenidades de formatura;<\/li>\n<li>Passeatas e afins;<\/li>\n<li>Aulas coletivas em academias de dan\u00e7a e gin\u00e1stica.<\/li>\n<\/ul>\n<\/div>\n<p>Fonte: G1\/BA<\/p>\n<div class=\"mc-column content-text active-extra-styles\" style=\"text-align: justify;\" data-block-type=\"raw\" data-block-weight=\"83\" data-block-id=\"23\">\n<\/div>\n<div class=\"content-ads content-ads--reveal\" style=\"text-align: justify;\" data-block-type=\"ads\" data-block-id=\"24\"><\/div>\n<div class=\"mc-column content-text active-extra-styles \" style=\"text-align: justify;\" data-block-type=\"unstyled\" data-block-weight=\"8\" data-block-id=\"25\"><\/div>\n<\/div>\n","protected":false},"excerpt":{"rendered":"<p>Governador Rui Costa teve reuni\u00e3o nesta quinta-feira (1\u00ba) com os gestores municipais e definiram outras medidas. Toque de recolher vai at\u00e9 dia 12 de abril. <\/p>\n","protected":false},"author":1,"featured_media":15585,"comment_status":"open","ping_status":"open","sticky":false,"template":"","format":"standard","meta":{"_uag_custom_page_level_css":"","_monsterinsights_skip_tracking":false,"_monsterinsights_sitenote_active":false,"_monsterinsights_sitenote_note":"","_monsterinsights_sitenote_category":0,"jetpack_post_was_ever_published":false,"_jetpack_newsletter_access":"","_jetpack_dont_email_post_to_subs":false,"_jetpack_newsletter_tier_id":0,"_jetpack_memberships_contains_paywalled_content":false,"_jetpack_memberships_contains_paid_content":false,"footnotes":"","jetpack_publicize_message":"","jetpack_publicize_feature_enabled":true,"jetpack_social_post_already_shared":true,"jetpack_social_options":{"image_generator_settings":{"template":"highway","default_image_id":0,"font":"","enabled":false},"version":2}},"categories":[199],"tags":[2095,11,1483,2350],"class_list":["post-21562","post","type-post","status-publish","format-standard","has-post-thumbnail","hentry","category-bahia","tag-academias","tag-bahia","tag-covid-19","tag-prefeituras"],"jetpack_publicize_connections":[],"jetpack_featured_media_url":"https:\/\/blogopara.com.br\/wp-content\/uploads\/2020\/10\/Rui-Costa-Foto_Paula-Froes_GOVBA.jpg","uagb_featured_image_src":{"full":["https:\/\/blogopara.com.br\/wp-content\/uploads\/2020\/10\/Rui-Costa-Foto_Paula-Froes_GOVBA.jpg",500,300,false],"thumbnail":["https:\/\/blogopara.com.br\/wp-content\/uploads\/2020\/10\/Rui-Costa-Foto_Paula-Froes_GOVBA-150x150.jpg",150,150,true],"medium":["https:\/\/blogopara.com.br\/wp-content\/uploads\/2020\/10\/Rui-Costa-Foto_Paula-Froes_GOVBA-300x180.jpg",300,180,true],"medium_large":["https:\/\/blogopara.com.br\/wp-content\/uploads\/2020\/10\/Rui-Costa-Foto_Paula-Froes_GOVBA.jpg",500,300,false],"large":["https:\/\/blogopara.com.br\/wp-content\/uploads\/2020\/10\/Rui-Costa-Foto_Paula-Froes_GOVBA.jpg",500,300,false],"1536x1536":["https:\/\/blogopara.com.br\/wp-content\/uploads\/2020\/10\/Rui-Costa-Foto_Paula-Froes_GOVBA.jpg",500,300,false],"2048x2048":["https:\/\/blogopara.com.br\/wp-content\/uploads\/2020\/10\/Rui-Costa-Foto_Paula-Froes_GOVBA.jpg",500,300,false],"mantranews-slider-large":["https:\/\/blogopara.com.br\/wp-content\/uploads\/2020\/10\/Rui-Costa-Foto_Paula-Froes_GOVBA.jpg",500,300,false],"mantranews-featured-medium":["https:\/\/blogopara.com.br\/wp-content\/uploads\/2020\/10\/Rui-Costa-Foto_Paula-Froes_GOVBA-420x300.jpg",420,300,true],"mantranews-featured-long":["https:\/\/blogopara.com.br\/wp-content\/uploads\/2020\/10\/Rui-Costa-Foto_Paula-Froes_GOVBA-300x300.jpg",300,300,true],"mantranews-block-medium":["https:\/\/blogopara.com.br\/wp-content\/uploads\/2020\/10\/Rui-Costa-Foto_Paula-Froes_GOVBA-464x290.jpg",464,290,true],"mantranews-carousel-image":["https:\/\/blogopara.com.br\/wp-content\/uploads\/2020\/10\/Rui-Costa-Foto_Paula-Froes_GOVBA.jpg",500,300,false],"mantranews-block-thumb":["https:\/\/blogopara.com.br\/wp-content\/uploads\/2020\/10\/Rui-Costa-Foto_Paula-Froes_GOVBA-322x230.jpg",322,230,true],"mantranews-single-large":["https:\/\/blogopara.com.br\/wp-content\/uploads\/2020\/10\/Rui-Costa-Foto_Paula-Froes_GOVBA.jpg",500,300,false]},"uagb_author_info":{"display_name":"Reda\u00e7\u00e3o geral","author_link":"https:\/\/blogopara.com.br\/index.php\/author\/blogopara"},"uagb_comment_info":0,"uagb_excerpt":"Governador Rui Costa teve reuni\u00e3o nesta quinta-feira (1\u00ba) com os gestores municipais e definiram outras medidas. Toque de recolher vai at\u00e9 dia 12 de abril.","jetpack_sharing_enabled":true,"jetpack_likes_enabled":true,"_links":{"self":[{"href":"https:\/\/blogopara.com.br\/index.php\/wp-json\/wp\/v2\/posts\/21562","targetHints":{"allow":["GET"]}}],"collection":[{"href":"https:\/\/blogopara.com.br\/index.php\/wp-json\/wp\/v2\/posts"}],"about":[{"href":"https:\/\/blogopara.com.br\/index.php\/wp-json\/wp\/v2\/types\/post"}],"author":[{"embeddable":true,"href":"https:\/\/blogopara.com.br\/index.php\/wp-json\/wp\/v2\/users\/1"}],"replies":[{"embeddable":true,"href":"https:\/\/blogopara.com.br\/index.php\/wp-json\/wp\/v2\/comments?post=21562"}],"version-history":[{"count":2,"href":"https:\/\/blogopara.com.br\/index.php\/wp-json\/wp\/v2\/posts\/21562\/revisions"}],"predecessor-version":[{"id":21564,"href":"https:\/\/blogopara.com.br\/index.php\/wp-json\/wp\/v2\/posts\/21562\/revisions\/21564"}],"wp:featuredmedia":[{"embeddable":true,"href":"https:\/\/blogopara.com.br\/index.php\/wp-json\/wp\/v2\/media\/15585"}],"wp:attachment":[{"href":"https:\/\/blogopara.com.br\/index.php\/wp-json\/wp\/v2\/media?parent=21562"}],"wp:term":[{"taxonomy":"category","embeddable":true,"href":"https:\/\/blogopara.com.br\/index.php\/wp-json\/wp\/v2\/categories?post=21562"},{"taxonomy":"post_tag","embeddable":true,"href":"https:\/\/blogopara.com.br\/index.php\/wp-json\/wp\/v2\/tags?post=21562"}],"curies":[{"name":"wp","href":"https:\/\/api.w.org\/{rel}","templated":true}]}}