{"id":21611,"date":"2021-04-05T07:45:00","date_gmt":"2021-04-05T10:45:00","guid":{"rendered":"https:\/\/blogopara.com.br\/?p=21611"},"modified":"2021-04-04T20:51:24","modified_gmt":"2021-04-04T23:51:24","slug":"em-carta-aberta-mais-de-400-medicos-baianos-protestam-contra-negacionismo","status":"publish","type":"post","link":"https:\/\/blogopara.com.br\/index.php\/2021\/04\/05\/em-carta-aberta-mais-de-400-medicos-baianos-protestam-contra-negacionismo","title":{"rendered":"Em carta aberta, mais de 400 m\u00e9dicos baianos protestam contra negacionismo"},"content":{"rendered":"<p style=\"text-align: justify;\">Protestando contra o negaciosnismo e em defesa da vida, diante da pandemia do novo coronav\u00edrus (Covid-19) no Brasil, um total de 425 m\u00e9dicas e m\u00e9dicos baianos assinaram uma carta aberta. O texto critica a postura do Conselho Federal de Medicina (CFM) por seguir as posi\u00e7\u00f5es contr\u00e1rias \u00e0 ci\u00eancia do governo federal, como o apoio ao uso de medicamentos sem efic\u00e1cia contra a doen\u00e7a, e defende a ado\u00e7\u00e3o de medidas rigorosas de enfrentamento \u00e0 Covid-19.<\/p>\n<p style=\"text-align: justify;\">\u201cA Associa\u00e7\u00e3o M\u00e9dica Brasileira (AMB), e v\u00e1rias Sociedades de Especialidades t\u00eam assumido posi\u00e7\u00e3o em defesa da vida e do cuidado \u00e0 sa\u00fade com base na ci\u00eancia. T\u00eam reiterado que medica\u00e7\u00f5es como hidroxicloroquina\/cloroquina, ivermectina, nitazoxanida, azitromicina e colchicina, entre outras drogas, n\u00e3o possuem efic\u00e1cia cient\u00edfica comprovada de benef\u00edcio no tratamento ou preven\u00e7\u00e3o da Covid-19, propondo o banimento da utiliza\u00e7\u00e3o desses f\u00e1rmacos\u201d, afirma a carta.<\/p>\n<p style=\"text-align: justify;\">Al\u00e9m disso, o texto repudia o negacionismo do governo federal e a postura do Conselho Federal de Medicina (CFM), que, classifica como \u201cde completo alinhamento com o governo federal, minimizando o problema, omitindo-se quanto ao banimento das medica\u00e7\u00f5es sem efetividade comprovada, criticando o lockdown, e enaltecendo a desastrosa atua\u00e7\u00e3o do Minist\u00e9rio da Sa\u00fade\u201d.<\/p>\n<p style=\"text-align: justify;\"><strong>No documento, os m\u00e9dicos defendem:<\/strong><\/p>\n<p style=\"text-align: justify;\">A ado\u00e7\u00e3o rigorosa de medidas que reduzam a transmiss\u00e3o da doen\u00e7a, como a proibi\u00e7\u00e3o de aglomera\u00e7\u00f5es, o uso obrigat\u00f3rio de m\u00e1scaras, e as restri\u00e7\u00f5es \u00e0 circula\u00e7\u00e3o de pessoas, incluindo o lockdown;<\/p>\n<p style=\"text-align: justify;\">A garantia do aux\u00edlio emergencial de R$ 600,00 para trabalhadores informais, microempreendedores individuais, aut\u00f4nomos e desempregados, e de cr\u00e9ditos para que as pequenas e m\u00e9dias empresas mantenham empregos e sal\u00e1rios, enquanto durar a pandemia;<\/p>\n<p style=\"text-align: justify;\">A vacina\u00e7\u00e3o urgente e para todos, conduzida pelo SUS, obedecendo as prioridades definidas com base em crit\u00e9rios \u00e9ticos e epidemiol\u00f3gicos;<\/p>\n<p style=\"text-align: justify;\">O banimento do uso de medica\u00e7\u00f5es que n\u00e3o possuem efic\u00e1cia cient\u00edfica comprovada no tratamento ou preven\u00e7\u00e3o da COVID-19;<\/p>\n<p style=\"text-align: justify;\">O apoio \u00e0s iniciativas de governadores, parlamentares e prefeitos visando \u00e0 amplia\u00e7\u00e3o da rede de assist\u00eancia e vigil\u00e2ncia \u00e0 sa\u00fade, aquisi\u00e7\u00e3o de vacinas e demais medidas de prote\u00e7\u00e3o \u00e0 sa\u00fade da popula\u00e7\u00e3o;<\/p>\n<p style=\"text-align: justify;\">O compromisso das entidades m\u00e9dicas com a sa\u00fade da popula\u00e7\u00e3o e com a medicina informada por evid\u00eancias cient\u00edficas.<\/p>\n","protected":false},"excerpt":{"rendered":"<p>Protestando contra o negaciosnismo e em defesa da vida, diante da pandemia do novo coronav\u00edrus (Covid-19) no Brasil, um total de 425 m\u00e9dicas e m\u00e9dicos baianos assinaram uma carta aberta. O texto critica a postura do Conselho Federal de Medicina (CFM) por seguir as posi\u00e7\u00f5es contr\u00e1rias \u00e0 ci\u00eancia do governo federal, como o apoio ao [&hellip;]<\/p>\n","protected":false},"author":1,"featured_media":21615,"comment_status":"open","ping_status":"open","sticky":false,"template":"","format":"standard","meta":{"_uag_custom_page_level_css":"","_monsterinsights_skip_tracking":false,"_monsterinsights_sitenote_active":false,"_monsterinsights_sitenote_note":"","_monsterinsights_sitenote_category":0,"jetpack_post_was_ever_published":false,"_jetpack_newsletter_access":"","_jetpack_dont_email_post_to_subs":false,"_jetpack_newsletter_tier_id":0,"_jetpack_memberships_contains_paywalled_content":false,"_jetpack_memberships_contains_paid_content":false,"footnotes":"","jetpack_publicize_message":"","jetpack_publicize_feature_enabled":true,"jetpack_social_post_already_shared":true,"jetpack_social_options":{"image_generator_settings":{"template":"highway","default_image_id":0,"font":"","enabled":false},"version":2}},"categories":[199],"tags":[1523,2358,2359],"class_list":["post-21611","post","type-post","status-publish","format-standard","has-post-thumbnail","hentry","category-bahia","tag-covid","tag-medicos","tag-negacionismo"],"jetpack_publicize_connections":[],"jetpack_featured_media_url":"https:\/\/blogopara.com.br\/wp-content\/uploads\/2021\/04\/105559mais-de-400-medicos-baianos-assinam-carta-aberta-contra-negacionismo-2.jpg","uagb_featured_image_src":{"full":["https:\/\/blogopara.com.br\/wp-content\/uploads\/2021\/04\/105559mais-de-400-medicos-baianos-assinam-carta-aberta-contra-negacionismo-2.jpg",500,306,false],"thumbnail":["https:\/\/blogopara.com.br\/wp-content\/uploads\/2021\/04\/105559mais-de-400-medicos-baianos-assinam-carta-aberta-contra-negacionismo-2-150x150.jpg",150,150,true],"medium":["https:\/\/blogopara.com.br\/wp-content\/uploads\/2021\/04\/105559mais-de-400-medicos-baianos-assinam-carta-aberta-contra-negacionismo-2-300x184.jpg",300,184,true],"medium_large":["https:\/\/blogopara.com.br\/wp-content\/uploads\/2021\/04\/105559mais-de-400-medicos-baianos-assinam-carta-aberta-contra-negacionismo-2.jpg",500,306,false],"large":["https:\/\/blogopara.com.br\/wp-content\/uploads\/2021\/04\/105559mais-de-400-medicos-baianos-assinam-carta-aberta-contra-negacionismo-2.jpg",500,306,false],"1536x1536":["https:\/\/blogopara.com.br\/wp-content\/uploads\/2021\/04\/105559mais-de-400-medicos-baianos-assinam-carta-aberta-contra-negacionismo-2.jpg",500,306,false],"2048x2048":["https:\/\/blogopara.com.br\/wp-content\/uploads\/2021\/04\/105559mais-de-400-medicos-baianos-assinam-carta-aberta-contra-negacionismo-2.jpg",500,306,false],"mantranews-slider-large":["https:\/\/blogopara.com.br\/wp-content\/uploads\/2021\/04\/105559mais-de-400-medicos-baianos-assinam-carta-aberta-contra-negacionismo-2.jpg",500,306,false],"mantranews-featured-medium":["https:\/\/blogopara.com.br\/wp-content\/uploads\/2021\/04\/105559mais-de-400-medicos-baianos-assinam-carta-aberta-contra-negacionismo-2-420x306.jpg",420,306,true],"mantranews-featured-long":["https:\/\/blogopara.com.br\/wp-content\/uploads\/2021\/04\/105559mais-de-400-medicos-baianos-assinam-carta-aberta-contra-negacionismo-2-300x306.jpg",300,306,true],"mantranews-block-medium":["https:\/\/blogopara.com.br\/wp-content\/uploads\/2021\/04\/105559mais-de-400-medicos-baianos-assinam-carta-aberta-contra-negacionismo-2-464x290.jpg",464,290,true],"mantranews-carousel-image":["https:\/\/blogopara.com.br\/wp-content\/uploads\/2021\/04\/105559mais-de-400-medicos-baianos-assinam-carta-aberta-contra-negacionismo-2.jpg",500,306,false],"mantranews-block-thumb":["https:\/\/blogopara.com.br\/wp-content\/uploads\/2021\/04\/105559mais-de-400-medicos-baianos-assinam-carta-aberta-contra-negacionismo-2-322x230.jpg",322,230,true],"mantranews-single-large":["https:\/\/blogopara.com.br\/wp-content\/uploads\/2021\/04\/105559mais-de-400-medicos-baianos-assinam-carta-aberta-contra-negacionismo-2.jpg",500,306,false]},"uagb_author_info":{"display_name":"Reda\u00e7\u00e3o geral","author_link":"https:\/\/blogopara.com.br\/index.php\/author\/blogopara"},"uagb_comment_info":0,"uagb_excerpt":"Protestando contra o negaciosnismo e em defesa da vida, diante da pandemia do novo coronav\u00edrus (Covid-19) no Brasil, um total de 425 m\u00e9dicas e m\u00e9dicos baianos assinaram uma carta aberta. O texto critica a postura do Conselho Federal de Medicina (CFM) por seguir as posi\u00e7\u00f5es contr\u00e1rias \u00e0 ci\u00eancia do governo federal, como o apoio ao&hellip;","jetpack_sharing_enabled":true,"jetpack_likes_enabled":true,"_links":{"self":[{"href":"https:\/\/blogopara.com.br\/index.php\/wp-json\/wp\/v2\/posts\/21611","targetHints":{"allow":["GET"]}}],"collection":[{"href":"https:\/\/blogopara.com.br\/index.php\/wp-json\/wp\/v2\/posts"}],"about":[{"href":"https:\/\/blogopara.com.br\/index.php\/wp-json\/wp\/v2\/types\/post"}],"author":[{"embeddable":true,"href":"https:\/\/blogopara.com.br\/index.php\/wp-json\/wp\/v2\/users\/1"}],"replies":[{"embeddable":true,"href":"https:\/\/blogopara.com.br\/index.php\/wp-json\/wp\/v2\/comments?post=21611"}],"version-history":[{"count":1,"href":"https:\/\/blogopara.com.br\/index.php\/wp-json\/wp\/v2\/posts\/21611\/revisions"}],"predecessor-version":[{"id":21612,"href":"https:\/\/blogopara.com.br\/index.php\/wp-json\/wp\/v2\/posts\/21611\/revisions\/21612"}],"wp:featuredmedia":[{"embeddable":true,"href":"https:\/\/blogopara.com.br\/index.php\/wp-json\/wp\/v2\/media\/21615"}],"wp:attachment":[{"href":"https:\/\/blogopara.com.br\/index.php\/wp-json\/wp\/v2\/media?parent=21611"}],"wp:term":[{"taxonomy":"category","embeddable":true,"href":"https:\/\/blogopara.com.br\/index.php\/wp-json\/wp\/v2\/categories?post=21611"},{"taxonomy":"post_tag","embeddable":true,"href":"https:\/\/blogopara.com.br\/index.php\/wp-json\/wp\/v2\/tags?post=21611"}],"curies":[{"name":"wp","href":"https:\/\/api.w.org\/{rel}","templated":true}]}}