{"id":21680,"date":"2021-04-07T09:19:00","date_gmt":"2021-04-07T12:19:00","guid":{"rendered":"https:\/\/blogopara.com.br\/?p=21680"},"modified":"2021-04-06T17:23:04","modified_gmt":"2021-04-06T20:23:04","slug":"juazeiro-enfermeira-diz-que-ainda-estamos-na-gestao-de-paulo-bomfim-denuncia-um-morador-do-bairro-dom-jose-rodrigues","status":"publish","type":"post","link":"https:\/\/blogopara.com.br\/index.php\/2021\/04\/07\/juazeiro-enfermeira-diz-que-ainda-estamos-na-gestao-de-paulo-bomfim-denuncia-um-morador-do-bairro-dom-jose-rodrigues","title":{"rendered":"Juazeiro: &#8220;Enfermeira diz que ainda estar na gest\u00e3o de Paulo Bomfim&#8221;. Denuncia um morador do bairro Dom Jos\u00e9 Rodrigues"},"content":{"rendered":"<div class=\"mc-column content-text active-extra-styles \" data-block-type=\"unstyled\" data-block-weight=\"38\" data-block-id=\"2\">\n<p class=\"content-text__container \" style=\"text-align: justify;\" data-track-category=\"Link no Texto\" data-track-links=\"\">Um morador do bairro Jos\u00e9 Rodrigues volta a denunciar o descaso na Unidade B\u00e1sica de Sa\u00fade do bairro, na manh\u00e3 desta segunda-feira (05). No \u00faltimo dia 30 de mar\u00e7o, <a href=\"https:\/\/blogopara.com.br\/index.php\/2021\/03\/30\/juazeiro-morador-do-bairro-dom-jose-rodrigues-denuncia-descaso-com-os-idosos-na-ubs-sesau-responde\">publicamos a denuncia do descaso na supracitada unidade.<\/a> A Sesau respondeu que estaria resolvendo o problema com a instala\u00e7\u00e3o de toldos.<\/p>\n<p style=\"text-align: justify;\" data-track-category=\"Link no Texto\" data-track-links=\"\">O problema n\u00e3o foi resolvido, assim como uma servidora de prenome Ana, continua a espalhar terror entre os usu\u00e1rios da UBS, tratando idosos e gestantes de forma desumana. A servidora quando indagada sobre a sua atitude, a mesma afirma que tem &#8220;peixe forte&#8221; para manter-se desenvolvendo as atividades na Unidade de Sa\u00fade.<\/p>\n<p style=\"text-align: justify;\" data-track-category=\"Link no Texto\" data-track-links=\"\">Nos novos v\u00eddeos \u00e9 claro o descaso com os moradores que procuraram a unidade tiveram que esperar do lado de fora, em plena chuva\u00a0 ou sob o sol escaldante.<\/p>\n<p style=\"text-align: justify;\" data-track-category=\"Link no Texto\" data-track-links=\"\">\n<\/div>\n<div class=\"wall protected-content\">\n<div class=\"mc-column content-text active-extra-styles \" data-block-type=\"unstyled\" data-block-weight=\"31\" data-block-id=\"3\">\n<p class=\"content-text__container \" style=\"text-align: justify;\" data-track-category=\"Link no Texto\" data-track-links=\"\">\n<\/div>\n<\/div>\n","protected":false},"excerpt":{"rendered":"<p>Um morador do bairro Jos\u00e9 Rodrigues volta a denunciar o descaso na Unidade B\u00e1sica de Sa\u00fade do bairro, na manh\u00e3 desta segunda-feira (05). No \u00faltimo dia 30 de mar\u00e7o, publicamos a denuncia do descaso na supracitada unidade. A Sesau respondeu que estaria resolvendo o problema com a instala\u00e7\u00e3o de toldos. O problema n\u00e3o foi resolvido, [&hellip;]<\/p>\n","protected":false},"author":1,"featured_media":21452,"comment_status":"open","ping_status":"open","sticky":false,"template":"","format":"standard","meta":{"_uag_custom_page_level_css":"","_monsterinsights_skip_tracking":false,"_monsterinsights_sitenote_active":false,"_monsterinsights_sitenote_note":"","_monsterinsights_sitenote_category":0,"jetpack_post_was_ever_published":false,"_jetpack_newsletter_access":"","_jetpack_dont_email_post_to_subs":false,"_jetpack_newsletter_tier_id":0,"_jetpack_memberships_contains_paywalled_content":false,"_jetpack_memberships_contains_paid_content":false,"footnotes":"","jetpack_publicize_message":"","jetpack_publicize_feature_enabled":true,"jetpack_social_post_already_shared":true,"jetpack_social_options":{"image_generator_settings":{"template":"highway","default_image_id":0,"font":"","enabled":false},"version":2}},"categories":[203],"tags":[743,669],"class_list":["post-21680","post","type-post","status-publish","format-standard","has-post-thumbnail","hentry","category-juazeiro","tag-dom-jose-rodrigues","tag-ubs"],"jetpack_publicize_connections":[],"jetpack_featured_media_url":"https:\/\/blogopara.com.br\/wp-content\/uploads\/2021\/03\/Capturar-2.jpg","uagb_featured_image_src":{"full":["https:\/\/blogopara.com.br\/wp-content\/uploads\/2021\/03\/Capturar-2.jpg",500,272,false],"thumbnail":["https:\/\/blogopara.com.br\/wp-content\/uploads\/2021\/03\/Capturar-2-150x150.jpg",150,150,true],"medium":["https:\/\/blogopara.com.br\/wp-content\/uploads\/2021\/03\/Capturar-2-300x163.jpg",300,163,true],"medium_large":["https:\/\/blogopara.com.br\/wp-content\/uploads\/2021\/03\/Capturar-2.jpg",500,272,false],"large":["https:\/\/blogopara.com.br\/wp-content\/uploads\/2021\/03\/Capturar-2.jpg",500,272,false],"1536x1536":["https:\/\/blogopara.com.br\/wp-content\/uploads\/2021\/03\/Capturar-2.jpg",500,272,false],"2048x2048":["https:\/\/blogopara.com.br\/wp-content\/uploads\/2021\/03\/Capturar-2.jpg",500,272,false],"mantranews-slider-large":["https:\/\/blogopara.com.br\/wp-content\/uploads\/2021\/03\/Capturar-2.jpg",500,272,false],"mantranews-featured-medium":["https:\/\/blogopara.com.br\/wp-content\/uploads\/2021\/03\/Capturar-2-420x272.jpg",420,272,true],"mantranews-featured-long":["https:\/\/blogopara.com.br\/wp-content\/uploads\/2021\/03\/Capturar-2-300x272.jpg",300,272,true],"mantranews-block-medium":["https:\/\/blogopara.com.br\/wp-content\/uploads\/2021\/03\/Capturar-2-464x272.jpg",464,272,true],"mantranews-carousel-image":["https:\/\/blogopara.com.br\/wp-content\/uploads\/2021\/03\/Capturar-2.jpg",500,272,false],"mantranews-block-thumb":["https:\/\/blogopara.com.br\/wp-content\/uploads\/2021\/03\/Capturar-2-322x230.jpg",322,230,true],"mantranews-single-large":["https:\/\/blogopara.com.br\/wp-content\/uploads\/2021\/03\/Capturar-2.jpg",500,272,false]},"uagb_author_info":{"display_name":"Reda\u00e7\u00e3o geral","author_link":"https:\/\/blogopara.com.br\/index.php\/author\/blogopara"},"uagb_comment_info":0,"uagb_excerpt":"Um morador do bairro Jos\u00e9 Rodrigues volta a denunciar o descaso na Unidade B\u00e1sica de Sa\u00fade do bairro, na manh\u00e3 desta segunda-feira (05). No \u00faltimo dia 30 de mar\u00e7o, publicamos a denuncia do descaso na supracitada unidade. A Sesau respondeu que estaria resolvendo o problema com a instala\u00e7\u00e3o de toldos. O problema n\u00e3o foi resolvido,&hellip;","jetpack_sharing_enabled":true,"jetpack_likes_enabled":true,"_links":{"self":[{"href":"https:\/\/blogopara.com.br\/index.php\/wp-json\/wp\/v2\/posts\/21680","targetHints":{"allow":["GET"]}}],"collection":[{"href":"https:\/\/blogopara.com.br\/index.php\/wp-json\/wp\/v2\/posts"}],"about":[{"href":"https:\/\/blogopara.com.br\/index.php\/wp-json\/wp\/v2\/types\/post"}],"author":[{"embeddable":true,"href":"https:\/\/blogopara.com.br\/index.php\/wp-json\/wp\/v2\/users\/1"}],"replies":[{"embeddable":true,"href":"https:\/\/blogopara.com.br\/index.php\/wp-json\/wp\/v2\/comments?post=21680"}],"version-history":[{"count":3,"href":"https:\/\/blogopara.com.br\/index.php\/wp-json\/wp\/v2\/posts\/21680\/revisions"}],"predecessor-version":[{"id":21683,"href":"https:\/\/blogopara.com.br\/index.php\/wp-json\/wp\/v2\/posts\/21680\/revisions\/21683"}],"wp:featuredmedia":[{"embeddable":true,"href":"https:\/\/blogopara.com.br\/index.php\/wp-json\/wp\/v2\/media\/21452"}],"wp:attachment":[{"href":"https:\/\/blogopara.com.br\/index.php\/wp-json\/wp\/v2\/media?parent=21680"}],"wp:term":[{"taxonomy":"category","embeddable":true,"href":"https:\/\/blogopara.com.br\/index.php\/wp-json\/wp\/v2\/categories?post=21680"},{"taxonomy":"post_tag","embeddable":true,"href":"https:\/\/blogopara.com.br\/index.php\/wp-json\/wp\/v2\/tags?post=21680"}],"curies":[{"name":"wp","href":"https:\/\/api.w.org\/{rel}","templated":true}]}}