{"id":21689,"date":"2021-04-07T11:33:07","date_gmt":"2021-04-07T14:33:07","guid":{"rendered":"https:\/\/blogopara.com.br\/?p=21689"},"modified":"2021-04-07T11:33:12","modified_gmt":"2021-04-07T14:33:12","slug":"facape-emite-nota-de-pesar-pelo-falecimento-do-professor-nivaldo-ferreira","status":"publish","type":"post","link":"https:\/\/blogopara.com.br\/index.php\/2021\/04\/07\/facape-emite-nota-de-pesar-pelo-falecimento-do-professor-nivaldo-ferreira","title":{"rendered":"Facape emite nota de pesar pelo falecimento do professor Nivaldo Ferreira"},"content":{"rendered":"\n<p><em>Nota de pesar<\/em><br>A Faculdade de Petrolina \u2013 Facape vem comunicar o falecimento do professor Nivaldo Ferreira dos Reis, ocorrido nesta ter\u00e7a-feira (06). Um guerreiro que lutou at\u00e9 as \u00faltimas for\u00e7as para vencer a Covid-19, que tem ceifado a vida de milhares de brasileiros.<br>O coronav\u00edrus tirou do nosso conv\u00edvio, um ser humano cheio de amor \u00e0 vida, que os colegas definem como amigo, irm\u00e3o, paiz\u00e3o. De voz marcante, apaixonado por m\u00fasica e viol\u00e3o, gostava de alegrar colegas e alunos com can\u00e7\u00f5es em momentos especiais.<br>Cada funcion\u00e1rio, cada professor e cada aluno da Facape, vivem hoje um profundo pesar e luto. E guardaremos os sorrisos, a voz ou os assovios pelos corredores entoando m\u00fasica, o jeito de bem com a vida que lhe era caracter\u00edstico.<br>Nossa solidariedade aos colegas, familiares, especialmente esposa e filhos nesse momento de dor.<br>A Facape, atrav\u00e9s do seu Presidente Antonio Habib, suspendeu as aulas nesta quarta-feira (7), e luto pelo falecimento do querido \u2018Nivaldinho\u2019.<\/p>\n\n\n\n<p>Assessoria de Comunica\u00e7\u00e3o da Facape<\/p>\n","protected":false},"excerpt":{"rendered":"<p>Nota de pesarA Faculdade de Petrolina \u2013 Facape vem comunicar o falecimento do professor Nivaldo Ferreira dos Reis, ocorrido nesta ter\u00e7a-feira (06). Um guerreiro que lutou at\u00e9 as \u00faltimas for\u00e7as para vencer a Covid-19, que tem ceifado a vida de milhares de brasileiros.O coronav\u00edrus tirou do nosso conv\u00edvio, um ser humano cheio de amor \u00e0 [&hellip;]<\/p>\n","protected":false},"author":1,"featured_media":21690,"comment_status":"closed","ping_status":"open","sticky":false,"template":"","format":"standard","meta":{"_uag_custom_page_level_css":"","_monsterinsights_skip_tracking":false,"_monsterinsights_sitenote_active":false,"_monsterinsights_sitenote_note":"","_monsterinsights_sitenote_category":0,"jetpack_post_was_ever_published":false,"_jetpack_newsletter_access":"","_jetpack_dont_email_post_to_subs":false,"_jetpack_newsletter_tier_id":0,"_jetpack_memberships_contains_paywalled_content":false,"_jetpack_memberships_contains_paid_content":false,"footnotes":"","jetpack_publicize_message":"","jetpack_publicize_feature_enabled":true,"jetpack_social_post_already_shared":true,"jetpack_social_options":{"image_generator_settings":{"template":"highway","default_image_id":0,"font":"","enabled":false},"version":2}},"categories":[1624],"tags":[897,2374],"class_list":["post-21689","post","type-post","status-publish","format-standard","has-post-thumbnail","hentry","category-covid-19","tag-facape","tag-nivaldo-ferreira"],"jetpack_publicize_connections":[],"jetpack_featured_media_url":"https:\/\/blogopara.com.br\/wp-content\/uploads\/2021\/04\/41e5fef8-d34f-4ac3-92f3-c5e1bf80c825-1.jpg","uagb_featured_image_src":{"full":["https:\/\/blogopara.com.br\/wp-content\/uploads\/2021\/04\/41e5fef8-d34f-4ac3-92f3-c5e1bf80c825-1.jpg",500,631,false],"thumbnail":["https:\/\/blogopara.com.br\/wp-content\/uploads\/2021\/04\/41e5fef8-d34f-4ac3-92f3-c5e1bf80c825-1-150x150.jpg",150,150,true],"medium":["https:\/\/blogopara.com.br\/wp-content\/uploads\/2021\/04\/41e5fef8-d34f-4ac3-92f3-c5e1bf80c825-1-238x300.jpg",238,300,true],"medium_large":["https:\/\/blogopara.com.br\/wp-content\/uploads\/2021\/04\/41e5fef8-d34f-4ac3-92f3-c5e1bf80c825-1.jpg",500,631,false],"large":["https:\/\/blogopara.com.br\/wp-content\/uploads\/2021\/04\/41e5fef8-d34f-4ac3-92f3-c5e1bf80c825-1.jpg",500,631,false],"1536x1536":["https:\/\/blogopara.com.br\/wp-content\/uploads\/2021\/04\/41e5fef8-d34f-4ac3-92f3-c5e1bf80c825-1.jpg",500,631,false],"2048x2048":["https:\/\/blogopara.com.br\/wp-content\/uploads\/2021\/04\/41e5fef8-d34f-4ac3-92f3-c5e1bf80c825-1.jpg",500,631,false],"mantranews-slider-large":["https:\/\/blogopara.com.br\/wp-content\/uploads\/2021\/04\/41e5fef8-d34f-4ac3-92f3-c5e1bf80c825-1.jpg",500,631,false],"mantranews-featured-medium":["https:\/\/blogopara.com.br\/wp-content\/uploads\/2021\/04\/41e5fef8-d34f-4ac3-92f3-c5e1bf80c825-1-420x307.jpg",420,307,true],"mantranews-featured-long":["https:\/\/blogopara.com.br\/wp-content\/uploads\/2021\/04\/41e5fef8-d34f-4ac3-92f3-c5e1bf80c825-1-300x443.jpg",300,443,true],"mantranews-block-medium":["https:\/\/blogopara.com.br\/wp-content\/uploads\/2021\/04\/41e5fef8-d34f-4ac3-92f3-c5e1bf80c825-1-464x290.jpg",464,290,true],"mantranews-carousel-image":["https:\/\/blogopara.com.br\/wp-content\/uploads\/2021\/04\/41e5fef8-d34f-4ac3-92f3-c5e1bf80c825-1-500x500.jpg",500,500,true],"mantranews-block-thumb":["https:\/\/blogopara.com.br\/wp-content\/uploads\/2021\/04\/41e5fef8-d34f-4ac3-92f3-c5e1bf80c825-1-322x230.jpg",322,230,true],"mantranews-single-large":["https:\/\/blogopara.com.br\/wp-content\/uploads\/2021\/04\/41e5fef8-d34f-4ac3-92f3-c5e1bf80c825-1.jpg",500,631,false]},"uagb_author_info":{"display_name":"Reda\u00e7\u00e3o geral","author_link":"https:\/\/blogopara.com.br\/index.php\/author\/blogopara"},"uagb_comment_info":0,"uagb_excerpt":"Nota de pesarA Faculdade de Petrolina \u2013 Facape vem comunicar o falecimento do professor Nivaldo Ferreira dos Reis, ocorrido nesta ter\u00e7a-feira (06). Um guerreiro que lutou at\u00e9 as \u00faltimas for\u00e7as para vencer a Covid-19, que tem ceifado a vida de milhares de brasileiros.O coronav\u00edrus tirou do nosso conv\u00edvio, um ser humano cheio de amor \u00e0&hellip;","jetpack_sharing_enabled":true,"jetpack_likes_enabled":true,"_links":{"self":[{"href":"https:\/\/blogopara.com.br\/index.php\/wp-json\/wp\/v2\/posts\/21689","targetHints":{"allow":["GET"]}}],"collection":[{"href":"https:\/\/blogopara.com.br\/index.php\/wp-json\/wp\/v2\/posts"}],"about":[{"href":"https:\/\/blogopara.com.br\/index.php\/wp-json\/wp\/v2\/types\/post"}],"author":[{"embeddable":true,"href":"https:\/\/blogopara.com.br\/index.php\/wp-json\/wp\/v2\/users\/1"}],"replies":[{"embeddable":true,"href":"https:\/\/blogopara.com.br\/index.php\/wp-json\/wp\/v2\/comments?post=21689"}],"version-history":[{"count":1,"href":"https:\/\/blogopara.com.br\/index.php\/wp-json\/wp\/v2\/posts\/21689\/revisions"}],"predecessor-version":[{"id":21691,"href":"https:\/\/blogopara.com.br\/index.php\/wp-json\/wp\/v2\/posts\/21689\/revisions\/21691"}],"wp:featuredmedia":[{"embeddable":true,"href":"https:\/\/blogopara.com.br\/index.php\/wp-json\/wp\/v2\/media\/21690"}],"wp:attachment":[{"href":"https:\/\/blogopara.com.br\/index.php\/wp-json\/wp\/v2\/media?parent=21689"}],"wp:term":[{"taxonomy":"category","embeddable":true,"href":"https:\/\/blogopara.com.br\/index.php\/wp-json\/wp\/v2\/categories?post=21689"},{"taxonomy":"post_tag","embeddable":true,"href":"https:\/\/blogopara.com.br\/index.php\/wp-json\/wp\/v2\/tags?post=21689"}],"curies":[{"name":"wp","href":"https:\/\/api.w.org\/{rel}","templated":true}]}}