{"id":21692,"date":"2021-04-07T13:56:48","date_gmt":"2021-04-07T16:56:48","guid":{"rendered":"https:\/\/blogopara.com.br\/?p=21692"},"modified":"2021-04-07T17:33:03","modified_gmt":"2021-04-07T20:33:03","slug":"alunos-do-sertao-do-sao-francisco-atingem-notas-proximas-de-1-000-na-redacao-do-enem-2020","status":"publish","type":"post","link":"https:\/\/blogopara.com.br\/index.php\/2021\/04\/07\/alunos-do-sertao-do-sao-francisco-atingem-notas-proximas-de-1-000-na-redacao-do-enem-2020","title":{"rendered":"Alunos do Sert\u00e3o do S\u00e3o Francisco atingem notas pr\u00f3ximas de 1.000 na reda\u00e7\u00e3o do Enem 2020"},"content":{"rendered":"\n<p>O Instituto Nacional de Estudos e Pesquisas Educacionais An\u00edsio Teixeira (Inep) divulgou nesta segunda-feira (30) as notas dos candidatos que fizeram o Exame Nacional do Ensino M\u00e9dio (Enem) 2020, nas vers\u00f5es impressa e digital. Apesar das adversidades que surgiram no processo educacional, em decorr\u00eancia da pandemia de Covid-19, v\u00e1rios estudantes da rede estadual de ensino se destacaram em mais uma edi\u00e7\u00e3o do certame, principalmente na reda\u00e7\u00e3o.<\/p>\n\n\n\n<p>Com o objetivo de assegurar a competitividade dos alunos da rede p\u00fablica, a Secretaria de Educa\u00e7\u00e3o do Estado (SEC) promoveu, ao decorrer do ano, diversas iniciativas educacionais, como aul\u00f5es de virtuais e atrav\u00e9s do &#8220;Hora do Enem&#8221; e &#8220;Estude em casa&#8221;, exibidos pela TVE, em parceria com a funda\u00e7\u00e3o Roberto Marinho, entre outros programas.<br><br>Conhe\u00e7a os alunos que se destacaram:<br><\/p>\n\n\n\n<p>Estudante:<strong> Divanete dos Passos Silva<\/strong><br>Nota: 920<br>Col\u00e9gio Estadual de Casa Nova<br>Casa Nova- NTE-10<\/p>\n\n\n\n<p>Estudante: <strong>Juliana Pereira da Hora<\/strong><br>Nota: 900 pontos na reda\u00e7\u00e3o enem<br>Col\u00e9gio Democr\u00e1tico Estadual Professora Florentina Alves dos Santos<br>Juazeiro- NTE-10<\/p>\n\n\n\n<p>Estudante:<strong> Alicia de Aguiar Pereira<\/strong><br>Nota 920 reda\u00e7\u00e3o Enem<br>Col\u00e9gio Democr\u00e1tico Estadual Professora Florentina Alves dos Santos<br>Juazeiro-NTE-10.<\/p>\n\n\n\n<p>Estudante:<strong> Laise Rodrigues Torres<\/strong><br>Nota: 940 Reda\u00e7\u00e3o<br>CENTRO TERRITORIAL DE EDUCA\u00c7\u00c3O PROFISSIONAL JOS\u00c9 AM\u00c2NCIO FILHO<br>Cura\u00e7\u00e1- NTE-10<\/p>\n\n\n\n<p>Estudante: <strong>Wilrislaine Lacerda De Souza<\/strong><br>Nota: 920 Reda\u00e7\u00e3o<br>Col\u00e9gio Estadual Manoel Novaes<br>Cura\u00e7\u00e1- NTE-10<\/p>\n\n\n\n<p><em>Estudante:<\/em> <strong>Victoria Cristiane Jesus da Cruz<\/strong><br><em>Nota:<\/em> 900<br><em>Col\u00e9gio Estadual Rui Barbosa<\/em><br>Juazeiro- NTE-10<\/p>\n\n\n\n<p><em>Estudante:<\/em> <strong>Henrique Maur\u00edcio dos Santos<\/strong><br><em>Nota:<\/em> 920 Reda\u00e7\u00e3o Enem<br><em>Centro Territorial de Educa\u00e7\u00e3o Profissional do Sert\u00e3o do S\u00e3o Francisco<\/em><br><br><em>Estudante:<\/em> <strong>Caroline Lima de Andrade<\/strong><br><em>Nota:<\/em> 940 Reda\u00e7\u00e3o Enem<br><em>Centro Territorial de Educa\u00e7\u00e3o Profissional do Sert\u00e3o do S\u00e3o Francisco<\/em><br>Juazeiro &#8211; NTE-10<\/p>\n\n\n\n<p><em>Estudante:<\/em> <strong>Daniele Silva Lima<\/strong><br><em>Nota:<\/em> 940 Reda\u00e7\u00e3o Enem<br><em>Centro Territorial de Educa\u00e7\u00e3o Profissional do Sert\u00e3o do S\u00e3o Francisco<\/em><br>Juazeiro &#8211; NTE-10.<br><br><em>Estudante:<\/em><strong> Eliel Francis de Castro Mendes<\/strong><br><em>Nota:<\/em> 980 Reda\u00e7\u00e3o<br><em>Col\u00e9gio Estadual Jorge Khoury<\/em><br>Sobradinho-NTE-10.<\/p>\n\n\n\n<p><em>Estudante:<\/em> <strong>Alan Heverton Lima Martins<\/strong><br><em>Nota:<\/em> 940 Reda\u00e7\u00e3o<br><em>Col\u00e9gio Estadual Artur Oliveira da Silva<\/em><br>Juazeiro-NTE-10.<\/p>\n\n\n\n<p><br> <br>Guilherme Teixeira<br><em>com informa\u00e7\u00f5es NTE-1<\/em>0<\/p>\n","protected":false},"excerpt":{"rendered":"<p>O Instituto Nacional de Estudos e Pesquisas Educacionais An\u00edsio Teixeira (Inep) divulgou nesta segunda-feira (30) as notas dos candidatos que fizeram o Exame Nacional do Ensino M\u00e9dio (Enem) 2020, nas vers\u00f5es impressa e digital. Apesar das adversidades que surgiram no processo educacional, em decorr\u00eancia da pandemia de Covid-19, v\u00e1rios estudantes da rede estadual de ensino [&hellip;]<\/p>\n","protected":false},"author":1,"featured_media":21695,"comment_status":"closed","ping_status":"open","sticky":false,"template":"","format":"standard","meta":{"_uag_custom_page_level_css":"","_monsterinsights_skip_tracking":false,"_monsterinsights_sitenote_active":false,"_monsterinsights_sitenote_note":"","_monsterinsights_sitenote_category":0,"jetpack_post_was_ever_published":false,"_jetpack_newsletter_access":"","_jetpack_dont_email_post_to_subs":false,"_jetpack_newsletter_tier_id":0,"_jetpack_memberships_contains_paywalled_content":false,"_jetpack_memberships_contains_paid_content":false,"footnotes":"","jetpack_publicize_message":"","jetpack_publicize_feature_enabled":true,"jetpack_social_post_already_shared":true,"jetpack_social_options":{"image_generator_settings":{"template":"highway","default_image_id":0,"font":"","enabled":false},"version":2}},"categories":[209],"tags":[],"class_list":["post-21692","post","type-post","status-publish","format-standard","has-post-thumbnail","hentry","category-educacao"],"jetpack_publicize_connections":[],"jetpack_featured_media_url":"https:\/\/blogopara.com.br\/wp-content\/uploads\/2021\/04\/bahia-ba-escola-foto-paula-froes-govba-1-1.jpg","uagb_featured_image_src":{"full":["https:\/\/blogopara.com.br\/wp-content\/uploads\/2021\/04\/bahia-ba-escola-foto-paula-froes-govba-1-1.jpg",500,350,false],"thumbnail":["https:\/\/blogopara.com.br\/wp-content\/uploads\/2021\/04\/bahia-ba-escola-foto-paula-froes-govba-1-1-150x150.jpg",150,150,true],"medium":["https:\/\/blogopara.com.br\/wp-content\/uploads\/2021\/04\/bahia-ba-escola-foto-paula-froes-govba-1-1-300x210.jpg",300,210,true],"medium_large":["https:\/\/blogopara.com.br\/wp-content\/uploads\/2021\/04\/bahia-ba-escola-foto-paula-froes-govba-1-1.jpg",500,350,false],"large":["https:\/\/blogopara.com.br\/wp-content\/uploads\/2021\/04\/bahia-ba-escola-foto-paula-froes-govba-1-1.jpg",500,350,false],"1536x1536":["https:\/\/blogopara.com.br\/wp-content\/uploads\/2021\/04\/bahia-ba-escola-foto-paula-froes-govba-1-1.jpg",500,350,false],"2048x2048":["https:\/\/blogopara.com.br\/wp-content\/uploads\/2021\/04\/bahia-ba-escola-foto-paula-froes-govba-1-1.jpg",500,350,false],"mantranews-slider-large":["https:\/\/blogopara.com.br\/wp-content\/uploads\/2021\/04\/bahia-ba-escola-foto-paula-froes-govba-1-1.jpg",500,350,false],"mantranews-featured-medium":["https:\/\/blogopara.com.br\/wp-content\/uploads\/2021\/04\/bahia-ba-escola-foto-paula-froes-govba-1-1-420x307.jpg",420,307,true],"mantranews-featured-long":["https:\/\/blogopara.com.br\/wp-content\/uploads\/2021\/04\/bahia-ba-escola-foto-paula-froes-govba-1-1-300x350.jpg",300,350,true],"mantranews-block-medium":["https:\/\/blogopara.com.br\/wp-content\/uploads\/2021\/04\/bahia-ba-escola-foto-paula-froes-govba-1-1-464x290.jpg",464,290,true],"mantranews-carousel-image":["https:\/\/blogopara.com.br\/wp-content\/uploads\/2021\/04\/bahia-ba-escola-foto-paula-froes-govba-1-1.jpg",500,350,false],"mantranews-block-thumb":["https:\/\/blogopara.com.br\/wp-content\/uploads\/2021\/04\/bahia-ba-escola-foto-paula-froes-govba-1-1-322x230.jpg",322,230,true],"mantranews-single-large":["https:\/\/blogopara.com.br\/wp-content\/uploads\/2021\/04\/bahia-ba-escola-foto-paula-froes-govba-1-1.jpg",500,350,false]},"uagb_author_info":{"display_name":"Reda\u00e7\u00e3o geral","author_link":"https:\/\/blogopara.com.br\/index.php\/author\/blogopara"},"uagb_comment_info":0,"uagb_excerpt":"O Instituto Nacional de Estudos e Pesquisas Educacionais An\u00edsio Teixeira (Inep) divulgou nesta segunda-feira (30) as notas dos candidatos que fizeram o Exame Nacional do Ensino M\u00e9dio (Enem) 2020, nas vers\u00f5es impressa e digital. Apesar das adversidades que surgiram no processo educacional, em decorr\u00eancia da pandemia de Covid-19, v\u00e1rios estudantes da rede estadual de ensino&hellip;","jetpack_sharing_enabled":true,"jetpack_likes_enabled":true,"_links":{"self":[{"href":"https:\/\/blogopara.com.br\/index.php\/wp-json\/wp\/v2\/posts\/21692","targetHints":{"allow":["GET"]}}],"collection":[{"href":"https:\/\/blogopara.com.br\/index.php\/wp-json\/wp\/v2\/posts"}],"about":[{"href":"https:\/\/blogopara.com.br\/index.php\/wp-json\/wp\/v2\/types\/post"}],"author":[{"embeddable":true,"href":"https:\/\/blogopara.com.br\/index.php\/wp-json\/wp\/v2\/users\/1"}],"replies":[{"embeddable":true,"href":"https:\/\/blogopara.com.br\/index.php\/wp-json\/wp\/v2\/comments?post=21692"}],"version-history":[{"count":6,"href":"https:\/\/blogopara.com.br\/index.php\/wp-json\/wp\/v2\/posts\/21692\/revisions"}],"predecessor-version":[{"id":21732,"href":"https:\/\/blogopara.com.br\/index.php\/wp-json\/wp\/v2\/posts\/21692\/revisions\/21732"}],"wp:featuredmedia":[{"embeddable":true,"href":"https:\/\/blogopara.com.br\/index.php\/wp-json\/wp\/v2\/media\/21695"}],"wp:attachment":[{"href":"https:\/\/blogopara.com.br\/index.php\/wp-json\/wp\/v2\/media?parent=21692"}],"wp:term":[{"taxonomy":"category","embeddable":true,"href":"https:\/\/blogopara.com.br\/index.php\/wp-json\/wp\/v2\/categories?post=21692"},{"taxonomy":"post_tag","embeddable":true,"href":"https:\/\/blogopara.com.br\/index.php\/wp-json\/wp\/v2\/tags?post=21692"}],"curies":[{"name":"wp","href":"https:\/\/api.w.org\/{rel}","templated":true}]}}