{"id":21723,"date":"2021-04-08T16:05:00","date_gmt":"2021-04-08T19:05:00","guid":{"rendered":"https:\/\/blogopara.com.br\/?p=21723"},"modified":"2021-04-07T17:09:05","modified_gmt":"2021-04-07T20:09:05","slug":"oposicao-pede-que-camara-convoque-salles-por-criticar-a-apreensao-de-madeira","status":"publish","type":"post","link":"https:\/\/blogopara.com.br\/index.php\/2021\/04\/08\/oposicao-pede-que-camara-convoque-salles-por-criticar-a-apreensao-de-madeira","title":{"rendered":"Oposi\u00e7\u00e3o pede que C\u00e2mara convoque Salles por criticar a apreens\u00e3o de madeira"},"content":{"rendered":"<p style=\"text-align: justify;\">O deputado Marcelo Freixo (PSOL-RJ) pediu que a C\u00e2mara convoque o ministro do Meio Ambiente, Ricardo Salles, para explicar cr\u00edticas a uma opera\u00e7\u00e3o da Pol\u00edcia Federal que fez a maior apreens\u00e3o de madeira do pa\u00eds.<\/p>\n<div id=\"div-gpt-ad-bn_principal_conteudo\" data-google-query-id=\"CILY_cb37O8CFYMFuQYd73AAkg\">\n<p style=\"text-align: justify;\">Salles foi at\u00e9 o Par\u00e1 no \u00faltimo dia 31, onde fez uma esp\u00e9cie de verifica\u00e7\u00e3o da opera\u00e7\u00e3o. Ele disse ver falhas na a\u00e7\u00e3o e avalia haver elementos para achar que as empresas investigadas est\u00e3o com a raz\u00e3o.<\/p>\n<p style=\"text-align: justify;\">As cr\u00edticas do ministro foram rebatidas pelo chefe da PF do Amazonas, Alexandre Saraiva, que disse em entrevista \u00e0 Folha de S. Paulo que &#8220;na Pol\u00edcia Federal, n\u00e3o vai passar boiada&#8221;, em refer\u00eancia a um termo usado por Salles durante reuni\u00e3o ministerial de abril do ano passado. \u201c\u00c9 o mesmo que um ministro do Trabalho se manifestar contrariamente a uma opera\u00e7\u00e3o contra o trabalho&#8221;, criticou Saraiva.<\/p>\n<p style=\"text-align: justify;\">\u201cDepois do epis\u00f3dio da reuni\u00e3o ministerial, no qual o ministro Ricardo Salles quis aproveitar a pandemia de Covid-19 para \u2018passar a boiada\u2019 nas quest\u00f5es relativas ao meio ambiente, \u00e9 urgente que o ministro esclare\u00e7a ao Congresso Nacional supostas falhas na opera\u00e7\u00e3o da Pol\u00edcia Federal e que verifica\u00e7\u00e3o foi fazer&#8221;, escreveu Freixo no pedido, segundo a coluna Expresso, da revista \u00c9poca.<\/p>\n<p style=\"text-align: justify;\">\n<div>\n<div id=\"denakop-ad-613751932637898\" style=\"text-align: justify;\" data-google-query-id=\"CJ2h-sb37O8CFbwtuQYdKw4HMw\"><\/div>\n<\/div>\n<\/div>\n","protected":false},"excerpt":{"rendered":"<p>O deputado Marcelo Freixo (PSOL-RJ) pediu que a C\u00e2mara convoque o ministro do Meio Ambiente, Ricardo Salles, para explicar cr\u00edticas a uma opera\u00e7\u00e3o da Pol\u00edcia Federal que fez a maior apreens\u00e3o de madeira do pa\u00eds. Salles foi at\u00e9 o Par\u00e1 no \u00faltimo dia 31, onde fez uma esp\u00e9cie de verifica\u00e7\u00e3o da opera\u00e7\u00e3o. Ele disse ver [&hellip;]<\/p>\n","protected":false},"author":1,"featured_media":11384,"comment_status":"open","ping_status":"open","sticky":false,"template":"","format":"standard","meta":{"_uag_custom_page_level_css":"","_monsterinsights_skip_tracking":false,"_monsterinsights_sitenote_active":false,"_monsterinsights_sitenote_note":"","_monsterinsights_sitenote_category":0,"jetpack_post_was_ever_published":false,"_jetpack_newsletter_access":"","_jetpack_dont_email_post_to_subs":false,"_jetpack_newsletter_tier_id":0,"_jetpack_memberships_contains_paywalled_content":false,"_jetpack_memberships_contains_paid_content":false,"footnotes":"","jetpack_publicize_message":"","jetpack_publicize_feature_enabled":true,"jetpack_social_post_already_shared":true,"jetpack_social_options":{"image_generator_settings":{"template":"highway","default_image_id":0,"font":"","enabled":false},"version":2}},"categories":[200],"tags":[525,2378,41],"class_list":["post-21723","post","type-post","status-publish","format-standard","has-post-thumbnail","hentry","category-brasil","tag-camara-dos-deputados","tag-madereira","tag-ricardo-salles"],"jetpack_publicize_connections":[],"jetpack_featured_media_url":"https:\/\/blogopara.com.br\/wp-content\/uploads\/2020\/06\/6ed414d0-c68a-11e9-bc32-8791011a83b0-wp-660x372-1.jpg","uagb_featured_image_src":{"full":["https:\/\/blogopara.com.br\/wp-content\/uploads\/2020\/06\/6ed414d0-c68a-11e9-bc32-8791011a83b0-wp-660x372-1.jpg",500,281,false],"thumbnail":["https:\/\/blogopara.com.br\/wp-content\/uploads\/2020\/06\/6ed414d0-c68a-11e9-bc32-8791011a83b0-wp-660x372-1-150x150.jpg",150,150,true],"medium":["https:\/\/blogopara.com.br\/wp-content\/uploads\/2020\/06\/6ed414d0-c68a-11e9-bc32-8791011a83b0-wp-660x372-1-300x169.jpg",300,169,true],"medium_large":["https:\/\/blogopara.com.br\/wp-content\/uploads\/2020\/06\/6ed414d0-c68a-11e9-bc32-8791011a83b0-wp-660x372-1.jpg",500,281,false],"large":["https:\/\/blogopara.com.br\/wp-content\/uploads\/2020\/06\/6ed414d0-c68a-11e9-bc32-8791011a83b0-wp-660x372-1.jpg",500,281,false],"1536x1536":["https:\/\/blogopara.com.br\/wp-content\/uploads\/2020\/06\/6ed414d0-c68a-11e9-bc32-8791011a83b0-wp-660x372-1.jpg",500,281,false],"2048x2048":["https:\/\/blogopara.com.br\/wp-content\/uploads\/2020\/06\/6ed414d0-c68a-11e9-bc32-8791011a83b0-wp-660x372-1.jpg",500,281,false],"mantranews-slider-large":["https:\/\/blogopara.com.br\/wp-content\/uploads\/2020\/06\/6ed414d0-c68a-11e9-bc32-8791011a83b0-wp-660x372-1.jpg",500,281,false],"mantranews-featured-medium":["https:\/\/blogopara.com.br\/wp-content\/uploads\/2020\/06\/6ed414d0-c68a-11e9-bc32-8791011a83b0-wp-660x372-1-420x281.jpg",420,281,true],"mantranews-featured-long":["https:\/\/blogopara.com.br\/wp-content\/uploads\/2020\/06\/6ed414d0-c68a-11e9-bc32-8791011a83b0-wp-660x372-1-300x281.jpg",300,281,true],"mantranews-block-medium":["https:\/\/blogopara.com.br\/wp-content\/uploads\/2020\/06\/6ed414d0-c68a-11e9-bc32-8791011a83b0-wp-660x372-1-464x281.jpg",464,281,true],"mantranews-carousel-image":["https:\/\/blogopara.com.br\/wp-content\/uploads\/2020\/06\/6ed414d0-c68a-11e9-bc32-8791011a83b0-wp-660x372-1.jpg",500,281,false],"mantranews-block-thumb":["https:\/\/blogopara.com.br\/wp-content\/uploads\/2020\/06\/6ed414d0-c68a-11e9-bc32-8791011a83b0-wp-660x372-1.jpg",322,181,false],"mantranews-single-large":["https:\/\/blogopara.com.br\/wp-content\/uploads\/2020\/06\/6ed414d0-c68a-11e9-bc32-8791011a83b0-wp-660x372-1.jpg",500,281,false]},"uagb_author_info":{"display_name":"Reda\u00e7\u00e3o geral","author_link":"https:\/\/blogopara.com.br\/index.php\/author\/blogopara"},"uagb_comment_info":0,"uagb_excerpt":"O deputado Marcelo Freixo (PSOL-RJ) pediu que a C\u00e2mara convoque o ministro do Meio Ambiente, Ricardo Salles, para explicar cr\u00edticas a uma opera\u00e7\u00e3o da Pol\u00edcia Federal que fez a maior apreens\u00e3o de madeira do pa\u00eds. Salles foi at\u00e9 o Par\u00e1 no \u00faltimo dia 31, onde fez uma esp\u00e9cie de verifica\u00e7\u00e3o da opera\u00e7\u00e3o. Ele disse ver&hellip;","jetpack_sharing_enabled":true,"jetpack_likes_enabled":true,"_links":{"self":[{"href":"https:\/\/blogopara.com.br\/index.php\/wp-json\/wp\/v2\/posts\/21723","targetHints":{"allow":["GET"]}}],"collection":[{"href":"https:\/\/blogopara.com.br\/index.php\/wp-json\/wp\/v2\/posts"}],"about":[{"href":"https:\/\/blogopara.com.br\/index.php\/wp-json\/wp\/v2\/types\/post"}],"author":[{"embeddable":true,"href":"https:\/\/blogopara.com.br\/index.php\/wp-json\/wp\/v2\/users\/1"}],"replies":[{"embeddable":true,"href":"https:\/\/blogopara.com.br\/index.php\/wp-json\/wp\/v2\/comments?post=21723"}],"version-history":[{"count":1,"href":"https:\/\/blogopara.com.br\/index.php\/wp-json\/wp\/v2\/posts\/21723\/revisions"}],"predecessor-version":[{"id":21724,"href":"https:\/\/blogopara.com.br\/index.php\/wp-json\/wp\/v2\/posts\/21723\/revisions\/21724"}],"wp:featuredmedia":[{"embeddable":true,"href":"https:\/\/blogopara.com.br\/index.php\/wp-json\/wp\/v2\/media\/11384"}],"wp:attachment":[{"href":"https:\/\/blogopara.com.br\/index.php\/wp-json\/wp\/v2\/media?parent=21723"}],"wp:term":[{"taxonomy":"category","embeddable":true,"href":"https:\/\/blogopara.com.br\/index.php\/wp-json\/wp\/v2\/categories?post=21723"},{"taxonomy":"post_tag","embeddable":true,"href":"https:\/\/blogopara.com.br\/index.php\/wp-json\/wp\/v2\/tags?post=21723"}],"curies":[{"name":"wp","href":"https:\/\/api.w.org\/{rel}","templated":true}]}}