{"id":21730,"date":"2021-04-09T16:29:00","date_gmt":"2021-04-09T19:29:00","guid":{"rendered":"https:\/\/blogopara.com.br\/?p=21730"},"modified":"2021-04-09T13:49:26","modified_gmt":"2021-04-09T16:49:26","slug":"juazeiro-o-vereador-gildasio-soares-em-defesa-dos-autistas-lei-foi-aprovada-pela-camara-municipal","status":"publish","type":"post","link":"https:\/\/blogopara.com.br\/index.php\/2021\/04\/09\/juazeiro-o-vereador-gildasio-soares-em-defesa-dos-autistas-lei-foi-aprovada-pela-camara-municipal","title":{"rendered":"Juazeiro: O vereador Gild\u00e1sio Soares em defesa dos autistas. Lei foi aprovada pela C\u00e2mara Municipal"},"content":{"rendered":"<div class=\"post-content-area\">\n<p style=\"text-align: justify;\">A lei que torna obrigat\u00f3rio a inser\u00e7\u00e3o do S\u00edmbolo do Autismo nos estabelecimentos p\u00fablicos e privado \u00e9 uma realidade na cidade de Juazeiro-BA. O vereador Gildasio Soares (PRTB) que \u00e9 pai da crian\u00e7a autista Athus Gustavo de 6 anos comemorou&nbsp;a aprova\u00e7\u00e3o por unanimidade dos colegas vereadores.<\/p>\n<p style=\"text-align: justify;\">Gildasio relatou que em 2017 n\u00e3o tinha mandato de vereador e pediu a v\u00e1rios vereadores para apresentar a Lei, mas n\u00e3o obteve \u00eaxito, e agora em 2021 j\u00e1 vereador eleito &#8220;tive a felicidade de trazer mais acessibilidade e qualidade de vida para as crian\u00e7as Autistas e no contexto geral as pessoas deficientes f\u00edsicos intelectuais precisam&nbsp;de mais aten\u00e7\u00e3o e estamos prontos para contribuir e&nbsp;fazer muito mais por essas pessoas&#8221;.<\/p>\n<p style=\"text-align: justify;\">Ascom\/Vereador Gildasio Soares<\/p>\n<\/div>\n<div class=\"post-footer\" style=\"text-align: justify;\"><\/div>\n","protected":false},"excerpt":{"rendered":"<p>A lei que torna obrigat\u00f3rio a inser\u00e7\u00e3o do S\u00edmbolo do Autismo nos estabelecimentos p\u00fablicos e privado \u00e9 uma realidade na cidade de Juazeiro-BA. O vereador Gildasio Soares (PRTB) que \u00e9 pai da crian\u00e7a autista Athus Gustavo de 6 anos comemorou&nbsp;a aprova\u00e7\u00e3o por unanimidade dos colegas vereadores. Gildasio relatou que em 2017 n\u00e3o tinha mandato de [&hellip;]<\/p>\n","protected":false},"author":1,"featured_media":21731,"comment_status":"open","ping_status":"open","sticky":false,"template":"","format":"standard","meta":{"_uag_custom_page_level_css":"","_monsterinsights_skip_tracking":false,"_monsterinsights_sitenote_active":false,"_monsterinsights_sitenote_note":"","_monsterinsights_sitenote_category":0,"jetpack_post_was_ever_published":false,"_jetpack_newsletter_access":"","_jetpack_dont_email_post_to_subs":false,"_jetpack_newsletter_tier_id":0,"_jetpack_memberships_contains_paywalled_content":false,"_jetpack_memberships_contains_paid_content":false,"footnotes":"","jetpack_publicize_message":"","jetpack_publicize_feature_enabled":true,"jetpack_social_post_already_shared":true,"jetpack_social_options":{"image_generator_settings":{"template":"highway","default_image_id":0,"font":"","enabled":false},"version":2}},"categories":[203],"tags":[1473,338,1823,966],"class_list":["post-21730","post","type-post","status-publish","format-standard","has-post-thumbnail","hentry","category-juazeiro","tag-autista","tag-camara-de-vereadores","tag-gildasio-barao","tag-lei"],"jetpack_publicize_connections":[],"jetpack_featured_media_url":"https:\/\/blogopara.com.br\/wp-content\/uploads\/2021\/04\/Lei-GildasioSoares.jpeg","uagb_featured_image_src":{"full":["https:\/\/blogopara.com.br\/wp-content\/uploads\/2021\/04\/Lei-GildasioSoares.jpeg",500,422,false],"thumbnail":["https:\/\/blogopara.com.br\/wp-content\/uploads\/2021\/04\/Lei-GildasioSoares-150x150.jpeg",150,150,true],"medium":["https:\/\/blogopara.com.br\/wp-content\/uploads\/2021\/04\/Lei-GildasioSoares-300x253.jpeg",300,253,true],"medium_large":["https:\/\/blogopara.com.br\/wp-content\/uploads\/2021\/04\/Lei-GildasioSoares.jpeg",500,422,false],"large":["https:\/\/blogopara.com.br\/wp-content\/uploads\/2021\/04\/Lei-GildasioSoares.jpeg",500,422,false],"1536x1536":["https:\/\/blogopara.com.br\/wp-content\/uploads\/2021\/04\/Lei-GildasioSoares.jpeg",500,422,false],"2048x2048":["https:\/\/blogopara.com.br\/wp-content\/uploads\/2021\/04\/Lei-GildasioSoares.jpeg",500,422,false],"mantranews-slider-large":["https:\/\/blogopara.com.br\/wp-content\/uploads\/2021\/04\/Lei-GildasioSoares.jpeg",500,422,false],"mantranews-featured-medium":["https:\/\/blogopara.com.br\/wp-content\/uploads\/2021\/04\/Lei-GildasioSoares-420x307.jpeg",420,307,true],"mantranews-featured-long":["https:\/\/blogopara.com.br\/wp-content\/uploads\/2021\/04\/Lei-GildasioSoares-300x422.jpeg",300,422,true],"mantranews-block-medium":["https:\/\/blogopara.com.br\/wp-content\/uploads\/2021\/04\/Lei-GildasioSoares-464x290.jpeg",464,290,true],"mantranews-carousel-image":["https:\/\/blogopara.com.br\/wp-content\/uploads\/2021\/04\/Lei-GildasioSoares.jpeg",500,422,false],"mantranews-block-thumb":["https:\/\/blogopara.com.br\/wp-content\/uploads\/2021\/04\/Lei-GildasioSoares-322x230.jpeg",322,230,true],"mantranews-single-large":["https:\/\/blogopara.com.br\/wp-content\/uploads\/2021\/04\/Lei-GildasioSoares.jpeg",500,422,false]},"uagb_author_info":{"display_name":"Reda\u00e7\u00e3o geral","author_link":"https:\/\/blogopara.com.br\/index.php\/author\/blogopara"},"uagb_comment_info":0,"uagb_excerpt":"A lei que torna obrigat\u00f3rio a inser\u00e7\u00e3o do S\u00edmbolo do Autismo nos estabelecimentos p\u00fablicos e privado \u00e9 uma realidade na cidade de Juazeiro-BA. O vereador Gildasio Soares (PRTB) que \u00e9 pai da crian\u00e7a autista Athus Gustavo de 6 anos comemorou&nbsp;a aprova\u00e7\u00e3o por unanimidade dos colegas vereadores. Gildasio relatou que em 2017 n\u00e3o tinha mandato de&hellip;","jetpack_sharing_enabled":true,"jetpack_likes_enabled":true,"_links":{"self":[{"href":"https:\/\/blogopara.com.br\/index.php\/wp-json\/wp\/v2\/posts\/21730","targetHints":{"allow":["GET"]}}],"collection":[{"href":"https:\/\/blogopara.com.br\/index.php\/wp-json\/wp\/v2\/posts"}],"about":[{"href":"https:\/\/blogopara.com.br\/index.php\/wp-json\/wp\/v2\/types\/post"}],"author":[{"embeddable":true,"href":"https:\/\/blogopara.com.br\/index.php\/wp-json\/wp\/v2\/users\/1"}],"replies":[{"embeddable":true,"href":"https:\/\/blogopara.com.br\/index.php\/wp-json\/wp\/v2\/comments?post=21730"}],"version-history":[{"count":2,"href":"https:\/\/blogopara.com.br\/index.php\/wp-json\/wp\/v2\/posts\/21730\/revisions"}],"predecessor-version":[{"id":21759,"href":"https:\/\/blogopara.com.br\/index.php\/wp-json\/wp\/v2\/posts\/21730\/revisions\/21759"}],"wp:featuredmedia":[{"embeddable":true,"href":"https:\/\/blogopara.com.br\/index.php\/wp-json\/wp\/v2\/media\/21731"}],"wp:attachment":[{"href":"https:\/\/blogopara.com.br\/index.php\/wp-json\/wp\/v2\/media?parent=21730"}],"wp:term":[{"taxonomy":"category","embeddable":true,"href":"https:\/\/blogopara.com.br\/index.php\/wp-json\/wp\/v2\/categories?post=21730"},{"taxonomy":"post_tag","embeddable":true,"href":"https:\/\/blogopara.com.br\/index.php\/wp-json\/wp\/v2\/tags?post=21730"}],"curies":[{"name":"wp","href":"https:\/\/api.w.org\/{rel}","templated":true}]}}