{"id":21749,"date":"2021-04-08T13:10:41","date_gmt":"2021-04-08T16:10:41","guid":{"rendered":"https:\/\/blogopara.com.br\/?p=21749"},"modified":"2021-04-08T13:10:45","modified_gmt":"2021-04-08T16:10:45","slug":"juazeiro-artistas-fazem-live-para-o-lancamento-do-livro-antologia-poetica-prosas-do-velho-chico","status":"publish","type":"post","link":"https:\/\/blogopara.com.br\/index.php\/2021\/04\/08\/juazeiro-artistas-fazem-live-para-o-lancamento-do-livro-antologia-poetica-prosas-do-velho-chico","title":{"rendered":"Juazeiro: Artistas fazem Live para o lan\u00e7amento do Livro &#8211; Antologia Po\u00e9tica Prosas do Velho Chico"},"content":{"rendered":"<p style=\"text-align: justify;\">Nessa quinta-feira (08) acontece o lan\u00e7amento do livro &#8220;Antologia Po\u00e9tica Prosas do Velho Chico&#8221;. O projeto \u00e9 parte do Projeto Usinas Culturais, da Secretaria de Cultura de Juazeiro, e foi contemplado com os recursos da Lei Aldir Blanc.<\/p>\n<p>O livro re\u00fane poetas e poetisas da regi\u00e3o do S\u00e3o Francisco. O evento acontece atrav\u00e9s do canal MDF no Youtube, conforme link: https:\/\/www.youtube.com\/watch?v=hjm_7HCuQG0.<\/p>\n<p>\u00a0<\/p>\n","protected":false},"excerpt":{"rendered":"<p>Nessa quinta-feira (08) acontece o lan\u00e7amento do livro &#8220;Antologia Po\u00e9tica Prosas do Velho Chico&#8221;. O projeto \u00e9 parte do Projeto Usinas Culturais, da Secretaria de Cultura de Juazeiro, e foi contemplado com os recursos da Lei Aldir Blanc. O livro re\u00fane poetas e poetisas da regi\u00e3o do S\u00e3o Francisco. O evento acontece atrav\u00e9s do canal [&hellip;]<\/p>\n","protected":false},"author":1,"featured_media":21750,"comment_status":"open","ping_status":"open","sticky":false,"template":"","format":"standard","meta":{"_uag_custom_page_level_css":"","_monsterinsights_skip_tracking":false,"_monsterinsights_sitenote_active":false,"_monsterinsights_sitenote_note":"","_monsterinsights_sitenote_category":0,"jetpack_post_was_ever_published":false,"_jetpack_newsletter_access":"","_jetpack_dont_email_post_to_subs":false,"_jetpack_newsletter_tier_id":0,"_jetpack_memberships_contains_paywalled_content":false,"_jetpack_memberships_contains_paid_content":false,"footnotes":"","jetpack_publicize_message":"","jetpack_publicize_feature_enabled":true,"jetpack_social_post_already_shared":true,"jetpack_social_options":{"image_generator_settings":{"template":"highway","default_image_id":0,"font":"","enabled":false},"version":2}},"categories":[204],"tags":[134,1145],"class_list":["post-21749","post","type-post","status-publish","format-standard","has-post-thumbnail","hentry","category-social","tag-cultura","tag-livro"],"jetpack_publicize_connections":[],"jetpack_featured_media_url":"https:\/\/blogopara.com.br\/wp-content\/uploads\/2021\/04\/Sem-titulo.jpg","uagb_featured_image_src":{"full":["https:\/\/blogopara.com.br\/wp-content\/uploads\/2021\/04\/Sem-titulo.jpg",495,503,false],"thumbnail":["https:\/\/blogopara.com.br\/wp-content\/uploads\/2021\/04\/Sem-titulo-150x150.jpg",150,150,true],"medium":["https:\/\/blogopara.com.br\/wp-content\/uploads\/2021\/04\/Sem-titulo-295x300.jpg",295,300,true],"medium_large":["https:\/\/blogopara.com.br\/wp-content\/uploads\/2021\/04\/Sem-titulo.jpg",495,503,false],"large":["https:\/\/blogopara.com.br\/wp-content\/uploads\/2021\/04\/Sem-titulo.jpg",495,503,false],"1536x1536":["https:\/\/blogopara.com.br\/wp-content\/uploads\/2021\/04\/Sem-titulo.jpg",495,503,false],"2048x2048":["https:\/\/blogopara.com.br\/wp-content\/uploads\/2021\/04\/Sem-titulo.jpg",495,503,false],"mantranews-slider-large":["https:\/\/blogopara.com.br\/wp-content\/uploads\/2021\/04\/Sem-titulo.jpg",495,503,false],"mantranews-featured-medium":["https:\/\/blogopara.com.br\/wp-content\/uploads\/2021\/04\/Sem-titulo-420x307.jpg",420,307,true],"mantranews-featured-long":["https:\/\/blogopara.com.br\/wp-content\/uploads\/2021\/04\/Sem-titulo-300x443.jpg",300,443,true],"mantranews-block-medium":["https:\/\/blogopara.com.br\/wp-content\/uploads\/2021\/04\/Sem-titulo-464x290.jpg",464,290,true],"mantranews-carousel-image":["https:\/\/blogopara.com.br\/wp-content\/uploads\/2021\/04\/Sem-titulo-495x500.jpg",495,500,true],"mantranews-block-thumb":["https:\/\/blogopara.com.br\/wp-content\/uploads\/2021\/04\/Sem-titulo-322x230.jpg",322,230,true],"mantranews-single-large":["https:\/\/blogopara.com.br\/wp-content\/uploads\/2021\/04\/Sem-titulo.jpg",495,503,false]},"uagb_author_info":{"display_name":"Reda\u00e7\u00e3o geral","author_link":"https:\/\/blogopara.com.br\/index.php\/author\/blogopara"},"uagb_comment_info":0,"uagb_excerpt":"Nessa quinta-feira (08) acontece o lan\u00e7amento do livro &#8220;Antologia Po\u00e9tica Prosas do Velho Chico&#8221;. O projeto \u00e9 parte do Projeto Usinas Culturais, da Secretaria de Cultura de Juazeiro, e foi contemplado com os recursos da Lei Aldir Blanc. O livro re\u00fane poetas e poetisas da regi\u00e3o do S\u00e3o Francisco. O evento acontece atrav\u00e9s do canal&hellip;","jetpack_sharing_enabled":true,"jetpack_likes_enabled":true,"_links":{"self":[{"href":"https:\/\/blogopara.com.br\/index.php\/wp-json\/wp\/v2\/posts\/21749","targetHints":{"allow":["GET"]}}],"collection":[{"href":"https:\/\/blogopara.com.br\/index.php\/wp-json\/wp\/v2\/posts"}],"about":[{"href":"https:\/\/blogopara.com.br\/index.php\/wp-json\/wp\/v2\/types\/post"}],"author":[{"embeddable":true,"href":"https:\/\/blogopara.com.br\/index.php\/wp-json\/wp\/v2\/users\/1"}],"replies":[{"embeddable":true,"href":"https:\/\/blogopara.com.br\/index.php\/wp-json\/wp\/v2\/comments?post=21749"}],"version-history":[{"count":1,"href":"https:\/\/blogopara.com.br\/index.php\/wp-json\/wp\/v2\/posts\/21749\/revisions"}],"predecessor-version":[{"id":21751,"href":"https:\/\/blogopara.com.br\/index.php\/wp-json\/wp\/v2\/posts\/21749\/revisions\/21751"}],"wp:featuredmedia":[{"embeddable":true,"href":"https:\/\/blogopara.com.br\/index.php\/wp-json\/wp\/v2\/media\/21750"}],"wp:attachment":[{"href":"https:\/\/blogopara.com.br\/index.php\/wp-json\/wp\/v2\/media?parent=21749"}],"wp:term":[{"taxonomy":"category","embeddable":true,"href":"https:\/\/blogopara.com.br\/index.php\/wp-json\/wp\/v2\/categories?post=21749"},{"taxonomy":"post_tag","embeddable":true,"href":"https:\/\/blogopara.com.br\/index.php\/wp-json\/wp\/v2\/tags?post=21749"}],"curies":[{"name":"wp","href":"https:\/\/api.w.org\/{rel}","templated":true}]}}