{"id":21761,"date":"2021-04-09T17:54:22","date_gmt":"2021-04-09T20:54:22","guid":{"rendered":"https:\/\/blogopara.com.br\/?p=21761"},"modified":"2021-04-09T17:54:25","modified_gmt":"2021-04-09T20:54:25","slug":"feirantes-desocupam-calcadas-e-area-central-de-juazeiro-ganha-nova-cara","status":"publish","type":"post","link":"https:\/\/blogopara.com.br\/index.php\/2021\/04\/09\/feirantes-desocupam-calcadas-e-area-central-de-juazeiro-ganha-nova-cara","title":{"rendered":"Feirantes desocupam cal\u00e7adas e \u00e1rea central de Juazeiro ganha nova &#8216;cara&#8217;"},"content":{"rendered":"<p dir=\"ltr\" style=\"text-align: justify;\">Depois de dois meses de muito di\u00e1logo e reuni\u00f5es, os feirantes deixaram as vias p\u00fablicas e cal\u00e7adas na \u00e1rea da Pra\u00e7a Pereira Primo, no Centro de Juazeiro, melhorando os espa\u00e7os de circula\u00e7\u00e3o de pessoas. A remo\u00e7\u00e3o ocorreu de forma ordeira, pac\u00edfica e consensual. Os feirantes e ambulantes se deslocaram de forma volunt\u00e1ria e espont\u00e2nea para seus espa\u00e7os de origem.\u00a0<\/p>\n<p dir=\"ltr\" style=\"text-align: justify;\">Boa parte deles era do Mercado Joca de Souza Oliveira, que est\u00e1 funcionando de forma provis\u00f3ria em frente ao Est\u00e1dio Adauto Moraes enquanto o entreposto passa por reforma. No entanto, alguns n\u00e3o tinham um local para trabalhar, o que foi providenciado pela prefeitura, atrav\u00e9s da Superintend\u00eancia de Feiras, Mercados e Camel\u00f3dromo, por entender\u00a0 que essas pessoas n\u00e3o poderiam ficar sem trabalhar. Ou seja, uma forma humana de encarar esse problema.\u00a0<\/p>\n<p dir=\"ltr\" style=\"text-align: justify;\">Ap\u00f3s a desobstru\u00e7\u00e3o das cal\u00e7adas e vias p\u00fablicas e a entrada desses permission\u00e1rios nas \u00e1reas internas, de acordo com o diretor da Autarquia Municipal de Abastecimento (AMA), Britoaldo Alves Bessa foi feito um trabalho de reordenamento no interior do Mercado Joca de Souza, na feirinha do terminal e nos demais que comp\u00f5em aquela regi\u00e3o.\u00a0<\/p>\n<p dir=\"ltr\" style=\"text-align: justify;\">Al\u00e9m disso, a prefeitura promoveu diversos servi\u00e7os de melhorias no entorno da pra\u00e7a, como poda de \u00e1rvores, refor\u00e7o na ilumina\u00e7\u00e3o e a AMA conseguiu junto \u00e0 Companhia de Seguran\u00e7a, Tr\u00e2nsito e Transportes (CSTT) autoriza\u00e7\u00e3o de parada de 15 minutos em frente ao est\u00e1dio e na lateral do Camel\u00f3dromo para que as pessoas possam fazer carga e descarga sem correr o risco de ser multadas. O mesmo vale para clientes que compram frutas e verduras no local &#8211; a toler\u00e2ncia \u00e9 de at\u00e9 15 minutos.\u00a0<\/p>\n<h4 dir=\"ltr\" style=\"text-align: justify;\">Incentivo<\/h4>\n<p dir=\"ltr\" style=\"text-align: justify;\">Segundo o superintendente de Feiras e Mercados, Z\u00e9 Carlos Medeiros, novos port\u00f5es foram abertos como forma de interligar os acessos da \u00e1rea e os permission\u00e1rios est\u00e3o sendo incentivados a usarem suas redes sociais para divulgarem seus neg\u00f3cios e atra\u00edrem novos clientes.<\/p>\n<p dir=\"ltr\" style=\"text-align: justify;\">De acordo com o superintendente, novas parcerias est\u00e3o sendo feitas na busca de melhorar cada vez mais este setor, um compromisso da prefeita Suzana Ramos que pretende continuar investindo nesta \u00e1rea, num trabalho incans\u00e1vel de revitaliza\u00e7\u00e3o e ordenamento das feiras e mercados em Juazeiro.<\/p>\n<p style=\"text-align: justify;\">\u00a0<\/p>\n","protected":false},"excerpt":{"rendered":"<p>Depois de dois meses de muito di\u00e1logo e reuni\u00f5es, os feirantes deixaram as vias p\u00fablicas e cal\u00e7adas na \u00e1rea da Pra\u00e7a Pereira Primo, no Centro de Juazeiro, melhorando os espa\u00e7os de circula\u00e7\u00e3o de pessoas. A remo\u00e7\u00e3o ocorreu de forma ordeira, pac\u00edfica e consensual. Os feirantes e ambulantes se deslocaram de forma volunt\u00e1ria e espont\u00e2nea para [&hellip;]<\/p>\n","protected":false},"author":1,"featured_media":21762,"comment_status":"open","ping_status":"open","sticky":false,"template":"","format":"standard","meta":{"_uag_custom_page_level_css":"","_monsterinsights_skip_tracking":false,"_monsterinsights_sitenote_active":false,"_monsterinsights_sitenote_note":"","_monsterinsights_sitenote_category":0,"jetpack_post_was_ever_published":false,"_jetpack_newsletter_access":"","_jetpack_dont_email_post_to_subs":false,"_jetpack_newsletter_tier_id":0,"_jetpack_memberships_contains_paywalled_content":false,"_jetpack_memberships_contains_paid_content":false,"footnotes":"","jetpack_publicize_message":"","jetpack_publicize_feature_enabled":true,"jetpack_social_post_already_shared":true,"jetpack_social_options":{"image_generator_settings":{"template":"highway","default_image_id":0,"font":"","enabled":false},"version":2}},"categories":[203],"tags":[],"class_list":["post-21761","post","type-post","status-publish","format-standard","has-post-thumbnail","hentry","category-juazeiro"],"jetpack_publicize_connections":[],"jetpack_featured_media_url":"https:\/\/blogopara.com.br\/wp-content\/uploads\/2021\/04\/thumbnail_IMG_4589-1.jpg","uagb_featured_image_src":{"full":["https:\/\/blogopara.com.br\/wp-content\/uploads\/2021\/04\/thumbnail_IMG_4589-1.jpg",500,333,false],"thumbnail":["https:\/\/blogopara.com.br\/wp-content\/uploads\/2021\/04\/thumbnail_IMG_4589-1-150x150.jpg",150,150,true],"medium":["https:\/\/blogopara.com.br\/wp-content\/uploads\/2021\/04\/thumbnail_IMG_4589-1-300x200.jpg",300,200,true],"medium_large":["https:\/\/blogopara.com.br\/wp-content\/uploads\/2021\/04\/thumbnail_IMG_4589-1.jpg",500,333,false],"large":["https:\/\/blogopara.com.br\/wp-content\/uploads\/2021\/04\/thumbnail_IMG_4589-1.jpg",500,333,false],"1536x1536":["https:\/\/blogopara.com.br\/wp-content\/uploads\/2021\/04\/thumbnail_IMG_4589-1.jpg",500,333,false],"2048x2048":["https:\/\/blogopara.com.br\/wp-content\/uploads\/2021\/04\/thumbnail_IMG_4589-1.jpg",500,333,false],"mantranews-slider-large":["https:\/\/blogopara.com.br\/wp-content\/uploads\/2021\/04\/thumbnail_IMG_4589-1.jpg",500,333,false],"mantranews-featured-medium":["https:\/\/blogopara.com.br\/wp-content\/uploads\/2021\/04\/thumbnail_IMG_4589-1-420x307.jpg",420,307,true],"mantranews-featured-long":["https:\/\/blogopara.com.br\/wp-content\/uploads\/2021\/04\/thumbnail_IMG_4589-1-300x333.jpg",300,333,true],"mantranews-block-medium":["https:\/\/blogopara.com.br\/wp-content\/uploads\/2021\/04\/thumbnail_IMG_4589-1-464x290.jpg",464,290,true],"mantranews-carousel-image":["https:\/\/blogopara.com.br\/wp-content\/uploads\/2021\/04\/thumbnail_IMG_4589-1.jpg",500,333,false],"mantranews-block-thumb":["https:\/\/blogopara.com.br\/wp-content\/uploads\/2021\/04\/thumbnail_IMG_4589-1-322x230.jpg",322,230,true],"mantranews-single-large":["https:\/\/blogopara.com.br\/wp-content\/uploads\/2021\/04\/thumbnail_IMG_4589-1.jpg",500,333,false]},"uagb_author_info":{"display_name":"Reda\u00e7\u00e3o geral","author_link":"https:\/\/blogopara.com.br\/index.php\/author\/blogopara"},"uagb_comment_info":0,"uagb_excerpt":"Depois de dois meses de muito di\u00e1logo e reuni\u00f5es, os feirantes deixaram as vias p\u00fablicas e cal\u00e7adas na \u00e1rea da Pra\u00e7a Pereira Primo, no Centro de Juazeiro, melhorando os espa\u00e7os de circula\u00e7\u00e3o de pessoas. A remo\u00e7\u00e3o ocorreu de forma ordeira, pac\u00edfica e consensual. Os feirantes e ambulantes se deslocaram de forma volunt\u00e1ria e espont\u00e2nea para&hellip;","jetpack_sharing_enabled":true,"jetpack_likes_enabled":true,"_links":{"self":[{"href":"https:\/\/blogopara.com.br\/index.php\/wp-json\/wp\/v2\/posts\/21761","targetHints":{"allow":["GET"]}}],"collection":[{"href":"https:\/\/blogopara.com.br\/index.php\/wp-json\/wp\/v2\/posts"}],"about":[{"href":"https:\/\/blogopara.com.br\/index.php\/wp-json\/wp\/v2\/types\/post"}],"author":[{"embeddable":true,"href":"https:\/\/blogopara.com.br\/index.php\/wp-json\/wp\/v2\/users\/1"}],"replies":[{"embeddable":true,"href":"https:\/\/blogopara.com.br\/index.php\/wp-json\/wp\/v2\/comments?post=21761"}],"version-history":[{"count":1,"href":"https:\/\/blogopara.com.br\/index.php\/wp-json\/wp\/v2\/posts\/21761\/revisions"}],"predecessor-version":[{"id":21763,"href":"https:\/\/blogopara.com.br\/index.php\/wp-json\/wp\/v2\/posts\/21761\/revisions\/21763"}],"wp:featuredmedia":[{"embeddable":true,"href":"https:\/\/blogopara.com.br\/index.php\/wp-json\/wp\/v2\/media\/21762"}],"wp:attachment":[{"href":"https:\/\/blogopara.com.br\/index.php\/wp-json\/wp\/v2\/media?parent=21761"}],"wp:term":[{"taxonomy":"category","embeddable":true,"href":"https:\/\/blogopara.com.br\/index.php\/wp-json\/wp\/v2\/categories?post=21761"},{"taxonomy":"post_tag","embeddable":true,"href":"https:\/\/blogopara.com.br\/index.php\/wp-json\/wp\/v2\/tags?post=21761"}],"curies":[{"name":"wp","href":"https:\/\/api.w.org\/{rel}","templated":true}]}}