{"id":21783,"date":"2021-04-11T10:47:00","date_gmt":"2021-04-11T13:47:00","guid":{"rendered":"https:\/\/blogopara.com.br\/?p=21783"},"modified":"2021-04-09T18:50:02","modified_gmt":"2021-04-09T21:50:02","slug":"prefeita-suzana-assina-ordem-de-servico-de-projeto-que-vai-fomentar-o-desenvolvimento-socioeconomico-no-residencial-juazeiro-iii","status":"publish","type":"post","link":"https:\/\/blogopara.com.br\/index.php\/2021\/04\/11\/prefeita-suzana-assina-ordem-de-servico-de-projeto-que-vai-fomentar-o-desenvolvimento-socioeconomico-no-residencial-juazeiro-iii","title":{"rendered":"Prefeita Suzana assina ordem de servi\u00e7o de projeto que vai fomentar o desenvolvimento socioecon\u00f4mico no Residencial Juazeiro III"},"content":{"rendered":"<p class=\"x_MsoNormal\" style=\"text-align: justify;\">A prefeita Suzana Ramos assinou, nesta quinta-feira (08), a ordem de servi\u00e7o para a execu\u00e7\u00e3o do Projeto de Trabalho Social no Residencial Juazeiro III. A iniciativa tem como objetivo contribuir para o desenvolvimento socioecon\u00f4mico das comunidades e as a\u00e7\u00f5es, que ser\u00e3o executadas pela empresa Projesol \u2013 Elabora\u00e7\u00e3o e Assessoria de Projetos Sociais, vencedora do processo licitat\u00f3rio, v\u00e3o atender 500 fam\u00edlias benefici\u00e1rias do Programa Minha Casa, Minha Vida na localidade.<\/p>\n<p class=\"x_MsoNormal\" style=\"text-align: justify;\">A solenidade, realizada no gabinete da prefeita, contou com a participa\u00e7\u00e3o do secret\u00e1rio de Desenvolvimento Social, Mulher e Diversidade, Teobaldo Pedro, da sua superintendente de Pol\u00edticas Sociais, Beth\u00e2nia Amorim, da diretora de Habita\u00e7\u00e3o, Quisa Benevides, e da representante da Projesol, Alexandra Almeida.<\/p>\n<p class=\"x_MsoNormal\" style=\"text-align: justify;\">O projeto ser\u00e1 realizado com recursos do Fundo de Arrendamento do Residencial (FAR), com investimento de aproximadamente R$ 400 mil, e ter\u00e1 dura\u00e7\u00e3o de 12 meses. A prefeita Suzana Ramos destacou a sua expectativa em contribuir para melhorar a vida da comunidade. \u201cTemos o compromisso de estar presente nos residenciais, prestando uma assist\u00eancia de qualidade. Estamos trabalhando muito para dar uma vida mais digna a cada cidad\u00e3o de Juazeiro e a nossa expectativa \u00e9 que essas fam\u00edlias se apropriem dessas oportunidades\u201d, declarou a gestora.<\/p>\n<p class=\"x_MsoNormal\" style=\"text-align: justify;\">A representante da Projesol, Alexandra Almeida explicou como o projeto ser\u00e1 realizado. \u201cO nosso trabalho consiste na realiza\u00e7\u00e3o de atividades socioecon\u00f4micas com as fam\u00edlias, com foco na gera\u00e7\u00e3o de emprego e renda, como a oferta de cursos profissionalizantes, a mobiliza\u00e7\u00e3o e organiza\u00e7\u00e3o comunit\u00e1ria, a\u00e7\u00f5es que contribuam para o fortalecimento de v\u00ednculos de conviv\u00eancia e atividades de lazer\u201d, contou Alexandra Almeida. Ap\u00f3s a assinatura, a empresa tem um prazo de 30 dias para iniciar a execu\u00e7\u00e3o do projeto.<\/p>\n<p class=\"x_MsoNormal\" style=\"text-align: justify;\"><b>Levantamento<\/b><\/p>\n<p class=\"x_MsoNormal\" style=\"text-align: justify;\">Entre as atividades est\u00e1 previsto, ainda, um levantamento socioecon\u00f4mico dos moradores do residencial. \u201cEsse trabalho deveria ter sido realizado em 2016, quando o residencial foi entregue. \u00c9 um projeto de p\u00f3s-ocupa\u00e7\u00e3o, que visa garantir a perman\u00eancia das fam\u00edlias no im\u00f3vel adquirido, fomentando o sentimento de pertencimento e zelo. Entretanto, como n\u00e3o foi feito \u00e0 \u00e9poca, pedimos que a Projesol fa\u00e7a um levantamento para saber quais s\u00e3o as necessidades dos moradores atualmente\u201d, explicou Quisa Benevides, ressaltando que todo o trabalho ser\u00e1 acompanhado pela equipe da Diretoria de Habita\u00e7\u00e3o e todas as atividades acontecer\u00e3o respeitando as normas e decretos sanit\u00e1rios vigentes.<\/p>\n<p class=\"x_MsoNormal\" style=\"text-align: justify;\">Em breve, ser\u00e3o assinadas tamb\u00e9m as ordens de servi\u00e7o para a execu\u00e7\u00e3o dos Projetos de Trabalho Social nos residenciais Juazeiro I e II.<\/p>\n<p class=\"x_MsoNormal\" style=\"text-align: justify;\">\n","protected":false},"excerpt":{"rendered":"<p>A prefeita Suzana Ramos assinou, nesta quinta-feira (08), a ordem de servi\u00e7o para a execu\u00e7\u00e3o do Projeto de Trabalho Social no Residencial Juazeiro III. A iniciativa tem como objetivo contribuir para o desenvolvimento socioecon\u00f4mico das comunidades e as a\u00e7\u00f5es, que ser\u00e3o executadas pela empresa Projesol \u2013 Elabora\u00e7\u00e3o e Assessoria de Projetos Sociais, vencedora do processo [&hellip;]<\/p>\n","protected":false},"author":1,"featured_media":21784,"comment_status":"open","ping_status":"open","sticky":false,"template":"","format":"standard","meta":{"_uag_custom_page_level_css":"","_monsterinsights_skip_tracking":false,"_monsterinsights_sitenote_active":false,"_monsterinsights_sitenote_note":"","_monsterinsights_sitenote_category":0,"jetpack_post_was_ever_published":false,"_jetpack_newsletter_access":"","_jetpack_dont_email_post_to_subs":false,"_jetpack_newsletter_tier_id":0,"_jetpack_memberships_contains_paywalled_content":false,"_jetpack_memberships_contains_paid_content":false,"footnotes":"","jetpack_publicize_message":"","jetpack_publicize_feature_enabled":true,"jetpack_social_post_already_shared":true,"jetpack_social_options":{"image_generator_settings":{"template":"highway","default_image_id":0,"font":"","enabled":false},"version":2}},"categories":[197],"tags":[1614,103,894],"class_list":["post-21783","post","type-post","status-publish","format-standard","has-post-thumbnail","hentry","category-politica","tag-prefeita-suzana","tag-residencial","tag-sedes"],"jetpack_publicize_connections":[],"jetpack_featured_media_url":"https:\/\/blogopara.com.br\/wp-content\/uploads\/2021\/04\/thumbnail_Foto_02.jpg","uagb_featured_image_src":{"full":["https:\/\/blogopara.com.br\/wp-content\/uploads\/2021\/04\/thumbnail_Foto_02.jpg",500,332,false],"thumbnail":["https:\/\/blogopara.com.br\/wp-content\/uploads\/2021\/04\/thumbnail_Foto_02-150x150.jpg",150,150,true],"medium":["https:\/\/blogopara.com.br\/wp-content\/uploads\/2021\/04\/thumbnail_Foto_02-300x199.jpg",300,199,true],"medium_large":["https:\/\/blogopara.com.br\/wp-content\/uploads\/2021\/04\/thumbnail_Foto_02.jpg",500,332,false],"large":["https:\/\/blogopara.com.br\/wp-content\/uploads\/2021\/04\/thumbnail_Foto_02.jpg",500,332,false],"1536x1536":["https:\/\/blogopara.com.br\/wp-content\/uploads\/2021\/04\/thumbnail_Foto_02.jpg",500,332,false],"2048x2048":["https:\/\/blogopara.com.br\/wp-content\/uploads\/2021\/04\/thumbnail_Foto_02.jpg",500,332,false],"mantranews-slider-large":["https:\/\/blogopara.com.br\/wp-content\/uploads\/2021\/04\/thumbnail_Foto_02.jpg",500,332,false],"mantranews-featured-medium":["https:\/\/blogopara.com.br\/wp-content\/uploads\/2021\/04\/thumbnail_Foto_02-420x307.jpg",420,307,true],"mantranews-featured-long":["https:\/\/blogopara.com.br\/wp-content\/uploads\/2021\/04\/thumbnail_Foto_02-300x332.jpg",300,332,true],"mantranews-block-medium":["https:\/\/blogopara.com.br\/wp-content\/uploads\/2021\/04\/thumbnail_Foto_02-464x290.jpg",464,290,true],"mantranews-carousel-image":["https:\/\/blogopara.com.br\/wp-content\/uploads\/2021\/04\/thumbnail_Foto_02.jpg",500,332,false],"mantranews-block-thumb":["https:\/\/blogopara.com.br\/wp-content\/uploads\/2021\/04\/thumbnail_Foto_02-322x230.jpg",322,230,true],"mantranews-single-large":["https:\/\/blogopara.com.br\/wp-content\/uploads\/2021\/04\/thumbnail_Foto_02.jpg",500,332,false]},"uagb_author_info":{"display_name":"Reda\u00e7\u00e3o geral","author_link":"https:\/\/blogopara.com.br\/index.php\/author\/blogopara"},"uagb_comment_info":0,"uagb_excerpt":"A prefeita Suzana Ramos assinou, nesta quinta-feira (08), a ordem de servi\u00e7o para a execu\u00e7\u00e3o do Projeto de Trabalho Social no Residencial Juazeiro III. A iniciativa tem como objetivo contribuir para o desenvolvimento socioecon\u00f4mico das comunidades e as a\u00e7\u00f5es, que ser\u00e3o executadas pela empresa Projesol \u2013 Elabora\u00e7\u00e3o e Assessoria de Projetos Sociais, vencedora do processo&hellip;","jetpack_sharing_enabled":true,"jetpack_likes_enabled":true,"_links":{"self":[{"href":"https:\/\/blogopara.com.br\/index.php\/wp-json\/wp\/v2\/posts\/21783","targetHints":{"allow":["GET"]}}],"collection":[{"href":"https:\/\/blogopara.com.br\/index.php\/wp-json\/wp\/v2\/posts"}],"about":[{"href":"https:\/\/blogopara.com.br\/index.php\/wp-json\/wp\/v2\/types\/post"}],"author":[{"embeddable":true,"href":"https:\/\/blogopara.com.br\/index.php\/wp-json\/wp\/v2\/users\/1"}],"replies":[{"embeddable":true,"href":"https:\/\/blogopara.com.br\/index.php\/wp-json\/wp\/v2\/comments?post=21783"}],"version-history":[{"count":1,"href":"https:\/\/blogopara.com.br\/index.php\/wp-json\/wp\/v2\/posts\/21783\/revisions"}],"predecessor-version":[{"id":21785,"href":"https:\/\/blogopara.com.br\/index.php\/wp-json\/wp\/v2\/posts\/21783\/revisions\/21785"}],"wp:featuredmedia":[{"embeddable":true,"href":"https:\/\/blogopara.com.br\/index.php\/wp-json\/wp\/v2\/media\/21784"}],"wp:attachment":[{"href":"https:\/\/blogopara.com.br\/index.php\/wp-json\/wp\/v2\/media?parent=21783"}],"wp:term":[{"taxonomy":"category","embeddable":true,"href":"https:\/\/blogopara.com.br\/index.php\/wp-json\/wp\/v2\/categories?post=21783"},{"taxonomy":"post_tag","embeddable":true,"href":"https:\/\/blogopara.com.br\/index.php\/wp-json\/wp\/v2\/tags?post=21783"}],"curies":[{"name":"wp","href":"https:\/\/api.w.org\/{rel}","templated":true}]}}