{"id":21808,"date":"2021-04-12T12:30:00","date_gmt":"2021-04-12T15:30:00","guid":{"rendered":"https:\/\/blogopara.com.br\/?p=21808"},"modified":"2021-04-11T20:38:08","modified_gmt":"2021-04-11T23:38:08","slug":"quando-voce-deve-tomar-a-vacina-se-previsao-do-ministerio-da-saude-se-confirmar","status":"publish","type":"post","link":"https:\/\/blogopara.com.br\/index.php\/2021\/04\/12\/quando-voce-deve-tomar-a-vacina-se-previsao-do-ministerio-da-saude-se-confirmar","title":{"rendered":"Quando voc\u00ea deve tomar a vacina, se previs\u00e3o do Minist\u00e9rio da Sa\u00fade se confirmar"},"content":{"rendered":"<div class=\"mc-column content-text active-extra-styles \" data-block-type=\"unstyled\" data-block-weight=\"39\" data-block-id=\"2\">\n<p class=\"content-text__container \" style=\"text-align: justify;\" data-track-category=\"Link no Texto\" data-track-links=\"\">O governo federal brasileiro j\u00e1 contabiliza no papel mais de\u00a0<strong>500 milh\u00f5es de doses\u00a0<\/strong>de vacinas contra a covid-19, quantidade suficiente para imunizar a popula\u00e7\u00e3o inteira e contar com uma sobra do bem mais disputado no mundo hoje.<\/p>\n<\/div>\n<div class=\"wall protected-content\">\n<div class=\"mc-column content-text active-extra-styles \" style=\"text-align: justify;\" data-block-type=\"unstyled\" data-block-weight=\"43\" data-block-id=\"3\">\n<p class=\"content-text__container \" data-track-category=\"Link no Texto\" data-track-links=\"\">Mas a\u00a0<a href=\"https:\/\/g1.globo.com\/bemestar\/vacina\/noticia\/2021\/04\/04\/brasil-aplicou-ao-menos-uma-dose-de-vacina-em-mais-de-194-milhoes-aponta-consorcio-de-veiculos-de-imprensa.ghtml\">realidade atual do Brasil<\/a>\u00a0\u00e9 marcada por falta de vacinas, lentid\u00e3o na aplica\u00e7\u00e3o de doses dispon\u00edveis, atrasos em entregas previstas dentro e fora do pa\u00eds e consequ\u00eancias da demora do governo do presidente Jair Bolsonaro (sem partido) em comprar imunizantes.<\/p>\n<\/div>\n<div class=\"mc-column content-text active-extra-styles \" style=\"text-align: justify;\" data-block-type=\"unstyled\" data-block-weight=\"33\" data-block-id=\"4\">\n<p class=\"content-text__container \" data-track-category=\"Link no Texto\" data-track-links=\"\">A previs\u00e3o divulgada pelo Minist\u00e9rio da Sa\u00fade j\u00e1 mudou cinco vezes em mar\u00e7o, por exemplo, sempre reduzindo o n\u00famero de doses a serem distribu\u00eddas nas pr\u00f3ximas semanas e adiando cada vez mais entregas.<\/p>\n<\/div>\n<div class=\"mc-column content-text active-extra-styles \" style=\"text-align: justify;\" data-block-type=\"unstyled\" data-block-weight=\"41\" data-block-id=\"5\">\n<p class=\"content-text__container \" data-track-category=\"Link no Texto\" data-track-links=\"\">O cronograma atual do Minist\u00e9rio da Sa\u00fade prev\u00ea a entrega de\u00a0<strong>154 milh\u00f5es de doses no primeiro semestre de 2021<\/strong>, considerando apenas vacinas aprovadas pela Anvisa: Coronavac, AstraZeneca-Oxford e Pfizer. Isso seria suficiente para vacinar todas as pessoas dos grupos priorit\u00e1rios.<\/p>\n<\/div>\n<div class=\"mc-column content-text active-extra-styles \" style=\"text-align: justify;\" data-block-type=\"unstyled\" data-block-weight=\"21\" data-block-id=\"6\">\n<p class=\"content-text__container \" data-track-category=\"Link no Texto\" data-track-links=\"\">Mas, em raz\u00e3o dos atrasos recorrentes e da alta demanda internacional por vacinas, parte dos especialistas v\u00ea com ceticismo esses dados.<\/p>\n<\/div>\n<div class=\"mc-column content-text active-extra-styles \" style=\"text-align: justify;\" data-block-type=\"unstyled\" data-block-weight=\"88\" data-block-id=\"7\">\n<p class=\"content-text__container \" data-track-category=\"Link no Texto\" data-track-links=\"\">&#8220;Com o p\u00e9 no ch\u00e3o, at\u00e9 o meio do ano voc\u00ea vai ter uma vacina\u00e7\u00e3o provavelmente de quem tem mais de 60 anos e provavelmente pode avan\u00e7ar um pouco mais na faixa dos 50 anos, incluindo tamb\u00e9m outros profissionais em risco. \u00c9 isso que n\u00f3s vamos ter at\u00e9 o meio do ano. Estamos falando de 40 ou 50 milh\u00f5es de pessoas. E 100 milh\u00f5es de doses de vacinas&#8221;, afirmou Dimas Covas, diretor do Instituto Butantan, em entrevista ao jornal Valor Econ\u00f4mico em 4 de abril de 2021.<\/p>\n<\/div>\n<div class=\"mc-column content-text active-extra-styles \" style=\"text-align: justify;\" data-block-type=\"unstyled\" data-block-weight=\"41\" data-block-id=\"9\">\n<p class=\"content-text__container \" data-track-category=\"Link no Texto\" data-track-links=\"\">A partir das informa\u00e7\u00f5es mais recentes, a BBC News Brasil tra\u00e7a a seguir tr\u00eas cen\u00e1rios para o per\u00edodo de vacina\u00e7\u00e3o previsto para diferentes grupos da popula\u00e7\u00e3o brasileira \u2014 al\u00e9m do pode dar errado ou at\u00e9 melhorar no meio do caminho.<\/p>\n<\/div>\n<div class=\"mc-column content-text active-extra-styles \" style=\"text-align: justify;\" data-block-type=\"unstyled\" data-block-weight=\"16\" data-block-id=\"10\">\n<p class=\"content-text__container \" data-track-category=\"Link no Texto\" data-track-links=\"\">\u00c9 importante ter em mente que tudo pode mudar, como j\u00e1 foi visto nas \u00faltimas semanas.<\/p>\n<\/div>\n<div class=\"mc-column content-text active-extra-styles \" style=\"text-align: justify;\" data-block-type=\"unstyled\" data-block-weight=\"40\" data-block-id=\"11\">\n<p class=\"content-text__container \" data-track-category=\"Link no Texto\" data-track-links=\"\">A tend\u00eancia, at\u00e9 o momento, \u00e9 que o in\u00edcio da vacina\u00e7\u00e3o dos adultos n\u00e3o priorit\u00e1rios deva acontecer pelo menos em meados do segundo semestre de 2021, enquanto a de jovens com menos de 25 anos deve acontecer s\u00f3 em 2022.<\/p>\n<\/div>\n<div class=\"mc-column content-text active-extra-styles \" style=\"text-align: justify;\" data-block-type=\"unstyled\" data-block-weight=\"10\" data-block-id=\"13\">\n<p class=\"content-text__container \" data-track-category=\"Link no Texto\" data-track-links=\"\">A situa\u00e7\u00e3o dos menores de idade \u00e9 ainda mais incerta.<\/p>\n<\/div>\n<div class=\"mc-column content-text active-extra-styles\" style=\"text-align: justify;\" data-block-type=\"raw\" data-block-weight=\"3\" data-block-id=\"14\">\n<p class=\"content-text__container\"><span style=\"color: inherit; font-size: 1.95em; font-weight: 600;\">N\u00fameros e obst\u00e1culos<\/span><\/p>\n<p><span style=\"font-size: inherit;\">Um estudo recente da UFJF (Universidade Federal de Juiz de Fora) apontou que que Brasil precisa vacinar 2 milh\u00f5es por dia para controlar pandemia em at\u00e9 um ano. Especialistas apontam que o pa\u00eds teria capacidade para imunizar mais de 1 milh\u00e3o de pessoas por dia, como fez na pandemia de H1N1 em 2009.<\/span><\/p>\n<\/div>\n<div class=\"mc-column content-text active-extra-styles \" style=\"text-align: justify;\" data-block-type=\"unstyled\" data-block-weight=\"18\" data-block-id=\"16\">\n<p class=\"content-text__container \" data-track-category=\"Link no Texto\" data-track-links=\"\">Em mar\u00e7o, no entanto, a taxa de vacina\u00e7\u00e3o di\u00e1ria tem variado de 22 mil a 500 mil doses.<\/p>\n<\/div>\n<div class=\"mc-column content-text active-extra-styles \" style=\"text-align: justify;\" data-block-type=\"unstyled\" data-block-weight=\"27\" data-block-id=\"17\">\n<p class=\"content-text__container \" data-track-category=\"Link no Texto\" data-track-links=\"\">O governo federal at\u00e9 agora distribuiu 43 milh\u00f5es de doses para Estados e munic\u00edpios. Do total, 21,1 milh\u00f5es j\u00e1 foram aplicadas, sendo 16,4 milh\u00f5es como primeira dose.<\/p>\n<\/div>\n<div class=\"mc-column content-text active-extra-styles \" style=\"text-align: justify;\" data-block-type=\"unstyled\" data-block-weight=\"33\" data-block-id=\"18\">\n<p class=\"content-text__container \" data-track-category=\"Link no Texto\" data-track-links=\"\">At\u00e9 atingir o patamar necess\u00e1rio para conter mortes e infec\u00e7\u00f5es, h\u00e1 quatro obst\u00e1culos importantes para as 563 milh\u00f5es de doses previstas para este ano pelo ent\u00e3o ministro da Sa\u00fade, Eduardo Pazuello. S\u00e3o eles:<\/p>\n<\/div>\n<div class=\"mc-column content-text active-extra-styles\" style=\"text-align: justify;\" data-block-type=\"raw\" data-block-weight=\"117\" data-block-id=\"19\">\n<ul class=\"content-unordered-list\">\n<li>68 milh\u00f5es de doses s\u00e3o de vacinas ainda n\u00e3o aprovadas pela Ag\u00eancia Nacional de Vigil\u00e2ncia Sanit\u00e1ria (Anvisa): a indiana Covaxin, a russa Sputnik e a belga Janssen.<\/li>\n<li>Sem a aprova\u00e7\u00e3o desses imunizantes, a vacina\u00e7\u00e3o brasileira continuar\u00e1 at\u00e9 junho dependente das duas op\u00e7\u00f5es atuais: AstraZeneca-Oxford (Fiocruz) e Coronavac (Butantan).<\/li>\n<li>O governo Bolsonaro recusou sucessivas ofertas da Pfizer para comprar milh\u00f5es de doses. Quando decidiu adquiri-las, entrou no fim de uma fila de dezenas de pa\u00edses e s\u00f3 deve receber um volume significativo no segundo semestre.<\/li>\n<li>O ritmo lento da vacina\u00e7\u00e3o aponta, segundo pesquisadores da UFJF, que o Brasil s\u00f3 deve ter 70% da popula\u00e7\u00e3o vacinada no fim de 2022, patamar que pode conter consideravelmente o espalhamento da doen\u00e7a.<\/li>\n<\/ul>\n<\/div>\n<div class=\"content-ads content-ads--reveal\" style=\"text-align: justify;\" data-block-type=\"ads\" data-block-id=\"20\">\n<div id=\"banner_materia__7948c947-f582-4762-b503-6d269e7805cf\" class=\"tag-manager-publicidade-container mc-has-reveal mc-has-ad-lazyload tag-manager-publicidade-banner_materia__7948c947-f582-4762-b503-6d269e7805cf tag-manager-publicidade-container--carregado tag-manager-publicidade-container--visivel\" data-id=\"banner_materia__7948c947-f582-4762-b503-6d269e7805cf\" data-req=\"true\" data-google-query-id=\"CNWV-LuL9e8CFS43uQYdLNsEHQ\" data-cid=\"138345887674\" data-lid=\"5661749444\">\n<div id=\"google_ads_iframe_\/95377733\/tvg_G1\/Bem_Estar_4__container__\"><\/div>\n<\/div>\n<\/div>\n<div class=\"row medium-uncollapsed content-media content-photo\" style=\"text-align: justify;\" data-block-type=\"backstage-photo\" data-block-id=\"21\">\n<div class=\"mc-column content-media__container\">\n<div class=\"content-media-container glb-skeleton-box\">\n<figure class=\"content-media-figure\"><img decoding=\"async\" class=\"i-amphtml-fill-content i-amphtml-replaced-content\" src=\"https:\/\/s2.glbimg.com\/hinvAgxJuSugb9sCqCqV9SWQEdg=\/0x0:1632x1434\/984x0\/smart\/filters:strip_icc()\/i.s3.glbimg.com\/v1\/AUTH_59edd422c0c84a879bd37670ae4f538a\/internal_photos\/bs\/2021\/D\/Y\/8itSlwStSk1irzMBMtRg\/graf-bbc.png\" sizes=\"(max-width: 1366px) 648px, 100vw\" srcset=\"https:\/\/s2.glbimg.com\/eAXRlkZM1LBv6azC9arfMyov358=\/0x0:1632x1434\/1000x0\/smart\/filters:strip_icc()\/i.s3.glbimg.com\/v1\/AUTH_59edd422c0c84a879bd37670ae4f538a\/internal_photos\/bs\/2021\/D\/Y\/8itSlwStSk1irzMBMtRg\/graf-bbc.png 1000w, https:\/\/s2.glbimg.com\/hinvAgxJuSugb9sCqCqV9SWQEdg=\/0x0:1632x1434\/984x0\/smart\/filters:strip_icc()\/i.s3.glbimg.com\/v1\/AUTH_59edd422c0c84a879bd37670ae4f538a\/internal_photos\/bs\/2021\/D\/Y\/8itSlwStSk1irzMBMtRg\/graf-bbc.png 984w, https:\/\/s2.glbimg.com\/Y6UB3bq61Er3Jen9GxAzjUKXJso=\/0x0:1632x1434\/640x0\/smart\/filters:strip_icc()\/i.s3.glbimg.com\/v1\/AUTH_59edd422c0c84a879bd37670ae4f538a\/internal_photos\/bs\/2021\/D\/Y\/8itSlwStSk1irzMBMtRg\/graf-bbc.png 640w, https:\/\/s2.glbimg.com\/uBRJ2pgA9JgVs573HovolAQpzcA=\/0x0:1632x1434\/600x0\/smart\/filters:strip_icc()\/i.s3.glbimg.com\/v1\/AUTH_59edd422c0c84a879bd37670ae4f538a\/internal_photos\/bs\/2021\/D\/Y\/8itSlwStSk1irzMBMtRg\/graf-bbc.png 600w\" alt=\"Entrega de vacinas \u2014 Foto: BBC\" \/><\/figure>\n<\/div>\n<p class=\"content-media__description \">Entrega de vacinas \u2014 Foto: BBC<\/p>\n<\/div>\n<\/div>\n<div class=\"mc-column content-text active-extra-styles \" style=\"text-align: justify;\" data-block-type=\"unstyled\" data-block-weight=\"56\" data-block-id=\"22\">\n<p class=\"content-text__container \" data-track-category=\"Link no Texto\" data-track-links=\"\">&#8220;Espero ter sido claro e bem transparente sobre um cronograma previsto. Porque \u00e9 impressionante quando voc\u00ea apresenta um cronograma previsto e as pessoas perguntam: o cronograma est\u00e1 alterando. O cronograma \u00e9 para ser alterado, quando a farmac\u00eautica n\u00e3o entrega, a linha de produ\u00e7\u00e3o para, quando acontece qualquer dificuldade na legaliza\u00e7\u00e3o das doses&#8221;, disse Pazuello a jornalistas.<\/p>\n<\/div>\n<div class=\"mc-column content-text active-extra-styles \" style=\"text-align: justify;\" data-block-type=\"unstyled\" data-block-weight=\"7\" data-block-id=\"23\">\n<p class=\"content-text__container \" data-track-category=\"Link no Texto\" data-track-links=\"\">&#8220;N\u00e3o podemos contar com 100% das entregas.&#8221;<\/p>\n<\/div>\n<div class=\"mc-column content-text active-extra-styles \" style=\"text-align: justify;\" data-block-type=\"unstyled\" data-block-weight=\"45\" data-block-id=\"24\">\n<p class=\"content-text__container \" data-track-category=\"Link no Texto\" data-track-links=\"\">O Instituto Butantan, por exemplo, informou que s\u00f3 consegue assegurar ao cronograma at\u00e9 abril. Depois dessa data, &#8220;a entrega de doses est\u00e1 condicionada \u00e0 chegada de IFA (mat\u00e9ria-prima da vacina importada) para que o Butantan possa realizar o envase, rotulagem e embalagem das doses&#8221;.<\/p>\n<\/div>\n<div class=\"mc-column content-text active-extra-styles \" style=\"text-align: justify;\" data-block-type=\"unstyled\" data-block-weight=\"32\" data-block-id=\"25\">\n<p class=\"content-text__container \" data-track-category=\"Link no Texto\" data-track-links=\"\">A Fiocruz apresentou um cronograma bem parecido com o do Minist\u00e9rio da Sa\u00fade para entrega mensal da AstraZeneca-Oxford, e se prepara produzir e entregar ao governo 1 milh\u00e3o de doses por dia.<\/p>\n<\/div>\n<div class=\"mc-column content-text active-extra-styles \" style=\"text-align: justify;\" data-block-type=\"unstyled\" data-block-weight=\"70\" data-block-id=\"26\">\n<p class=\"content-text__container \" data-track-category=\"Link no Texto\" data-track-links=\"\">As duas institui\u00e7\u00f5es brasileiras, que somam 350 milh\u00f5es de doses previstas pelo governo federal, t\u00eam enfrentado sucessivos atrasos nas entregas previstas por diversos motivos, principalmente a demora do envio de doses e mat\u00e9ria-prima importados da China e da \u00cdndia. Ambas se preparam para produzir integralmente as vacinas e garantir autonomia nacional, mas isso s\u00f3 deve acontecer entre o segundo semestre de 2021 (Fiocruz) e o primeiro semestre de 2022 (Butantan).<\/p>\n<\/div>\n<div class=\"mc-column content-text active-extra-styles \" style=\"text-align: justify;\" data-block-type=\"unstyled\" data-block-weight=\"72\" data-block-id=\"28\">\n<p class=\"content-text__container \" data-track-category=\"Link no Texto\" data-track-links=\"\">Governos estaduais passaram tamb\u00e9m a agir para ampliar as doses dispon\u00edveis no pa\u00eds. Um exemplo envolve as 37 milh\u00f5es de doses da Sputnik V contratadas pelo cons\u00f3rcio de governadores do Nordeste. Essas vacinas seriam repassadas ao governo federal, que ficar\u00e1 respons\u00e1vel pelo pagamento e pela distribui\u00e7\u00e3o proporcional para todos os munic\u00edpios brasileiros, e n\u00e3o apenas da regi\u00e3o Nordeste. Mas essas vacinas, ainda n\u00e3o aprovadas, nem entraram na previs\u00e3o do Minist\u00e9rio da Sa\u00fade.<\/p>\n<\/div>\n<div class=\"mc-column content-text active-extra-styles \" style=\"text-align: justify;\" data-block-type=\"unstyled\" data-block-weight=\"53\" data-block-id=\"29\">\n<p class=\"content-text__container \" data-track-category=\"Link no Texto\" data-track-links=\"\">A Uni\u00e3o Qu\u00edmica, farmac\u00eautica brasileira que fechou um acordo com o governo russo para fabricar e distribuir a vacina Sputnik V no Brasil e na Am\u00e9rica Latina, come\u00e7ou a produ\u00e7\u00e3o da vacina no pa\u00eds, em projeto piloto, e diz que poder\u00e1 produzir 8 milh\u00f5es de doses por m\u00eas ap\u00f3s o aval da Anvisa.<\/p>\n<\/div>\n<div class=\"mc-column content-text active-extra-styles \" style=\"text-align: justify;\" data-block-type=\"unstyled\" data-block-weight=\"64\" data-block-id=\"30\">\n<p class=\"content-text__container \" data-track-category=\"Link no Texto\" data-track-links=\"\">Al\u00e9m disso, segundo a empresa, o Instituto Gamaleya, respons\u00e1vel pela vacina russa, enviou um cronograma ao governo brasileiro sobre uma eventual compra de 10 milh\u00f5es de doses. A previs\u00e3o aponta a exporta\u00e7\u00e3o de 400 mil doses ao Brasil uma semana ap\u00f3s a assinatura do contrato de compra, 2 milh\u00f5es um m\u00eas ap\u00f3s o acordo e outras 7,6 milh\u00f5es ao longo dos dois meses seguintes.<\/p>\n<\/div>\n<div class=\"mc-column content-text active-extra-styles\" style=\"text-align: justify;\" data-block-type=\"raw\" data-block-weight=\"8\" data-block-id=\"31\">\n<div class=\"content-intertitle\">\n<h2>Grupos priorit\u00e1rios: vacina\u00e7\u00e3o estimada at\u00e9 setembro de 2021<\/h2>\n<\/div>\n<\/div>\n<div class=\"mc-column content-text active-extra-styles \" style=\"text-align: justify;\" data-block-type=\"unstyled\" data-block-weight=\"17\" data-block-id=\"32\">\n<p class=\"content-text__container \" data-track-category=\"Link no Texto\" data-track-links=\"\">O plano de imuniza\u00e7\u00e3o brasileiro contra a covid-19 dividiu a popula\u00e7\u00e3o adulta em priorit\u00e1rios e n\u00e3o priorit\u00e1rios.<\/p>\n<\/div>\n<div class=\"mc-column content-text active-extra-styles \" style=\"text-align: justify;\" data-block-type=\"unstyled\" data-block-weight=\"37\" data-block-id=\"33\">\n<p class=\"content-text__container \" data-track-category=\"Link no Texto\" data-track-links=\"\">O grupo priorit\u00e1rio \u00e9 subdividido em 29 categorias, entre elas idosos, adultos com comorbidades, profissionais de sa\u00fade, pessoas em situa\u00e7\u00e3o de rua, presos, trabalhadores do setor de educa\u00e7\u00e3o, agentes de seguran\u00e7a, motoristas de \u00f4nibus e caminhoneiros.<\/p>\n<\/div>\n<div class=\"mc-column content-text active-extra-styles \" style=\"text-align: justify;\" data-block-type=\"unstyled\" data-block-weight=\"5\" data-block-id=\"34\">\n<p class=\"content-text__container \" data-track-category=\"Link no Texto\" data-track-links=\"\">Essas pessoas somam 77,3 milh\u00f5es.<\/p>\n<\/div>\n<div class=\"row medium-uncollapsed content-media content-photo\" style=\"text-align: justify;\" data-block-type=\"backstage-photo\" data-block-id=\"35\">\n<div class=\"mc-column content-media__container\">\n<div class=\"content-media-container glb-skeleton-box\">\n<figure class=\"content-media-figure\"><img decoding=\"async\" class=\"i-amphtml-fill-content i-amphtml-replaced-content\" src=\"https:\/\/s2.glbimg.com\/835BPDtzWbRNTyS1pDPZzaMZiA8=\/0x0:1280x1272\/984x0\/smart\/filters:strip_icc()\/i.s3.glbimg.com\/v1\/AUTH_59edd422c0c84a879bd37670ae4f538a\/internal_photos\/bs\/2021\/P\/8\/M8upY8QYuQJkWMZIavWw\/graf-bbc-2.png\" sizes=\"(max-width: 1366px) 648px, 100vw\" srcset=\"https:\/\/s2.glbimg.com\/vgTbaUR8-xCjJSNW56akqSqpPho=\/0x0:1280x1272\/1000x0\/smart\/filters:strip_icc()\/i.s3.glbimg.com\/v1\/AUTH_59edd422c0c84a879bd37670ae4f538a\/internal_photos\/bs\/2021\/P\/8\/M8upY8QYuQJkWMZIavWw\/graf-bbc-2.png 1000w, https:\/\/s2.glbimg.com\/835BPDtzWbRNTyS1pDPZzaMZiA8=\/0x0:1280x1272\/984x0\/smart\/filters:strip_icc()\/i.s3.glbimg.com\/v1\/AUTH_59edd422c0c84a879bd37670ae4f538a\/internal_photos\/bs\/2021\/P\/8\/M8upY8QYuQJkWMZIavWw\/graf-bbc-2.png 984w, https:\/\/s2.glbimg.com\/GXVQcD4Vgh3VkqH7oNrPTSXXLRo=\/0x0:1280x1272\/640x0\/smart\/filters:strip_icc()\/i.s3.glbimg.com\/v1\/AUTH_59edd422c0c84a879bd37670ae4f538a\/internal_photos\/bs\/2021\/P\/8\/M8upY8QYuQJkWMZIavWw\/graf-bbc-2.png 640w, https:\/\/s2.glbimg.com\/KPOig2NOyPAF2Ztlx1DZeVlFGeQ=\/0x0:1280x1272\/600x0\/smart\/filters:strip_icc()\/i.s3.glbimg.com\/v1\/AUTH_59edd422c0c84a879bd37670ae4f538a\/internal_photos\/bs\/2021\/P\/8\/M8upY8QYuQJkWMZIavWw\/graf-bbc-2.png 600w\" alt=\"Grupo priorit\u00e1rio \u2014 Foto: BBC\" \/><\/figure>\n<\/div>\n<p class=\"content-media__description \"><span style=\"font-size: inherit;\">Para vacinar esse grupo inteiro, portanto, seriam necess\u00e1rias 154 milh\u00f5es de doses. Considerando as vacinas j\u00e1 aprovadas pela Anvisa, esse montante estaria dispon\u00edvel at\u00e9 junho deste ano, se n\u00e3o houver atrasos na entrega, fabrica\u00e7\u00e3o ou distribui\u00e7\u00e3o.<\/span><\/p>\n<\/div>\n<\/div>\n<div class=\"mc-column content-text active-extra-styles \" style=\"text-align: justify;\" data-block-type=\"unstyled\" data-block-weight=\"60\" data-block-id=\"38\">\n<p class=\"content-text__container \" data-track-category=\"Link no Texto\" data-track-links=\"\">Por outro lado, o Brasil tem mantido um ritmo de vacina\u00e7\u00e3o que corresponde \u00e0 metade das doses distribu\u00eddas. Ou seja, aplicou at\u00e9 agora 21 milh\u00f5es das 43 milh\u00f5es enviadas para Estados e munic\u00edpios. A cada 10 doses aplicadas atualmente, 8 s\u00e3o da Coronavac, criticada e boicotada por meses pelo presidente Jair Bolsonaro, que chegou a cancelar a compra desse imunizante.<\/p>\n<\/div>\n<div class=\"mc-column content-text active-extra-styles \" style=\"text-align: justify;\" data-block-type=\"unstyled\" data-block-weight=\"56\" data-block-id=\"39\">\n<p class=\"content-text__container \" data-track-category=\"Link no Texto\" data-track-links=\"\">A diferen\u00e7a entre o n\u00famero de doses distribu\u00eddas e aplicadas no Brasil se explica em parte \u00e0 necessidade de reservar uma quantidade como segunda dose, e uma eventual escassez poderia afetar a imunidade dos vacinados. Para tentar acelerar a vacina\u00e7\u00e3o, o governo federal recomendou utilizar essas reservas como primeira dose porque fornecedores garantiram as entregas.<\/p>\n<\/div>\n<div class=\"mc-column content-text active-extra-styles \" style=\"text-align: justify;\" data-block-type=\"unstyled\" data-block-weight=\"55\" data-block-id=\"40\">\n<p class=\"content-text__container \" data-track-category=\"Link no Texto\" data-track-links=\"\">Mas essa mudan\u00e7a de orienta\u00e7\u00e3o federal ainda n\u00e3o surtiu efeito no ritmo de vacina\u00e7\u00e3o, e, diante da escassez e de atrasos, \u00e9 prov\u00e1vel que muitos gestores mantenham a pol\u00edtica de reservar doses para a segunda aplica\u00e7\u00e3o semanas depois da primeira. A efic\u00e1cia contra a covid s\u00f3 \u00e9 garantida semanas depois da aplica\u00e7\u00e3o da segunda dose.<\/p>\n<\/div>\n<div class=\"mc-column content-text active-extra-styles \" style=\"text-align: justify;\" data-block-type=\"unstyled\" data-block-weight=\"26\" data-block-id=\"41\">\n<p class=\"content-text__container \" data-track-category=\"Link no Texto\" data-track-links=\"\">Se essa propor\u00e7\u00e3o de vacinas distribu\u00eddas\/aplicadas se mantiver ao longo do ano, a imuniza\u00e7\u00e3o dos grupos priorit\u00e1rios pode se estender at\u00e9 setembro de 2021 no Brasil.<\/p>\n<\/div>\n<div class=\"mc-column content-text active-extra-styles \" style=\"text-align: justify;\" data-block-type=\"unstyled\" data-block-weight=\"44\" data-block-id=\"42\">\n<p class=\"content-text__container \" data-track-category=\"Link no Texto\" data-track-links=\"\">Em linhas gerais, a ordem segue tr\u00eas momentos. 1. idosos e profissionais de sa\u00fade; 2. adultos com comorbidades; 3. profissionais de categorias profissionais essenciais. A cidade de S\u00e3o Paulo, levou o m\u00eas de mar\u00e7o inteiro para vacinar apenas idosos de 70 a 79 anos.<\/p>\n<\/div>\n<div class=\"mc-column content-text active-extra-styles \" style=\"text-align: justify;\" data-block-type=\"unstyled\" data-block-weight=\"42\" data-block-id=\"43\">\n<p class=\"content-text__container \" data-track-category=\"Link no Texto\" data-track-links=\"\">O grupo mais numeroso entre os priorit\u00e1rios \u00e9 o de adultos de 18 a 59 anos com comorbidades (ou doen\u00e7as pr\u00e9-existentes), entre elas diabetes, s\u00edndrome de Down, fibrose c\u00edstica, hipertens\u00e3o, cirrose hep\u00e1tica, cardiopatias e pessoas com obesidade m\u00f3rbida (IMC acima de 40).<\/p>\n<\/div>\n<div class=\"mc-column content-text active-extra-styles \" style=\"text-align: justify;\" data-block-type=\"unstyled\" data-block-weight=\"23\" data-block-id=\"45\">\n<p class=\"content-text__container \" data-track-category=\"Link no Texto\" data-track-links=\"\">Essa fatia representa quase 18 milh\u00f5es de pessoas e corre mais riscos de morrer de covid-19 ou desenvolver a forma grave da doen\u00e7a.<\/p>\n<\/div>\n<div class=\"mc-column content-text active-extra-styles \" style=\"text-align: justify;\" data-block-type=\"unstyled\" data-block-weight=\"11\" data-block-id=\"46\">\n<p class=\"content-text__container \" data-track-category=\"Link no Texto\" data-track-links=\"\">Adultos n\u00e3o priorit\u00e1rios: in\u00edcio de vacina\u00e7\u00e3o estimado para outubro de 2021<\/p>\n<\/div>\n<div class=\"mc-column content-text active-extra-styles \" style=\"text-align: justify;\" data-block-type=\"unstyled\" data-block-weight=\"66\" data-block-id=\"47\">\n<p class=\"content-text__container \" data-track-category=\"Link no Texto\" data-track-links=\"\">&#8220;O ritmo de vacina\u00e7\u00e3o no pa\u00eds \u00e9 insuficiente para vacinar os grupos priorit\u00e1rios do Plano Nacional de Imuniza\u00e7\u00e3o (PNI) no 1\u00ba semestre de 2021, o que amplia o horizonte de vacina\u00e7\u00e3o para toda a popula\u00e7\u00e3o para meados de 2022. As consequ\u00eancias s\u00e3o inomin\u00e1veis&#8221;, afirmam banqueiros, empres\u00e1rios e economistas em carta aberta com cr\u00edticas ao governo Bolsonaro e propostas para a pandemia (leia a \u00edntegra dela aqui).<\/p>\n<\/div>\n<div class=\"mc-column content-text active-extra-styles \" style=\"text-align: justify;\" data-block-type=\"unstyled\" data-block-weight=\"38\" data-block-id=\"48\">\n<p class=\"content-text__container \" data-track-category=\"Link no Texto\" data-track-links=\"\">Segundo dados do Instituto Brasileiro de Geografia e Estat\u00edstica (IBGE), o n\u00famero de habitantes com idades de 18 a 59 anos no pa\u00eds totaliza 125 milh\u00f5es de pessoas. Cerca de 40 milh\u00f5es delas est\u00e3o no grupo priorit\u00e1rio.<\/p>\n<\/div>\n<div class=\"mc-column content-text active-extra-styles \" style=\"text-align: justify;\" data-block-type=\"unstyled\" data-block-weight=\"52\" data-block-id=\"49\">\n<p class=\"content-text__container \" data-track-category=\"Link no Texto\" data-track-links=\"\">Ainda n\u00e3o est\u00e1 claro como transcorreria a vacina\u00e7\u00e3o para esse grupo, mas ela deve seguir os mesmos moldes atuais (adotados inclusive em outros pa\u00edses, como o Reino Unido). As pessoas seriam divididas tamb\u00e9m em faixas et\u00e1rias e imunizadas em ordem decrescente, com os jovens em torno de 18 anos por \u00faltimo.<\/p>\n<\/div>\n<div class=\"mc-column content-text active-extra-styles \" style=\"text-align: justify;\" data-block-type=\"unstyled\" data-block-weight=\"38\" data-block-id=\"50\">\n<p class=\"content-text__container \" data-track-category=\"Link no Texto\" data-track-links=\"\">Tampouco \u00e9 poss\u00edvel estimar o ritmo de vacina\u00e7\u00e3o no segundo semestre, mas o governo federal afirma que os obst\u00e1culos enfrentados pelo pa\u00eds atualmente correspondem apenas ao in\u00edcio do processo de fabrica\u00e7\u00e3o e distribui\u00e7\u00e3o, concentrado em dois fabricantes.<\/p>\n<\/div>\n<div class=\"mc-column content-text active-extra-styles \" style=\"text-align: justify;\" data-block-type=\"unstyled\" data-block-weight=\"35\" data-block-id=\"51\">\n<p class=\"content-text__container \" data-track-category=\"Link no Texto\" data-track-links=\"\">No segundo semestre de 2021, com mais op\u00e7\u00f5es e doses dispon\u00edveis, al\u00e9m da fabrica\u00e7\u00e3o 100% nacional da AstraZeneca-Oxford pela Fiocruz, a tend\u00eancia seria superar com folga a marca de 1 milh\u00e3o de vacinados por dia.<\/p>\n<\/div>\n<div class=\"mc-column content-text active-extra-styles \" style=\"text-align: justify;\" data-block-type=\"unstyled\" data-block-weight=\"21\" data-block-id=\"52\">\n<p class=\"content-text__container \" data-track-category=\"Link no Texto\" data-track-links=\"\">Vale lembrar que na pandemia de H1N1, em 2009, o Brasil levou quase tr\u00eas meses para vacinar 80 milh\u00f5es de pessoas.<\/p>\n<\/div>\n<div class=\"mc-column content-text active-extra-styles \" style=\"text-align: justify;\" data-block-type=\"unstyled\" data-block-weight=\"45\" data-block-id=\"53\">\n<p class=\"content-text__container \" data-track-category=\"Link no Texto\" data-track-links=\"\">&#8220;N\u00f3s temos 37 mil salas de vacina\u00e7\u00e3o no Brasil, que podem vacinar at\u00e9 2,4 milh\u00f5es de brasileiros todos os dias. Esse \u00e9 o objetivo&#8221;, afirmou o atual ministro da Sa\u00fade, Marcelo Queiroga, em audi\u00eancia na C\u00e2mara dos Deputados em 31 de mar\u00e7o de 2021.<\/p>\n<\/div>\n<div class=\"mc-column content-text active-extra-styles\" style=\"text-align: justify;\" data-block-type=\"raw\" data-block-weight=\"9\" data-block-id=\"56\">\n<div class=\"content-intertitle\">\n<h2>Menores de idade: sem previs\u00e3o de in\u00edcio da vacina\u00e7\u00e3o<\/h2>\n<\/div>\n<\/div>\n<div class=\"mc-column content-text active-extra-styles \" style=\"text-align: justify;\" data-block-type=\"unstyled\" data-block-weight=\"27\" data-block-id=\"57\">\n<p class=\"content-text__container \" data-track-category=\"Link no Texto\" data-track-links=\"\">Al\u00e9m dos quase 85 milh\u00f5es de adultos n\u00e3o priorit\u00e1rios, devem ser vacinados tamb\u00e9m os menores de idade, que somam cerca de 48 milh\u00f5es, segundo o IBGE.<\/p>\n<\/div>\n<div class=\"mc-column content-text active-extra-styles \" style=\"text-align: justify;\" data-block-type=\"unstyled\" data-block-weight=\"39\" data-block-id=\"59\">\n<p class=\"content-text__container \" data-track-category=\"Link no Texto\" data-track-links=\"\">Atualmente, eles n\u00e3o est\u00e3o listados entre aqueles que receber\u00e3o a vacina, dada a falta de estudos de seguran\u00e7a e efic\u00e1cia dos imunizantes com essa faixa et\u00e1ria e a incid\u00eancia menor de covid-19 grave entre essas pessoas dessa faixa et\u00e1ria.<\/p>\n<\/div>\n<div class=\"mc-column content-text active-extra-styles \" style=\"text-align: justify;\" data-block-type=\"unstyled\" data-block-weight=\"20\" data-block-id=\"60\">\n<p class=\"content-text__container \" data-track-category=\"Link no Texto\" data-track-links=\"\">Mas h\u00e1 estudos em andamento no pa\u00eds com vacinas para menores de idade, e os resultados t\u00eam sido promissores.<\/p>\n<\/div>\n<div class=\"mc-column content-text active-extra-styles \" style=\"text-align: justify;\" data-block-type=\"unstyled\" data-block-weight=\"94\" data-block-id=\"61\">\n<p class=\"content-text__container \" data-track-category=\"Link no Texto\" data-track-links=\"\">A farmac\u00eautica chinesa Sinovac, parceira do Instituto Butantan na fabrica\u00e7\u00e3o da vacina Coronavac, por exemplo, anunciou que os estudos de fase 1 e fase 2 envolvendo 500 jovens com idade de 3 a 17 anos sinalizaram que o imunizante \u00e9 seguro e foi capaz de induzir o corpo humano a produzir anticorpos contra o coronav\u00edrus. N\u00e3o houve registro de rea\u00e7\u00f5es graves. Esses dados preliminares ainda n\u00e3o foram revisados por outros cientistas. A fase 3 dos estudos ser\u00e1 respons\u00e1vel por confirmar (ou n\u00e3o) a seguran\u00e7a da vacina e a taxa de efic\u00e1cia contra a doen\u00e7a.<\/p>\n<\/div>\n<div class=\"mc-column content-text active-extra-styles \" data-block-type=\"unstyled\" data-block-weight=\"34\" data-block-id=\"63\">\n<p class=\"content-text__container \" style=\"text-align: justify;\" data-track-category=\"Link no Texto\" data-track-links=\"\">Dado o ritmo de vacina\u00e7\u00e3o do pa\u00eds, \u00e9 prov\u00e1vel que os imunizantes sejam aprovados para essas faixas et\u00e1rias at\u00e9 chegar a vez deles na fila da vacina\u00e7\u00e3o, a princ\u00edpio no primeiro semestre de 2022.<\/p>\n<p style=\"text-align: justify;\" data-track-category=\"Link no Texto\" data-track-links=\"\">Fonte: G1<\/p>\n<\/div>\n<\/div>\n","protected":false},"excerpt":{"rendered":"<p>Ap\u00f3s sequ\u00eancia de adiamentos, vacina\u00e7\u00e3o de adultos n\u00e3o priorit\u00e1rios s\u00f3 deve acontecer no segundo semestre de 2021; jovens com menos de 25 anos devem ficar para 2022, mas a previs\u00e3o tem mudado constantemente.<\/p>\n","protected":false},"author":1,"featured_media":21809,"comment_status":"open","ping_status":"open","sticky":false,"template":"","format":"standard","meta":{"_uag_custom_page_level_css":"","_monsterinsights_skip_tracking":false,"_monsterinsights_sitenote_active":false,"_monsterinsights_sitenote_note":"","_monsterinsights_sitenote_category":0,"jetpack_post_was_ever_published":false,"_jetpack_newsletter_access":"","_jetpack_dont_email_post_to_subs":false,"_jetpack_newsletter_tier_id":0,"_jetpack_memberships_contains_paywalled_content":false,"_jetpack_memberships_contains_paid_content":false,"footnotes":"","jetpack_publicize_message":"","jetpack_publicize_feature_enabled":true,"jetpack_social_post_already_shared":true,"jetpack_social_options":{"image_generator_settings":{"template":"highway","default_image_id":0,"font":"","enabled":false},"version":2}},"categories":[200],"tags":[2120,1483,2388],"class_list":["post-21808","post","type-post","status-publish","format-standard","has-post-thumbnail","hentry","category-brasil","tag-coronavac","tag-covid-19","tag-imunizacao"],"jetpack_publicize_connections":[],"jetpack_featured_media_url":"https:\/\/blogopara.com.br\/wp-content\/uploads\/2021\/04\/image001-3-.jpg","uagb_featured_image_src":{"full":["https:\/\/blogopara.com.br\/wp-content\/uploads\/2021\/04\/image001-3-.jpg",500,281,false],"thumbnail":["https:\/\/blogopara.com.br\/wp-content\/uploads\/2021\/04\/image001-3--150x150.jpg",150,150,true],"medium":["https:\/\/blogopara.com.br\/wp-content\/uploads\/2021\/04\/image001-3--300x169.jpg",300,169,true],"medium_large":["https:\/\/blogopara.com.br\/wp-content\/uploads\/2021\/04\/image001-3-.jpg",500,281,false],"large":["https:\/\/blogopara.com.br\/wp-content\/uploads\/2021\/04\/image001-3-.jpg",500,281,false],"1536x1536":["https:\/\/blogopara.com.br\/wp-content\/uploads\/2021\/04\/image001-3-.jpg",500,281,false],"2048x2048":["https:\/\/blogopara.com.br\/wp-content\/uploads\/2021\/04\/image001-3-.jpg",500,281,false],"mantranews-slider-large":["https:\/\/blogopara.com.br\/wp-content\/uploads\/2021\/04\/image001-3-.jpg",500,281,false],"mantranews-featured-medium":["https:\/\/blogopara.com.br\/wp-content\/uploads\/2021\/04\/image001-3--420x281.jpg",420,281,true],"mantranews-featured-long":["https:\/\/blogopara.com.br\/wp-content\/uploads\/2021\/04\/image001-3--300x281.jpg",300,281,true],"mantranews-block-medium":["https:\/\/blogopara.com.br\/wp-content\/uploads\/2021\/04\/image001-3--464x281.jpg",464,281,true],"mantranews-carousel-image":["https:\/\/blogopara.com.br\/wp-content\/uploads\/2021\/04\/image001-3-.jpg",500,281,false],"mantranews-block-thumb":["https:\/\/blogopara.com.br\/wp-content\/uploads\/2021\/04\/image001-3--322x230.jpg",322,230,true],"mantranews-single-large":["https:\/\/blogopara.com.br\/wp-content\/uploads\/2021\/04\/image001-3-.jpg",500,281,false]},"uagb_author_info":{"display_name":"Reda\u00e7\u00e3o geral","author_link":"https:\/\/blogopara.com.br\/index.php\/author\/blogopara"},"uagb_comment_info":0,"uagb_excerpt":"Ap\u00f3s sequ\u00eancia de adiamentos, vacina\u00e7\u00e3o de adultos n\u00e3o priorit\u00e1rios s\u00f3 deve acontecer no segundo semestre de 2021; jovens com menos de 25 anos devem ficar para 2022, mas a previs\u00e3o tem mudado constantemente.","jetpack_sharing_enabled":true,"jetpack_likes_enabled":true,"_links":{"self":[{"href":"https:\/\/blogopara.com.br\/index.php\/wp-json\/wp\/v2\/posts\/21808","targetHints":{"allow":["GET"]}}],"collection":[{"href":"https:\/\/blogopara.com.br\/index.php\/wp-json\/wp\/v2\/posts"}],"about":[{"href":"https:\/\/blogopara.com.br\/index.php\/wp-json\/wp\/v2\/types\/post"}],"author":[{"embeddable":true,"href":"https:\/\/blogopara.com.br\/index.php\/wp-json\/wp\/v2\/users\/1"}],"replies":[{"embeddable":true,"href":"https:\/\/blogopara.com.br\/index.php\/wp-json\/wp\/v2\/comments?post=21808"}],"version-history":[{"count":1,"href":"https:\/\/blogopara.com.br\/index.php\/wp-json\/wp\/v2\/posts\/21808\/revisions"}],"predecessor-version":[{"id":21810,"href":"https:\/\/blogopara.com.br\/index.php\/wp-json\/wp\/v2\/posts\/21808\/revisions\/21810"}],"wp:featuredmedia":[{"embeddable":true,"href":"https:\/\/blogopara.com.br\/index.php\/wp-json\/wp\/v2\/media\/21809"}],"wp:attachment":[{"href":"https:\/\/blogopara.com.br\/index.php\/wp-json\/wp\/v2\/media?parent=21808"}],"wp:term":[{"taxonomy":"category","embeddable":true,"href":"https:\/\/blogopara.com.br\/index.php\/wp-json\/wp\/v2\/categories?post=21808"},{"taxonomy":"post_tag","embeddable":true,"href":"https:\/\/blogopara.com.br\/index.php\/wp-json\/wp\/v2\/tags?post=21808"}],"curies":[{"name":"wp","href":"https:\/\/api.w.org\/{rel}","templated":true}]}}