{"id":21814,"date":"2021-04-12T07:45:00","date_gmt":"2021-04-12T10:45:00","guid":{"rendered":"https:\/\/blogopara.com.br\/?p=21814"},"modified":"2021-04-11T11:38:02","modified_gmt":"2021-04-11T14:38:02","slug":"jornada-pedagogica-com-participacao-de-braulio-bessa-marcara-inicio-do-ano-letivo-em-juazeiro-nessa-segunda-feira","status":"publish","type":"post","link":"https:\/\/blogopara.com.br\/index.php\/2021\/04\/12\/jornada-pedagogica-com-participacao-de-braulio-bessa-marcara-inicio-do-ano-letivo-em-juazeiro-nessa-segunda-feira","title":{"rendered":"Jornada Pedag\u00f3gica com participa\u00e7\u00e3o de Br\u00e1ulio Bessa marcar\u00e1 in\u00edcio do ano letivo em Juazeiro nessa segunda-feira"},"content":{"rendered":"<p class=\"x_MsoNormal\" style=\"text-align: justify;\">A Prefeitura de Juazeiro, atrav\u00e9s da Secretaria de Educa\u00e7\u00e3o e Juventude (Seduc), dar\u00e1 continuidade \u00e0 programa\u00e7\u00e3o da Jornada Pedag\u00f3gica 2021 nessa segunda-feira (12). As palestras acontecer\u00e3o durante todo dia, a partir das 8h, e entre os convidados ter\u00e1 a participa\u00e7\u00e3o do poeta, cordelista e palestrante, Bra\u00falio Bessa.<\/p>\n<p class=\"x_MsoNormal\" style=\"text-align: justify;\">A programa\u00e7\u00e3o marca o in\u00edcio do ano letivo na Rede Municipal de ensino e ser\u00e3o abordados temas voltados para diversos p\u00fablicos, desde a Educa\u00e7\u00e3o Infantil \u00e0 Educa\u00e7\u00e3o de Jovens e Adultos (EJA), at\u00e9 \u00e0s fam\u00edlias dos estudantes. O evento ser\u00e1 transmitido atrav\u00e9s do canal Seduc Juazeiro-BA, no YouTube.\u00a0<\/p>\n<p class=\"x_MsoNormal\" style=\"text-align: justify;\">A programa\u00e7\u00e3o completa com o p\u00fablico, hor\u00e1rio e links para acesso segue abaixo.<\/p>\n<p class=\"x_MsoNormal\" style=\"text-align: justify;\"><b>Programa\u00e7\u00e3o<\/b><\/p>\n<p class=\"x_MsoNormal\" style=\"text-align: justify;\">Dia 12<\/p>\n<p class=\"x_MsoNormal\" style=\"text-align: justify;\">Tema: \u201cSe essa escola fosse minha\u201d, 8h &#8211; Viviane Br\u00e1s<\/p>\n<p class=\"x_MsoNormal\" style=\"text-align: justify;\">P\u00fablico: Educa\u00e7\u00e3o Infantil<\/p>\n<p class=\"x_MsoNormal\" style=\"text-align: justify;\">Link:\u00a0<a href=\"https:\/\/www.youtube.com\/watch?v=nGZ-nIlZ3ZE\" target=\"_blank\" rel=\"noopener noreferrer\" data-auth=\"NotApplicable\" data-linkindex=\"0\">https:\/\/www.youtube.com\/watch?v=nGZ-nIlZ3ZE<\/a><\/p>\n<p class=\"x_MsoNormal\" style=\"text-align: justify;\">Tema: \u201cNuvem de Algod\u00e3o: uma viagem pela imagina\u00e7\u00e3o\u201d, 9h e 13h &#8211; Tham\u00edris Cavalcanti<\/p>\n<p class=\"x_MsoNormal\" style=\"text-align: justify;\">Tema: \u201cHist\u00f3rias que me contaram\u201d &#8211; Adriana Campana<\/p>\n<p class=\"x_MsoNormal\" style=\"text-align: justify;\">P\u00fablico: Anos Iniciais<\/p>\n<p class=\"x_MsoNormal\" style=\"text-align: justify;\">Link 9h:\u00a0<a href=\"https:\/\/www.youtube.com\/watch?v=_DR3d4YOhec\" target=\"_blank\" rel=\"noopener noreferrer\" data-auth=\"NotApplicable\" data-linkindex=\"1\">https:\/\/www.youtube.com\/watch?v=_DR3d4YOhec<\/a><\/p>\n<p class=\"x_MsoNormal\" style=\"text-align: justify;\">Link 13h:\u00a0<a href=\"https:\/\/www.youtube.com\/watch?v=ZfY3cxlCZgM\" target=\"_blank\" rel=\"noopener noreferrer\" data-auth=\"NotApplicable\" data-linkindex=\"2\">https:\/\/www.youtube.com\/watch?v=ZfY3cxlCZgM<\/a><\/p>\n<p class=\"x_MsoNormal\" style=\"text-align: justify;\">\u201cSoft Skills \u2013 Metodologias Comportamentais\u201d, 10h &#8211; Nicola Andrian<\/p>\n<p class=\"x_MsoNormal\" style=\"text-align: justify;\">P\u00fablico: Equipe Gestora<\/p>\n<p class=\"x_MsoNormal\" style=\"text-align: justify;\">Link:\u00a0<a href=\"https:\/\/www.youtube.com\/watch?v=ofmzn5WhCF4\" target=\"_blank\" rel=\"noopener noreferrer\" data-auth=\"NotApplicable\" data-linkindex=\"3\">https:\/\/www.youtube.com\/watch?v=ofmzn5WhCF4<\/a><\/p>\n<p class=\"x_MsoNormal\" style=\"text-align: justify;\">Tema: \u201c Iluminando mentes, prateando cora\u00e7\u00f5es\u201d, 14h &#8211; Diedson Alves<\/p>\n<p class=\"x_MsoNormal\" style=\"text-align: justify;\">P\u00fablico: Anos Finais<\/p>\n<p class=\"x_MsoNormal\" style=\"text-align: justify;\">Apresenta\u00e7\u00e3o Cultural: Maviael Melo<\/p>\n<p class=\"x_MsoNormal\" style=\"text-align: justify;\">Link:\u00a0<a href=\"https:\/\/www.youtube.com\/watch?v=rjzQKldW1M0\" target=\"_blank\" rel=\"noopener noreferrer\" data-auth=\"NotApplicable\" data-linkindex=\"4\">https:\/\/www.youtube.com\/watch?v=rjzQKldW1M0<\/a><\/p>\n<p class=\"x_MsoNormal\" style=\"text-align: justify;\">Tema: \u201cSejamos muitos e um s\u00f3\u201d, 15h e 19h &#8211; Alessandro Marimpietri<\/p>\n<p class=\"x_MsoNormal\" style=\"text-align: justify;\">P\u00fablico: Fam\u00edlia<\/p>\n<p class=\"x_MsoNormal\" style=\"text-align: justify;\">Link 15h:\u00a0<a href=\"https:\/\/www.youtube.com\/watch?v=DimrrUaP-2E\" target=\"_blank\" rel=\"noopener noreferrer\" data-auth=\"NotApplicable\" data-linkindex=\"5\">https:\/\/www.youtube.com\/watch?v=DimrrUaP-2E<\/a><\/p>\n<p class=\"x_MsoNormal\" style=\"text-align: justify;\">Link 19h:\u00a0<a href=\"https:\/\/www.youtube.com\/watch?v=YRihVsVXjjg\" target=\"_blank\" rel=\"noopener noreferrer\" data-auth=\"NotApplicable\" data-linkindex=\"6\">https:\/\/www.youtube.com\/watch?v=YRihVsVXjjg<\/a><\/p>\n<p class=\"x_MsoNormal\" style=\"text-align: justify;\">Tema: \u201cContextos e Cotidianos da Vida\u201d, 20h &#8211; Br\u00e1ulio Bessa<\/p>\n<p class=\"x_MsoNormal\" style=\"text-align: justify;\">P\u00fablico: Educa\u00e7\u00e3o de Jovens e Adultos (EJA)<\/p>\n<p class=\"x_MsoNormal\" style=\"text-align: justify;\">Link:\u00a0<a href=\"https:\/\/youtu.be\/vLx_hUhHoXg\" target=\"_blank\" rel=\"noopener noreferrer\" data-auth=\"NotApplicable\" data-linkindex=\"7\">https:\/\/youtu.be\/vLx_hUhHoXg<\/a><\/p>\n<p>ASCOM PMJ<\/p>\n\n\n<p><\/p>\n","protected":false},"excerpt":{"rendered":"<p>A Prefeitura de Juazeiro, atrav\u00e9s da Secretaria de Educa\u00e7\u00e3o e Juventude (Seduc), dar\u00e1 continuidade \u00e0 programa\u00e7\u00e3o da Jornada Pedag\u00f3gica 2021 nessa segunda-feira (12). As palestras acontecer\u00e3o durante todo dia, a partir das 8h, e entre os convidados ter\u00e1 a participa\u00e7\u00e3o do poeta, cordelista e palestrante, Bra\u00falio Bessa. A programa\u00e7\u00e3o marca o in\u00edcio do ano letivo [&hellip;]<\/p>\n","protected":false},"author":1,"featured_media":21815,"comment_status":"open","ping_status":"open","sticky":false,"template":"","format":"standard","meta":{"_uag_custom_page_level_css":"","_monsterinsights_skip_tracking":false,"_monsterinsights_sitenote_active":false,"_monsterinsights_sitenote_note":"","_monsterinsights_sitenote_category":0,"jetpack_post_was_ever_published":false,"_jetpack_newsletter_access":"","_jetpack_dont_email_post_to_subs":false,"_jetpack_newsletter_tier_id":0,"_jetpack_memberships_contains_paywalled_content":false,"_jetpack_memberships_contains_paid_content":false,"footnotes":"","jetpack_publicize_message":"","jetpack_publicize_feature_enabled":true,"jetpack_social_post_already_shared":true,"jetpack_social_options":{"image_generator_settings":{"template":"highway","default_image_id":0,"font":"","enabled":false},"version":2}},"categories":[209],"tags":[],"class_list":["post-21814","post","type-post","status-publish","format-standard","has-post-thumbnail","hentry","category-educacao"],"jetpack_publicize_connections":[],"jetpack_featured_media_url":"https:\/\/blogopara.com.br\/wp-content\/uploads\/2021\/04\/card-braulio.jpeg","uagb_featured_image_src":{"full":["https:\/\/blogopara.com.br\/wp-content\/uploads\/2021\/04\/card-braulio.jpeg",500,499,false],"thumbnail":["https:\/\/blogopara.com.br\/wp-content\/uploads\/2021\/04\/card-braulio-150x150.jpeg",150,150,true],"medium":["https:\/\/blogopara.com.br\/wp-content\/uploads\/2021\/04\/card-braulio-300x300.jpeg",300,300,true],"medium_large":["https:\/\/blogopara.com.br\/wp-content\/uploads\/2021\/04\/card-braulio.jpeg",500,499,false],"large":["https:\/\/blogopara.com.br\/wp-content\/uploads\/2021\/04\/card-braulio.jpeg",500,499,false],"1536x1536":["https:\/\/blogopara.com.br\/wp-content\/uploads\/2021\/04\/card-braulio.jpeg",500,499,false],"2048x2048":["https:\/\/blogopara.com.br\/wp-content\/uploads\/2021\/04\/card-braulio.jpeg",500,499,false],"mantranews-slider-large":["https:\/\/blogopara.com.br\/wp-content\/uploads\/2021\/04\/card-braulio.jpeg",500,499,false],"mantranews-featured-medium":["https:\/\/blogopara.com.br\/wp-content\/uploads\/2021\/04\/card-braulio-420x307.jpeg",420,307,true],"mantranews-featured-long":["https:\/\/blogopara.com.br\/wp-content\/uploads\/2021\/04\/card-braulio-300x443.jpeg",300,443,true],"mantranews-block-medium":["https:\/\/blogopara.com.br\/wp-content\/uploads\/2021\/04\/card-braulio-464x290.jpeg",464,290,true],"mantranews-carousel-image":["https:\/\/blogopara.com.br\/wp-content\/uploads\/2021\/04\/card-braulio.jpeg",500,499,false],"mantranews-block-thumb":["https:\/\/blogopara.com.br\/wp-content\/uploads\/2021\/04\/card-braulio-322x230.jpeg",322,230,true],"mantranews-single-large":["https:\/\/blogopara.com.br\/wp-content\/uploads\/2021\/04\/card-braulio.jpeg",500,499,false]},"uagb_author_info":{"display_name":"Reda\u00e7\u00e3o geral","author_link":"https:\/\/blogopara.com.br\/index.php\/author\/blogopara"},"uagb_comment_info":0,"uagb_excerpt":"A Prefeitura de Juazeiro, atrav\u00e9s da Secretaria de Educa\u00e7\u00e3o e Juventude (Seduc), dar\u00e1 continuidade \u00e0 programa\u00e7\u00e3o da Jornada Pedag\u00f3gica 2021 nessa segunda-feira (12). As palestras acontecer\u00e3o durante todo dia, a partir das 8h, e entre os convidados ter\u00e1 a participa\u00e7\u00e3o do poeta, cordelista e palestrante, Bra\u00falio Bessa. A programa\u00e7\u00e3o marca o in\u00edcio do ano letivo&hellip;","jetpack_sharing_enabled":true,"jetpack_likes_enabled":true,"_links":{"self":[{"href":"https:\/\/blogopara.com.br\/index.php\/wp-json\/wp\/v2\/posts\/21814","targetHints":{"allow":["GET"]}}],"collection":[{"href":"https:\/\/blogopara.com.br\/index.php\/wp-json\/wp\/v2\/posts"}],"about":[{"href":"https:\/\/blogopara.com.br\/index.php\/wp-json\/wp\/v2\/types\/post"}],"author":[{"embeddable":true,"href":"https:\/\/blogopara.com.br\/index.php\/wp-json\/wp\/v2\/users\/1"}],"replies":[{"embeddable":true,"href":"https:\/\/blogopara.com.br\/index.php\/wp-json\/wp\/v2\/comments?post=21814"}],"version-history":[{"count":1,"href":"https:\/\/blogopara.com.br\/index.php\/wp-json\/wp\/v2\/posts\/21814\/revisions"}],"predecessor-version":[{"id":21816,"href":"https:\/\/blogopara.com.br\/index.php\/wp-json\/wp\/v2\/posts\/21814\/revisions\/21816"}],"wp:featuredmedia":[{"embeddable":true,"href":"https:\/\/blogopara.com.br\/index.php\/wp-json\/wp\/v2\/media\/21815"}],"wp:attachment":[{"href":"https:\/\/blogopara.com.br\/index.php\/wp-json\/wp\/v2\/media?parent=21814"}],"wp:term":[{"taxonomy":"category","embeddable":true,"href":"https:\/\/blogopara.com.br\/index.php\/wp-json\/wp\/v2\/categories?post=21814"},{"taxonomy":"post_tag","embeddable":true,"href":"https:\/\/blogopara.com.br\/index.php\/wp-json\/wp\/v2\/tags?post=21814"}],"curies":[{"name":"wp","href":"https:\/\/api.w.org\/{rel}","templated":true}]}}