{"id":21830,"date":"2021-04-12T14:35:26","date_gmt":"2021-04-12T17:35:26","guid":{"rendered":"https:\/\/blogopara.com.br\/?p=21830"},"modified":"2021-04-12T14:35:30","modified_gmt":"2021-04-12T17:35:30","slug":"policial-militar-e-preso-apos-fazer-funcionaria-da-gol-refem-em-aeroporto","status":"publish","type":"post","link":"https:\/\/blogopara.com.br\/index.php\/2021\/04\/12\/policial-militar-e-preso-apos-fazer-funcionaria-da-gol-refem-em-aeroporto","title":{"rendered":"Policial militar \u00e9 preso ap\u00f3s fazer funcion\u00e1ria da Gol ref\u00e9m em aeroporto"},"content":{"rendered":"<p style=\"text-align: justify;\">Um policial militar foi preso na noite desse domingo (11) pela Pol\u00edcia Federal, ap\u00f3s fazer ref\u00e9m uma funcion\u00e1ria da companhia a\u00e9rea GOL no Aeroporto de Guarulhos, em S\u00e3o Paulo.<\/p>\n<div id=\"div-gpt-ad-bn_principal_conteudo\" data-google-query-id=\"CKPPpKKe-e8CFbQcwwodpicLow\">\n<p style=\"text-align: justify;\">Segundo a CNN Brasil, o\u00a0homem usava uma caneta para amea\u00e7ar a v\u00edtima e afirmava carregar uma bomba na mochila. Ele tamb\u00e9m exigia a presen\u00e7a de policiais que atuam no terminal e o envio das imagens \u00e0 imprensa.<\/p>\n<p style=\"text-align: justify;\">O agressor se rendeu ap\u00f3s r\u00e1pida negocia\u00e7\u00e3o e liberou a v\u00edtima, que n\u00e3o se feriu. Ele foi detido, e a pol\u00edcia apura a motiva\u00e7\u00e3o das amea\u00e7as. Segundo a PF, o homem teve um surto.<\/p>\n<p style=\"text-align: justify;\">Em nota, a GOL afirmou que est\u00e1 dando todo o suporte necess\u00e1rio \u00e0 colaboradora. A GRU Airport, concession\u00e1ria que administra o aeroporto, confirmou o caso e disse que a &#8220;ocorr\u00eancia foi controlada em poucos minutos pela Pol\u00edcia Federal, em total seguran\u00e7a, e n\u00e3o houve feridos&#8221;.<\/p>\n<div>\n<div id=\"denakop-ad-245377853984293\" style=\"text-align: justify;\" data-google-query-id=\"CNuBnKKe-e8CFfYF0AQdG_MCJg\">\n<div class=\"twitter-tweet twitter-tweet-rendered\"><iframe id=\"twitter-widget-0\" class=\"\" title=\"Twitter Tweet\" src=\"https:\/\/platform.twitter.com\/embed\/Tweet.html?dnt=false&amp;embedId=twitter-widget-0&amp;features=eyJ0ZndfZXhwZXJpbWVudHNfY29va2llX2V4cGlyYXRpb24iOnsiYnVja2V0IjoxMjA5NjAwLCJ2ZXJzaW9uIjpudWxsfSwidGZ3X2hvcml6b25fdHdlZXRfZW1iZWRfOTU1NSI6eyJidWNrZXQiOiJodGUiLCJ2ZXJzaW9uIjpudWxsfX0%3D&amp;frame=false&amp;hideCard=false&amp;hideThread=false&amp;id=1381551087556169730&amp;lang=pt&amp;origin=https%3A%2F%2Fwww.bahianoticias.com.br%2Fnoticia%2F258115-policial-militar-e-preso-apos-fazer-funcionaria-da-gol-refem-em-aeroporto.html&amp;sessionId=77919bd3a8af1f460925725bea75207deeb0a9f2&amp;siteScreenName=bahianoticias&amp;theme=light&amp;widgetsVersion=1ead0c7%3A1617660954974&amp;width=550px\" frameborder=\"0\" scrolling=\"no\" allowfullscreen=\"allowfullscreen\" data-tweet-id=\"1381551087556169730\"><\/iframe><\/div>\n<\/div>\n<\/div>\n<\/div>\n","protected":false},"excerpt":{"rendered":"<p>Um policial militar foi preso na noite desse domingo (11) pela Pol\u00edcia Federal, ap\u00f3s fazer ref\u00e9m uma funcion\u00e1ria da companhia a\u00e9rea GOL no Aeroporto de Guarulhos, em S\u00e3o Paulo. Segundo a CNN Brasil, o\u00a0homem usava uma caneta para amea\u00e7ar a v\u00edtima e afirmava carregar uma bomba na mochila. Ele tamb\u00e9m exigia a presen\u00e7a de policiais [&hellip;]<\/p>\n","protected":false},"author":1,"featured_media":21831,"comment_status":"open","ping_status":"open","sticky":false,"template":"","format":"standard","meta":{"_uag_custom_page_level_css":"","_monsterinsights_skip_tracking":false,"_monsterinsights_sitenote_active":false,"_monsterinsights_sitenote_note":"","_monsterinsights_sitenote_category":0,"jetpack_post_was_ever_published":false,"_jetpack_newsletter_access":"","_jetpack_dont_email_post_to_subs":false,"_jetpack_newsletter_tier_id":0,"_jetpack_memberships_contains_paywalled_content":false,"_jetpack_memberships_contains_paid_content":false,"footnotes":"","jetpack_publicize_message":"","jetpack_publicize_feature_enabled":true,"jetpack_social_post_already_shared":true,"jetpack_social_options":{"image_generator_settings":{"template":"highway","default_image_id":0,"font":"","enabled":false},"version":2}},"categories":[203],"tags":[1548,1264,621],"class_list":["post-21830","post","type-post","status-publish","format-standard","has-post-thumbnail","hentry","category-juazeiro","tag-aeroporto","tag-policial","tag-surto"],"jetpack_publicize_connections":[],"jetpack_featured_media_url":"https:\/\/blogopara.com.br\/wp-content\/uploads\/2021\/04\/IMAGEM_NOTICIA_5-4.jpg","uagb_featured_image_src":{"full":["https:\/\/blogopara.com.br\/wp-content\/uploads\/2021\/04\/IMAGEM_NOTICIA_5-4.jpg",400,294,false],"thumbnail":["https:\/\/blogopara.com.br\/wp-content\/uploads\/2021\/04\/IMAGEM_NOTICIA_5-4-150x150.jpg",150,150,true],"medium":["https:\/\/blogopara.com.br\/wp-content\/uploads\/2021\/04\/IMAGEM_NOTICIA_5-4-300x221.jpg",300,221,true],"medium_large":["https:\/\/blogopara.com.br\/wp-content\/uploads\/2021\/04\/IMAGEM_NOTICIA_5-4.jpg",400,294,false],"large":["https:\/\/blogopara.com.br\/wp-content\/uploads\/2021\/04\/IMAGEM_NOTICIA_5-4.jpg",400,294,false],"1536x1536":["https:\/\/blogopara.com.br\/wp-content\/uploads\/2021\/04\/IMAGEM_NOTICIA_5-4.jpg",400,294,false],"2048x2048":["https:\/\/blogopara.com.br\/wp-content\/uploads\/2021\/04\/IMAGEM_NOTICIA_5-4.jpg",400,294,false],"mantranews-slider-large":["https:\/\/blogopara.com.br\/wp-content\/uploads\/2021\/04\/IMAGEM_NOTICIA_5-4.jpg",400,294,false],"mantranews-featured-medium":["https:\/\/blogopara.com.br\/wp-content\/uploads\/2021\/04\/IMAGEM_NOTICIA_5-4.jpg",400,294,false],"mantranews-featured-long":["https:\/\/blogopara.com.br\/wp-content\/uploads\/2021\/04\/IMAGEM_NOTICIA_5-4-300x294.jpg",300,294,true],"mantranews-block-medium":["https:\/\/blogopara.com.br\/wp-content\/uploads\/2021\/04\/IMAGEM_NOTICIA_5-4-400x290.jpg",400,290,true],"mantranews-carousel-image":["https:\/\/blogopara.com.br\/wp-content\/uploads\/2021\/04\/IMAGEM_NOTICIA_5-4.jpg",400,294,false],"mantranews-block-thumb":["https:\/\/blogopara.com.br\/wp-content\/uploads\/2021\/04\/IMAGEM_NOTICIA_5-4-322x230.jpg",322,230,true],"mantranews-single-large":["https:\/\/blogopara.com.br\/wp-content\/uploads\/2021\/04\/IMAGEM_NOTICIA_5-4.jpg",400,294,false]},"uagb_author_info":{"display_name":"Reda\u00e7\u00e3o geral","author_link":"https:\/\/blogopara.com.br\/index.php\/author\/blogopara"},"uagb_comment_info":0,"uagb_excerpt":"Um policial militar foi preso na noite desse domingo (11) pela Pol\u00edcia Federal, ap\u00f3s fazer ref\u00e9m uma funcion\u00e1ria da companhia a\u00e9rea GOL no Aeroporto de Guarulhos, em S\u00e3o Paulo. Segundo a CNN Brasil, o\u00a0homem usava uma caneta para amea\u00e7ar a v\u00edtima e afirmava carregar uma bomba na mochila. Ele tamb\u00e9m exigia a presen\u00e7a de policiais&hellip;","jetpack_sharing_enabled":true,"jetpack_likes_enabled":true,"_links":{"self":[{"href":"https:\/\/blogopara.com.br\/index.php\/wp-json\/wp\/v2\/posts\/21830","targetHints":{"allow":["GET"]}}],"collection":[{"href":"https:\/\/blogopara.com.br\/index.php\/wp-json\/wp\/v2\/posts"}],"about":[{"href":"https:\/\/blogopara.com.br\/index.php\/wp-json\/wp\/v2\/types\/post"}],"author":[{"embeddable":true,"href":"https:\/\/blogopara.com.br\/index.php\/wp-json\/wp\/v2\/users\/1"}],"replies":[{"embeddable":true,"href":"https:\/\/blogopara.com.br\/index.php\/wp-json\/wp\/v2\/comments?post=21830"}],"version-history":[{"count":1,"href":"https:\/\/blogopara.com.br\/index.php\/wp-json\/wp\/v2\/posts\/21830\/revisions"}],"predecessor-version":[{"id":21832,"href":"https:\/\/blogopara.com.br\/index.php\/wp-json\/wp\/v2\/posts\/21830\/revisions\/21832"}],"wp:featuredmedia":[{"embeddable":true,"href":"https:\/\/blogopara.com.br\/index.php\/wp-json\/wp\/v2\/media\/21831"}],"wp:attachment":[{"href":"https:\/\/blogopara.com.br\/index.php\/wp-json\/wp\/v2\/media?parent=21830"}],"wp:term":[{"taxonomy":"category","embeddable":true,"href":"https:\/\/blogopara.com.br\/index.php\/wp-json\/wp\/v2\/categories?post=21830"},{"taxonomy":"post_tag","embeddable":true,"href":"https:\/\/blogopara.com.br\/index.php\/wp-json\/wp\/v2\/tags?post=21830"}],"curies":[{"name":"wp","href":"https:\/\/api.w.org\/{rel}","templated":true}]}}