{"id":21853,"date":"2021-04-14T15:02:00","date_gmt":"2021-04-14T18:02:00","guid":{"rendered":"https:\/\/blogopara.com.br\/?p=21853"},"modified":"2021-04-12T15:04:41","modified_gmt":"2021-04-12T18:04:41","slug":"prefeitura-de-juazeiro-prossegue-com-trabalho-de-reestruturacao-das-unidades-basicas-de-saude-do-municipio","status":"publish","type":"post","link":"https:\/\/blogopara.com.br\/index.php\/2021\/04\/14\/prefeitura-de-juazeiro-prossegue-com-trabalho-de-reestruturacao-das-unidades-basicas-de-saude-do-municipio","title":{"rendered":"Prefeitura de Juazeiro prossegue com trabalho de reestrutura\u00e7\u00e3o das Unidades B\u00e1sicas de Sa\u00fade do munic\u00edpio"},"content":{"rendered":"<p style=\"text-align: justify;\">A Prefeitura de Juazeiro prossegue executando trabalhos de melhorias nas Unidades B\u00e1sicas de Sa\u00fade (UBS) do munic\u00edpio. No interior, j\u00e1 est\u00e1 pronta a UBS de Carna\u00edba de Dentro, que estava fechada h\u00e1 seis meses e ser\u00e1 reaberta para a popula\u00e7\u00e3o local, que \u00e9 de quase tr\u00eas mil pessoas. A UBS do distrito de Juremal tamb\u00e9m ganhou pintura nova e j\u00e1 est\u00e1 com as cores da nova gest\u00e3o.<\/p>\n<p>O cronograma da Secretaria Municipal de Sa\u00fade (Sesau), prev\u00ea para este m\u00eas de mar\u00e7o, a pintura das unidades b\u00e1sicas dos bairros S\u00e3o Geraldo, Jardim Fl\u00f3rida, Jardim Vit\u00f3ria, Pedra do Lord, Quid\u00e9 e Tabuleiro.<\/p>\n<p>Al\u00e9m da pintura, a UBS do Tabuleiro precisou de reestrutura\u00e7\u00e3o de toda a parte el\u00e9trica, que a Prefeitura de Juazeiro, junto com a Coelba, fizeram para melhorar a distribui\u00e7\u00e3o de energia para atender a demanda da unidade. \u201c<i>H\u00e1 mais de dois anos tinha um problema na rede el\u00e9trica, na estrutura interna da UBS, que os funcion\u00e1rios da Sesau resolveram, trocando toda a fia\u00e7\u00e3o da unidade de sa\u00fade, e \u00a0parceria com a Coelba, do lado de fora com a rede de distribui\u00e7\u00e3o\u201d,<\/i>\u00a0explica o diretor de Transportes, Bens e Servi\u00e7os da Sesau, Luiz Fernando Lima.<\/p>\n<p>Na UBS do S\u00e3o Geraldo, o Minist\u00e9rio P\u00fablico do Estado (MPBA) pediu reparos na estrutura da unidade numa recomenda\u00e7\u00e3o em 2018. A Prefeitura de Juazeiro vai atender a orienta\u00e7\u00e3o, com as readequa\u00e7\u00f5es necess\u00e1rias.<\/p>\n","protected":false},"excerpt":{"rendered":"<p>A Prefeitura de Juazeiro prossegue executando trabalhos de melhorias nas Unidades B\u00e1sicas de Sa\u00fade (UBS) do munic\u00edpio. No interior, j\u00e1 est\u00e1 pronta a UBS de Carna\u00edba de Dentro, que estava fechada h\u00e1 seis meses e ser\u00e1 reaberta para a popula\u00e7\u00e3o local, que \u00e9 de quase tr\u00eas mil pessoas. A UBS do distrito de Juremal tamb\u00e9m [&hellip;]<\/p>\n","protected":false},"author":1,"featured_media":21854,"comment_status":"open","ping_status":"open","sticky":false,"template":"","format":"standard","meta":{"_uag_custom_page_level_css":"","_monsterinsights_skip_tracking":false,"_monsterinsights_sitenote_active":false,"_monsterinsights_sitenote_note":"","_monsterinsights_sitenote_category":0,"jetpack_post_was_ever_published":false,"_jetpack_newsletter_access":"","_jetpack_dont_email_post_to_subs":false,"_jetpack_newsletter_tier_id":0,"_jetpack_memberships_contains_paywalled_content":false,"_jetpack_memberships_contains_paid_content":false,"footnotes":"","jetpack_publicize_message":"","jetpack_publicize_feature_enabled":true,"jetpack_social_post_already_shared":true,"jetpack_social_options":{"image_generator_settings":{"template":"highway","default_image_id":0,"font":"","enabled":false},"version":2}},"categories":[217,205],"tags":[1257,1508,669],"class_list":["post-21853","post","type-post","status-publish","format-standard","has-post-thumbnail","hentry","category-juremal","category-saude","tag-reforma","tag-suzana-ramos","tag-ubs"],"jetpack_publicize_connections":[],"jetpack_featured_media_url":"https:\/\/blogopara.com.br\/wp-content\/uploads\/2021\/04\/thumbnail_UBS-JUREMAL-2.jpg","uagb_featured_image_src":{"full":["https:\/\/blogopara.com.br\/wp-content\/uploads\/2021\/04\/thumbnail_UBS-JUREMAL-2.jpg",500,375,false],"thumbnail":["https:\/\/blogopara.com.br\/wp-content\/uploads\/2021\/04\/thumbnail_UBS-JUREMAL-2-150x150.jpg",150,150,true],"medium":["https:\/\/blogopara.com.br\/wp-content\/uploads\/2021\/04\/thumbnail_UBS-JUREMAL-2-300x225.jpg",300,225,true],"medium_large":["https:\/\/blogopara.com.br\/wp-content\/uploads\/2021\/04\/thumbnail_UBS-JUREMAL-2.jpg",500,375,false],"large":["https:\/\/blogopara.com.br\/wp-content\/uploads\/2021\/04\/thumbnail_UBS-JUREMAL-2.jpg",500,375,false],"1536x1536":["https:\/\/blogopara.com.br\/wp-content\/uploads\/2021\/04\/thumbnail_UBS-JUREMAL-2.jpg",500,375,false],"2048x2048":["https:\/\/blogopara.com.br\/wp-content\/uploads\/2021\/04\/thumbnail_UBS-JUREMAL-2.jpg",500,375,false],"mantranews-slider-large":["https:\/\/blogopara.com.br\/wp-content\/uploads\/2021\/04\/thumbnail_UBS-JUREMAL-2.jpg",500,375,false],"mantranews-featured-medium":["https:\/\/blogopara.com.br\/wp-content\/uploads\/2021\/04\/thumbnail_UBS-JUREMAL-2-420x307.jpg",420,307,true],"mantranews-featured-long":["https:\/\/blogopara.com.br\/wp-content\/uploads\/2021\/04\/thumbnail_UBS-JUREMAL-2-300x375.jpg",300,375,true],"mantranews-block-medium":["https:\/\/blogopara.com.br\/wp-content\/uploads\/2021\/04\/thumbnail_UBS-JUREMAL-2-464x290.jpg",464,290,true],"mantranews-carousel-image":["https:\/\/blogopara.com.br\/wp-content\/uploads\/2021\/04\/thumbnail_UBS-JUREMAL-2.jpg",500,375,false],"mantranews-block-thumb":["https:\/\/blogopara.com.br\/wp-content\/uploads\/2021\/04\/thumbnail_UBS-JUREMAL-2-322x230.jpg",322,230,true],"mantranews-single-large":["https:\/\/blogopara.com.br\/wp-content\/uploads\/2021\/04\/thumbnail_UBS-JUREMAL-2.jpg",500,375,false]},"uagb_author_info":{"display_name":"Reda\u00e7\u00e3o geral","author_link":"https:\/\/blogopara.com.br\/index.php\/author\/blogopara"},"uagb_comment_info":0,"uagb_excerpt":"A Prefeitura de Juazeiro prossegue executando trabalhos de melhorias nas Unidades B\u00e1sicas de Sa\u00fade (UBS) do munic\u00edpio. No interior, j\u00e1 est\u00e1 pronta a UBS de Carna\u00edba de Dentro, que estava fechada h\u00e1 seis meses e ser\u00e1 reaberta para a popula\u00e7\u00e3o local, que \u00e9 de quase tr\u00eas mil pessoas. A UBS do distrito de Juremal tamb\u00e9m&hellip;","jetpack_sharing_enabled":true,"jetpack_likes_enabled":true,"_links":{"self":[{"href":"https:\/\/blogopara.com.br\/index.php\/wp-json\/wp\/v2\/posts\/21853","targetHints":{"allow":["GET"]}}],"collection":[{"href":"https:\/\/blogopara.com.br\/index.php\/wp-json\/wp\/v2\/posts"}],"about":[{"href":"https:\/\/blogopara.com.br\/index.php\/wp-json\/wp\/v2\/types\/post"}],"author":[{"embeddable":true,"href":"https:\/\/blogopara.com.br\/index.php\/wp-json\/wp\/v2\/users\/1"}],"replies":[{"embeddable":true,"href":"https:\/\/blogopara.com.br\/index.php\/wp-json\/wp\/v2\/comments?post=21853"}],"version-history":[{"count":1,"href":"https:\/\/blogopara.com.br\/index.php\/wp-json\/wp\/v2\/posts\/21853\/revisions"}],"predecessor-version":[{"id":21855,"href":"https:\/\/blogopara.com.br\/index.php\/wp-json\/wp\/v2\/posts\/21853\/revisions\/21855"}],"wp:featuredmedia":[{"embeddable":true,"href":"https:\/\/blogopara.com.br\/index.php\/wp-json\/wp\/v2\/media\/21854"}],"wp:attachment":[{"href":"https:\/\/blogopara.com.br\/index.php\/wp-json\/wp\/v2\/media?parent=21853"}],"wp:term":[{"taxonomy":"category","embeddable":true,"href":"https:\/\/blogopara.com.br\/index.php\/wp-json\/wp\/v2\/categories?post=21853"},{"taxonomy":"post_tag","embeddable":true,"href":"https:\/\/blogopara.com.br\/index.php\/wp-json\/wp\/v2\/tags?post=21853"}],"curies":[{"name":"wp","href":"https:\/\/api.w.org\/{rel}","templated":true}]}}