{"id":21930,"date":"2021-04-15T10:53:00","date_gmt":"2021-04-15T13:53:00","guid":{"rendered":"https:\/\/blogopara.com.br\/?p=21930"},"modified":"2021-04-14T15:58:08","modified_gmt":"2021-04-14T18:58:08","slug":"juazeiro-comissao-representante-dos-inscritos-no-processo-seletivo-da-educacao-se-reune-com-a-prefeita","status":"publish","type":"post","link":"https:\/\/blogopara.com.br\/index.php\/2021\/04\/15\/juazeiro-comissao-representante-dos-inscritos-no-processo-seletivo-da-educacao-se-reune-com-a-prefeita","title":{"rendered":"Juazeiro: Comiss\u00e3o representante dos inscritos no Processo Seletivo da Educa\u00e7\u00e3o se re\u00fane com a prefeita"},"content":{"rendered":"<p class=\"x_MsoNormal\" style=\"text-align: justify;\">A prefeita de Juazeiro, Suzana Ramos, a secret\u00e1ria de Educa\u00e7\u00e3o e Juventude, Normeide Almeida, e a Comiss\u00e3o Organizadora e Avaliadora do Processo Seletivo Simplificado da Educa\u00e7\u00e3o, se reuniram com representantes dos inscritos no processo seletivo.\u00a0 Durante o encontro, que aconteceu nesta quarta-feira (14) no gabinete da prefeita, o grupo discutiu demandas da categoria, relacionadas ao Edital 02\/2021, e alinharam encaminhamentos futuros.<\/p>\n<p class=\"x_MsoNormal\" style=\"text-align: justify;\">A prefeita Suzana Ramos destacou a import\u00e2ncia da reuni\u00e3o e refor\u00e7ou a valoriza\u00e7\u00e3o do di\u00e1logo com a classe. \u201cHoje n\u00f3s esclarecemos v\u00e1rios pontos para a comiss\u00e3o, sobre o Processo Seletivo. A Prefeitura valoriza o di\u00e1logo e refor\u00e7a a import\u00e2ncia\u00a0 de manter esse canal de comunica\u00e7\u00e3o aberto entre nossa gest\u00e3o e o grupo\u201d, destacou a prefeita.<\/p>\n<p class=\"x_MsoNormal\" style=\"text-align: justify;\">A secret\u00e1ria de Educa\u00e7\u00e3o, Normeide Almeida, explicou que n\u00e3o ser\u00e3o realizadas altera\u00e7\u00f5es nas regras do Edital 02\/2021. \u201cSer\u00e3o chamados os candidatos que foram classificados de acordo com o resultado do Processo Seletivo. Aqueles que tiveram os contratos encerrados em 31 de janeiro poder\u00e3o ser chamados a partir de 1\u00ba de maio. Os candidatos que encerraram os v\u00ednculos a partir de 11 de fevereiro, tamb\u00e9m poder\u00e3o ter seus contratos reativados a partir de 11 de maio, conforme o quadro de vagas existentes no munic\u00edpio\u201d, finalizou a secret\u00e1ria.<\/p>\n<p class=\"x_MsoNormal\" style=\"text-align: justify;\"><b>Avalia\u00e7\u00e3o positiva<\/b><\/p>\n<p class=\"x_MsoNormal\" style=\"text-align: justify;\"><b>\u00a0<\/b>Para Z\u00e9lia Ang\u00e9lica Silva, que integra a comiss\u00e3o de inscritos, os encaminhamentos do encontro foram promissores. &#8220;Sa\u00edmos com muita esperan\u00e7a de que seremos contratados pela sele\u00e7\u00e3o que passamos \u201d, afirmou Z\u00e9lia.<\/p>\n","protected":false},"excerpt":{"rendered":"<p>A prefeita de Juazeiro, Suzana Ramos, a secret\u00e1ria de Educa\u00e7\u00e3o e Juventude, Normeide Almeida, e a Comiss\u00e3o Organizadora e Avaliadora do Processo Seletivo Simplificado da Educa\u00e7\u00e3o, se reuniram com representantes dos inscritos no processo seletivo.\u00a0 Durante o encontro, que aconteceu nesta quarta-feira (14) no gabinete da prefeita, o grupo discutiu demandas da categoria, relacionadas ao [&hellip;]<\/p>\n","protected":false},"author":1,"featured_media":21931,"comment_status":"open","ping_status":"open","sticky":false,"template":"","format":"standard","meta":{"_uag_custom_page_level_css":"","_monsterinsights_skip_tracking":false,"_monsterinsights_sitenote_active":false,"_monsterinsights_sitenote_note":"","_monsterinsights_sitenote_category":0,"jetpack_post_was_ever_published":false,"_jetpack_newsletter_access":"","_jetpack_dont_email_post_to_subs":false,"_jetpack_newsletter_tier_id":0,"_jetpack_memberships_contains_paywalled_content":false,"_jetpack_memberships_contains_paid_content":false,"footnotes":"","jetpack_publicize_message":"","jetpack_publicize_feature_enabled":true,"jetpack_social_post_already_shared":true,"jetpack_social_options":{"image_generator_settings":{"template":"highway","default_image_id":0,"font":"","enabled":false},"version":2}},"categories":[209],"tags":[993,1508],"class_list":["post-21930","post","type-post","status-publish","format-standard","has-post-thumbnail","hentry","category-educacao","tag-processo-seletivo","tag-suzana-ramos"],"jetpack_publicize_connections":[],"jetpack_featured_media_url":"https:\/\/blogopara.com.br\/wp-content\/uploads\/2021\/04\/thumbnail_FOTO-REUNIAO.jpg","uagb_featured_image_src":{"full":["https:\/\/blogopara.com.br\/wp-content\/uploads\/2021\/04\/thumbnail_FOTO-REUNIAO.jpg",500,333,false],"thumbnail":["https:\/\/blogopara.com.br\/wp-content\/uploads\/2021\/04\/thumbnail_FOTO-REUNIAO-150x150.jpg",150,150,true],"medium":["https:\/\/blogopara.com.br\/wp-content\/uploads\/2021\/04\/thumbnail_FOTO-REUNIAO-300x200.jpg",300,200,true],"medium_large":["https:\/\/blogopara.com.br\/wp-content\/uploads\/2021\/04\/thumbnail_FOTO-REUNIAO.jpg",500,333,false],"large":["https:\/\/blogopara.com.br\/wp-content\/uploads\/2021\/04\/thumbnail_FOTO-REUNIAO.jpg",500,333,false],"1536x1536":["https:\/\/blogopara.com.br\/wp-content\/uploads\/2021\/04\/thumbnail_FOTO-REUNIAO.jpg",500,333,false],"2048x2048":["https:\/\/blogopara.com.br\/wp-content\/uploads\/2021\/04\/thumbnail_FOTO-REUNIAO.jpg",500,333,false],"mantranews-slider-large":["https:\/\/blogopara.com.br\/wp-content\/uploads\/2021\/04\/thumbnail_FOTO-REUNIAO.jpg",500,333,false],"mantranews-featured-medium":["https:\/\/blogopara.com.br\/wp-content\/uploads\/2021\/04\/thumbnail_FOTO-REUNIAO-420x307.jpg",420,307,true],"mantranews-featured-long":["https:\/\/blogopara.com.br\/wp-content\/uploads\/2021\/04\/thumbnail_FOTO-REUNIAO-300x333.jpg",300,333,true],"mantranews-block-medium":["https:\/\/blogopara.com.br\/wp-content\/uploads\/2021\/04\/thumbnail_FOTO-REUNIAO-464x290.jpg",464,290,true],"mantranews-carousel-image":["https:\/\/blogopara.com.br\/wp-content\/uploads\/2021\/04\/thumbnail_FOTO-REUNIAO.jpg",500,333,false],"mantranews-block-thumb":["https:\/\/blogopara.com.br\/wp-content\/uploads\/2021\/04\/thumbnail_FOTO-REUNIAO-322x230.jpg",322,230,true],"mantranews-single-large":["https:\/\/blogopara.com.br\/wp-content\/uploads\/2021\/04\/thumbnail_FOTO-REUNIAO.jpg",500,333,false]},"uagb_author_info":{"display_name":"Reda\u00e7\u00e3o geral","author_link":"https:\/\/blogopara.com.br\/index.php\/author\/blogopara"},"uagb_comment_info":0,"uagb_excerpt":"A prefeita de Juazeiro, Suzana Ramos, a secret\u00e1ria de Educa\u00e7\u00e3o e Juventude, Normeide Almeida, e a Comiss\u00e3o Organizadora e Avaliadora do Processo Seletivo Simplificado da Educa\u00e7\u00e3o, se reuniram com representantes dos inscritos no processo seletivo.\u00a0 Durante o encontro, que aconteceu nesta quarta-feira (14) no gabinete da prefeita, o grupo discutiu demandas da categoria, relacionadas ao&hellip;","jetpack_sharing_enabled":true,"jetpack_likes_enabled":true,"_links":{"self":[{"href":"https:\/\/blogopara.com.br\/index.php\/wp-json\/wp\/v2\/posts\/21930","targetHints":{"allow":["GET"]}}],"collection":[{"href":"https:\/\/blogopara.com.br\/index.php\/wp-json\/wp\/v2\/posts"}],"about":[{"href":"https:\/\/blogopara.com.br\/index.php\/wp-json\/wp\/v2\/types\/post"}],"author":[{"embeddable":true,"href":"https:\/\/blogopara.com.br\/index.php\/wp-json\/wp\/v2\/users\/1"}],"replies":[{"embeddable":true,"href":"https:\/\/blogopara.com.br\/index.php\/wp-json\/wp\/v2\/comments?post=21930"}],"version-history":[{"count":1,"href":"https:\/\/blogopara.com.br\/index.php\/wp-json\/wp\/v2\/posts\/21930\/revisions"}],"predecessor-version":[{"id":21932,"href":"https:\/\/blogopara.com.br\/index.php\/wp-json\/wp\/v2\/posts\/21930\/revisions\/21932"}],"wp:featuredmedia":[{"embeddable":true,"href":"https:\/\/blogopara.com.br\/index.php\/wp-json\/wp\/v2\/media\/21931"}],"wp:attachment":[{"href":"https:\/\/blogopara.com.br\/index.php\/wp-json\/wp\/v2\/media?parent=21930"}],"wp:term":[{"taxonomy":"category","embeddable":true,"href":"https:\/\/blogopara.com.br\/index.php\/wp-json\/wp\/v2\/categories?post=21930"},{"taxonomy":"post_tag","embeddable":true,"href":"https:\/\/blogopara.com.br\/index.php\/wp-json\/wp\/v2\/tags?post=21930"}],"curies":[{"name":"wp","href":"https:\/\/api.w.org\/{rel}","templated":true}]}}