{"id":21941,"date":"2021-04-15T09:51:34","date_gmt":"2021-04-15T12:51:34","guid":{"rendered":"https:\/\/blogopara.com.br\/?p=21941"},"modified":"2021-04-15T09:56:40","modified_gmt":"2021-04-15T12:56:40","slug":"fake-news-vereadores-de-petrolina-nao-invadiram-a-maternidade-de-juazeiro-a-visita-foi-avisada-e-faz-parte-da-rede-peba","status":"publish","type":"post","link":"https:\/\/blogopara.com.br\/index.php\/2021\/04\/15\/fake-news-vereadores-de-petrolina-nao-invadiram-a-maternidade-de-juazeiro-a-visita-foi-avisada-e-faz-parte-da-rede-peba","title":{"rendered":"FAKE NEWS: Vereadores de Petrolina n\u00e3o &#8220;invadiram&#8221;a Maternidade de Juazeiro. A visita foi avisada e faz parte da rede PEBA"},"content":{"rendered":"<p style=\"text-align: justify;\">Conforme foi amplamente divulgado nas redes sociais que alguns vereadores de Petrolina &#8220;invadiram&#8221; a Maternidade de Juazeiro, e que Juazeiro agora teria virada bairro de Petrolina, tudo n\u00e3o passa de fake news de um grupelho descontente com o resultado das elei\u00e7\u00f5es de 2020. Ainda n\u00e3o perceberam o momento pol\u00edtico, e ir\u00e3o em 2022 e em 2024 sofrer novas derrotas.<\/p>\n<div>\n<div class=\"\" dir=\"auto\">\n<div id=\"jsc_c_7t\" class=\"ecm0bbzt hv4rvrfc e5nlhep0 dati1w0a\" data-ad-comet-preview=\"message\" data-ad-preview=\"message\">\n<div class=\"j83agx80 cbu4d94t ew0dbk1b irj2b8pg\">\n<div class=\"qzhwtbm6 knvmm38d\">\n<div class=\"kvgmc6g5 cxmmr5t8 oygrvhab hcukyx3x c1et5uql ii04i59q\">\n<blockquote>\n<div dir=\"auto\" style=\"text-align: justify;\">&#8220;Agora vem comiss\u00e3o de vereadores de Petrolina invadir hospital de Juazeiro. Pq n\u00e3o fizeram uma comiss\u00e3o para cobrar a elucida\u00e7\u00e3o do Caso Beatriz? A prefeita e o presidente da C\u00e2mara deveriam se manifestar sobre este acinte, falta de respeito. Que viessem fazer esta visita ao Hospital Materno, mas que avisassem ao munic\u00edpio, via C\u00e2mara de Vereadores e Prefeitura, e n\u00e3o entrar na casa do outros sem pedir, e nem bater na porta&#8221;, comet\u00e1rio retirado de um p\u00e1gina no facebook.<\/div>\n<\/blockquote>\n<\/div>\n<\/div>\n<\/div>\n<\/div>\n<\/div>\n<\/div>\n<p style=\"text-align: justify;\">A tal &#8220;invas\u00e3o&#8221; de vereadores da cidade vizinha, conforme consta, foi agendada antecipadamente pelo vereador Cesar Durando, membro da Comiss\u00e3o de Sa\u00fade da C\u00e2mara de Petrolina. A Comiss\u00e3o foi at\u00e9 a Maternidade buscar informa\u00e7\u00f5es e esclarecimentos sobre a morte do beb\u00ea, ocorrido <span class=\"vkIF2 public-DraftStyleDefault-ltr PDkkw\">no \u00faltimo dia 09, uma vez que a crian\u00e7a foi transferida do Hospital Dom Malan em Petrolina, por isso se reuniram com a dire\u00e7\u00e3o da unidade hospitalar na manh\u00e3 da \u00faltima ter\u00e7a (13), para conversar com a diretora Gra\u00e7a Carvalho e ouvir explica\u00e7\u00f5es sobre as causas que levaram o falecimento da crian\u00e7a. <\/span><\/p>\n<p id=\"viewer-27spv\" class=\"XzvDs _208Ie ljrnk blog-post-text-font blog-post-text-color _2QAo- _1iXso wj-V5 ljrnk public-DraftStyleDefault-block-depth0 public-DraftStyleDefault-text-ltr\" style=\"text-align: justify;\"><span class=\"vkIF2 public-DraftStyleDefault-ltr PDkkw\">De acordo com o presidente da Comiss\u00e3o Parlamentar, Cesar Durando, o encontro foi pr\u00e9-agendando e os vereadores petrolinenses foram bem recebidos pela dire\u00e7\u00e3o.<\/span><\/p>\n<p id=\"viewer-7dkb7\" class=\"XzvDs _208Ie ljrnk blog-post-text-font blog-post-text-color _2QAo- _1iXso wj-V5 ljrnk public-DraftStyleDefault-block-depth0 public-DraftStyleDefault-text-ltr\" style=\"text-align: justify;\"><span class=\"vkIF2 public-DraftStyleDefault-ltr PDkkw\">Ainda de acordo com o vereador a diretora sugeriu que o secret\u00e1rio municipal de Sa\u00fade, Fernando Costa, seja oficializado sobre o pedido de informa\u00e7\u00f5es da causa-morte, para que a Comiss\u00e3o tenha acesso ao laudo m\u00e9dico. \u201cSolicitamos do secret\u00e1rio oficialmente \u00e0s informa\u00e7\u00f5es e o laudo m\u00e9dico da crian\u00e7a, estamos aguardando. Essa foi nossa primeira reuni\u00e3o e deveremos nos reunir outras vezes com o secret\u00e1rio\u201d.<\/span><\/p>\n<p style=\"text-align: justify;\">Um print da p\u00e1gina &#8220;O Vale Acordou&#8221; no facebook, foi usada indevidamente para a dissemina\u00e7\u00e3o de cards, mas a p\u00e1gina apenas deu a informa\u00e7\u00e3o correta concernente a visita dos vereadores de Petrolina.<\/p>\n<div id=\"viewer-qe39\" class=\"XzvDs _208Ie ljrnk blog-post-text-font blog-post-text-color _2QAo- _1iXso wj-V5 ljrnk public-DraftStyleDefault-block-depth0 public-DraftStyleDefault-text-ltr\" style=\"text-align: justify;\"><span class=\"vkIF2 public-DraftStyleDefault-ltr\">&nbsp;<\/span><\/div>\n<p id=\"viewer-1ohrb\" class=\"XzvDs _208Ie ljrnk blog-post-text-font blog-post-text-color _2QAo- _25MYV _1Fao9 ljrnk public-DraftStyleDefault-block-depth0 public-DraftStyleDefault-text-ltr\" style=\"text-align: justify;\"><\/p>\n\n\n<p><\/p>\n","protected":false},"excerpt":{"rendered":"<p>Conforme foi amplamente divulgado nas redes sociais que alguns vereadores de Petrolina &#8220;invadiram&#8221; a Maternidade de Juazeiro, e que Juazeiro agora teria virada bairro de Petrolina, tudo n\u00e3o passa de fake news de um grupelho descontente com o resultado das elei\u00e7\u00f5es de 2020. Ainda n\u00e3o perceberam o momento pol\u00edtico, e ir\u00e3o em 2022 e em [&hellip;]<\/p>\n","protected":false},"author":1,"featured_media":21944,"comment_status":"open","ping_status":"open","sticky":false,"template":"","format":"standard","meta":{"_uag_custom_page_level_css":"","_monsterinsights_skip_tracking":false,"_monsterinsights_sitenote_active":false,"_monsterinsights_sitenote_note":"","_monsterinsights_sitenote_category":0,"jetpack_post_was_ever_published":false,"_jetpack_newsletter_access":"","_jetpack_dont_email_post_to_subs":false,"_jetpack_newsletter_tier_id":0,"_jetpack_memberships_contains_paywalled_content":false,"_jetpack_memberships_contains_paid_content":false,"footnotes":"","jetpack_publicize_message":"","jetpack_publicize_feature_enabled":true,"jetpack_social_post_already_shared":true,"jetpack_social_options":{"image_generator_settings":{"template":"highway","default_image_id":0,"font":"","enabled":false},"version":2}},"categories":[203],"tags":[338,28,815],"class_list":["post-21941","post","type-post","status-publish","format-standard","has-post-thumbnail","hentry","category-juazeiro","tag-camara-de-vereadores","tag-fake-news","tag-saude-publica"],"jetpack_publicize_connections":[],"jetpack_featured_media_url":"https:\/\/blogopara.com.br\/wp-content\/uploads\/2021\/04\/WhatsApp-Image-2021-04-15-at-08.34.43-1-1.jpeg","uagb_featured_image_src":{"full":["https:\/\/blogopara.com.br\/wp-content\/uploads\/2021\/04\/WhatsApp-Image-2021-04-15-at-08.34.43-1-1.jpeg",500,500,false],"thumbnail":["https:\/\/blogopara.com.br\/wp-content\/uploads\/2021\/04\/WhatsApp-Image-2021-04-15-at-08.34.43-1-1-150x150.jpeg",150,150,true],"medium":["https:\/\/blogopara.com.br\/wp-content\/uploads\/2021\/04\/WhatsApp-Image-2021-04-15-at-08.34.43-1-1-300x300.jpeg",300,300,true],"medium_large":["https:\/\/blogopara.com.br\/wp-content\/uploads\/2021\/04\/WhatsApp-Image-2021-04-15-at-08.34.43-1-1.jpeg",500,500,false],"large":["https:\/\/blogopara.com.br\/wp-content\/uploads\/2021\/04\/WhatsApp-Image-2021-04-15-at-08.34.43-1-1.jpeg",500,500,false],"1536x1536":["https:\/\/blogopara.com.br\/wp-content\/uploads\/2021\/04\/WhatsApp-Image-2021-04-15-at-08.34.43-1-1.jpeg",500,500,false],"2048x2048":["https:\/\/blogopara.com.br\/wp-content\/uploads\/2021\/04\/WhatsApp-Image-2021-04-15-at-08.34.43-1-1.jpeg",500,500,false],"mantranews-slider-large":["https:\/\/blogopara.com.br\/wp-content\/uploads\/2021\/04\/WhatsApp-Image-2021-04-15-at-08.34.43-1-1.jpeg",500,500,false],"mantranews-featured-medium":["https:\/\/blogopara.com.br\/wp-content\/uploads\/2021\/04\/WhatsApp-Image-2021-04-15-at-08.34.43-1-1-420x307.jpeg",420,307,true],"mantranews-featured-long":["https:\/\/blogopara.com.br\/wp-content\/uploads\/2021\/04\/WhatsApp-Image-2021-04-15-at-08.34.43-1-1-300x443.jpeg",300,443,true],"mantranews-block-medium":["https:\/\/blogopara.com.br\/wp-content\/uploads\/2021\/04\/WhatsApp-Image-2021-04-15-at-08.34.43-1-1-464x290.jpeg",464,290,true],"mantranews-carousel-image":["https:\/\/blogopara.com.br\/wp-content\/uploads\/2021\/04\/WhatsApp-Image-2021-04-15-at-08.34.43-1-1.jpeg",500,500,false],"mantranews-block-thumb":["https:\/\/blogopara.com.br\/wp-content\/uploads\/2021\/04\/WhatsApp-Image-2021-04-15-at-08.34.43-1-1-322x230.jpeg",322,230,true],"mantranews-single-large":["https:\/\/blogopara.com.br\/wp-content\/uploads\/2021\/04\/WhatsApp-Image-2021-04-15-at-08.34.43-1-1.jpeg",500,500,false]},"uagb_author_info":{"display_name":"Reda\u00e7\u00e3o geral","author_link":"https:\/\/blogopara.com.br\/index.php\/author\/blogopara"},"uagb_comment_info":0,"uagb_excerpt":"Conforme foi amplamente divulgado nas redes sociais que alguns vereadores de Petrolina &#8220;invadiram&#8221; a Maternidade de Juazeiro, e que Juazeiro agora teria virada bairro de Petrolina, tudo n\u00e3o passa de fake news de um grupelho descontente com o resultado das elei\u00e7\u00f5es de 2020. Ainda n\u00e3o perceberam o momento pol\u00edtico, e ir\u00e3o em 2022 e em&hellip;","jetpack_sharing_enabled":true,"jetpack_likes_enabled":true,"_links":{"self":[{"href":"https:\/\/blogopara.com.br\/index.php\/wp-json\/wp\/v2\/posts\/21941","targetHints":{"allow":["GET"]}}],"collection":[{"href":"https:\/\/blogopara.com.br\/index.php\/wp-json\/wp\/v2\/posts"}],"about":[{"href":"https:\/\/blogopara.com.br\/index.php\/wp-json\/wp\/v2\/types\/post"}],"author":[{"embeddable":true,"href":"https:\/\/blogopara.com.br\/index.php\/wp-json\/wp\/v2\/users\/1"}],"replies":[{"embeddable":true,"href":"https:\/\/blogopara.com.br\/index.php\/wp-json\/wp\/v2\/comments?post=21941"}],"version-history":[{"count":2,"href":"https:\/\/blogopara.com.br\/index.php\/wp-json\/wp\/v2\/posts\/21941\/revisions"}],"predecessor-version":[{"id":21945,"href":"https:\/\/blogopara.com.br\/index.php\/wp-json\/wp\/v2\/posts\/21941\/revisions\/21945"}],"wp:featuredmedia":[{"embeddable":true,"href":"https:\/\/blogopara.com.br\/index.php\/wp-json\/wp\/v2\/media\/21944"}],"wp:attachment":[{"href":"https:\/\/blogopara.com.br\/index.php\/wp-json\/wp\/v2\/media?parent=21941"}],"wp:term":[{"taxonomy":"category","embeddable":true,"href":"https:\/\/blogopara.com.br\/index.php\/wp-json\/wp\/v2\/categories?post=21941"},{"taxonomy":"post_tag","embeddable":true,"href":"https:\/\/blogopara.com.br\/index.php\/wp-json\/wp\/v2\/tags?post=21941"}],"curies":[{"name":"wp","href":"https:\/\/api.w.org\/{rel}","templated":true}]}}