{"id":21984,"date":"2021-04-18T08:30:00","date_gmt":"2021-04-18T11:30:00","guid":{"rendered":"https:\/\/blogopara.com.br\/?p=21984"},"modified":"2021-04-17T10:10:16","modified_gmt":"2021-04-17T13:10:16","slug":"vereador-lourival-quirino-comemora-a-requalificacao-asfaltica-da-rua-princesa-isabel","status":"publish","type":"post","link":"https:\/\/blogopara.com.br\/index.php\/2021\/04\/18\/vereador-lourival-quirino-comemora-a-requalificacao-asfaltica-da-rua-princesa-isabel","title":{"rendered":"Vereador Lourival Quirino comemora a requalifica\u00e7\u00e3o asf\u00e1ltica da rua princesa Isabel"},"content":{"rendered":"<p style=\"text-align: justify;\">No m\u00eas de fevereiro o vereador Lourival Quirino (PCdoB) solicitou ao secret\u00e1rio Charles Leal, Secret\u00e1rio de Servi\u00e7os P\u00fablicos (SESP), melhorias para o bairro Santo Ant\u00f4nio, e no m\u00eas de mar\u00e7o voltou a solicitar mais interven\u00e7\u00f5es no bairro Santo Ant\u00f4nio, a exemplo da requalifica\u00e7\u00e3o asf\u00e1ltica.<\/p>\n<p style=\"text-align: justify;\">O vereador utilizou as redes sociais para comemorar o inicio das obras &#8220;Nossa indica\u00e7\u00e3o de requalifica\u00e7\u00e3o asf\u00e1ltica da Rua Princesa Isabel e Avenida ACM que teve in\u00edcio hoje (14), estamos felizes em cumprir nosso dever de mostrar os caminhos para o desenvolvimento da nossa cidade. Estas avenidas estavam em situa\u00e7\u00e3o cr\u00edtica com buracos que causavam transtornos e acidentes, acreditamos que ap\u00f3s a conclus\u00e3o da obra essas avenidas importantes dar\u00e3o melhor fluidez ao tr\u00e2nsito&#8221;, ressaltou Lourival Quirino.<\/p>\n<p>Ascom Lourival Quirino<\/p>\n","protected":false},"excerpt":{"rendered":"<p>No m\u00eas de fevereiro o vereador Lourival Quirino (PCdoB) solicitou ao secret\u00e1rio Charles Leal, Secret\u00e1rio de Servi\u00e7os P\u00fablicos (SESP), melhorias para o bairro Santo Ant\u00f4nio, e no m\u00eas de mar\u00e7o voltou a solicitar mais interven\u00e7\u00f5es no bairro Santo Ant\u00f4nio, a exemplo da requalifica\u00e7\u00e3o asf\u00e1ltica. O vereador utilizou as redes sociais para comemorar o inicio das [&hellip;]<\/p>\n","protected":false},"author":1,"featured_media":22037,"comment_status":"open","ping_status":"open","sticky":false,"template":"","format":"standard","meta":{"_uag_custom_page_level_css":"","_monsterinsights_skip_tracking":false,"_monsterinsights_sitenote_active":false,"_monsterinsights_sitenote_note":"","_monsterinsights_sitenote_category":0,"jetpack_post_was_ever_published":false,"_jetpack_newsletter_access":"","_jetpack_dont_email_post_to_subs":false,"_jetpack_newsletter_tier_id":0,"_jetpack_memberships_contains_paywalled_content":false,"_jetpack_memberships_contains_paid_content":false,"footnotes":"","jetpack_publicize_message":"","jetpack_publicize_feature_enabled":true,"jetpack_social_post_already_shared":true,"jetpack_social_options":{"image_generator_settings":{"template":"highway","default_image_id":0,"font":"","enabled":false},"version":2}},"categories":[203],"tags":[1832,1612,2419],"class_list":["post-21984","post","type-post","status-publish","format-standard","has-post-thumbnail","hentry","category-juazeiro","tag-lourival-quirino","tag-requalificacao","tag-rua-princesa-isabel"],"jetpack_publicize_connections":[],"jetpack_featured_media_url":"https:\/\/blogopara.com.br\/wp-content\/uploads\/2021\/04\/WhatsApp-Image-2021-04-16-at-09.30.27.jpeg","uagb_featured_image_src":{"full":["https:\/\/blogopara.com.br\/wp-content\/uploads\/2021\/04\/WhatsApp-Image-2021-04-16-at-09.30.27.jpeg",500,500,false],"thumbnail":["https:\/\/blogopara.com.br\/wp-content\/uploads\/2021\/04\/WhatsApp-Image-2021-04-16-at-09.30.27-150x150.jpeg",150,150,true],"medium":["https:\/\/blogopara.com.br\/wp-content\/uploads\/2021\/04\/WhatsApp-Image-2021-04-16-at-09.30.27-300x300.jpeg",300,300,true],"medium_large":["https:\/\/blogopara.com.br\/wp-content\/uploads\/2021\/04\/WhatsApp-Image-2021-04-16-at-09.30.27.jpeg",500,500,false],"large":["https:\/\/blogopara.com.br\/wp-content\/uploads\/2021\/04\/WhatsApp-Image-2021-04-16-at-09.30.27.jpeg",500,500,false],"1536x1536":["https:\/\/blogopara.com.br\/wp-content\/uploads\/2021\/04\/WhatsApp-Image-2021-04-16-at-09.30.27.jpeg",500,500,false],"2048x2048":["https:\/\/blogopara.com.br\/wp-content\/uploads\/2021\/04\/WhatsApp-Image-2021-04-16-at-09.30.27.jpeg",500,500,false],"mantranews-slider-large":["https:\/\/blogopara.com.br\/wp-content\/uploads\/2021\/04\/WhatsApp-Image-2021-04-16-at-09.30.27.jpeg",500,500,false],"mantranews-featured-medium":["https:\/\/blogopara.com.br\/wp-content\/uploads\/2021\/04\/WhatsApp-Image-2021-04-16-at-09.30.27-420x307.jpeg",420,307,true],"mantranews-featured-long":["https:\/\/blogopara.com.br\/wp-content\/uploads\/2021\/04\/WhatsApp-Image-2021-04-16-at-09.30.27-300x443.jpeg",300,443,true],"mantranews-block-medium":["https:\/\/blogopara.com.br\/wp-content\/uploads\/2021\/04\/WhatsApp-Image-2021-04-16-at-09.30.27-464x290.jpeg",464,290,true],"mantranews-carousel-image":["https:\/\/blogopara.com.br\/wp-content\/uploads\/2021\/04\/WhatsApp-Image-2021-04-16-at-09.30.27.jpeg",500,500,false],"mantranews-block-thumb":["https:\/\/blogopara.com.br\/wp-content\/uploads\/2021\/04\/WhatsApp-Image-2021-04-16-at-09.30.27-322x230.jpeg",322,230,true],"mantranews-single-large":["https:\/\/blogopara.com.br\/wp-content\/uploads\/2021\/04\/WhatsApp-Image-2021-04-16-at-09.30.27.jpeg",500,500,false]},"uagb_author_info":{"display_name":"Reda\u00e7\u00e3o geral","author_link":"https:\/\/blogopara.com.br\/index.php\/author\/blogopara"},"uagb_comment_info":0,"uagb_excerpt":"No m\u00eas de fevereiro o vereador Lourival Quirino (PCdoB) solicitou ao secret\u00e1rio Charles Leal, Secret\u00e1rio de Servi\u00e7os P\u00fablicos (SESP), melhorias para o bairro Santo Ant\u00f4nio, e no m\u00eas de mar\u00e7o voltou a solicitar mais interven\u00e7\u00f5es no bairro Santo Ant\u00f4nio, a exemplo da requalifica\u00e7\u00e3o asf\u00e1ltica. O vereador utilizou as redes sociais para comemorar o inicio das&hellip;","jetpack_sharing_enabled":true,"jetpack_likes_enabled":true,"_links":{"self":[{"href":"https:\/\/blogopara.com.br\/index.php\/wp-json\/wp\/v2\/posts\/21984","targetHints":{"allow":["GET"]}}],"collection":[{"href":"https:\/\/blogopara.com.br\/index.php\/wp-json\/wp\/v2\/posts"}],"about":[{"href":"https:\/\/blogopara.com.br\/index.php\/wp-json\/wp\/v2\/types\/post"}],"author":[{"embeddable":true,"href":"https:\/\/blogopara.com.br\/index.php\/wp-json\/wp\/v2\/users\/1"}],"replies":[{"embeddable":true,"href":"https:\/\/blogopara.com.br\/index.php\/wp-json\/wp\/v2\/comments?post=21984"}],"version-history":[{"count":1,"href":"https:\/\/blogopara.com.br\/index.php\/wp-json\/wp\/v2\/posts\/21984\/revisions"}],"predecessor-version":[{"id":22028,"href":"https:\/\/blogopara.com.br\/index.php\/wp-json\/wp\/v2\/posts\/21984\/revisions\/22028"}],"wp:featuredmedia":[{"embeddable":true,"href":"https:\/\/blogopara.com.br\/index.php\/wp-json\/wp\/v2\/media\/22037"}],"wp:attachment":[{"href":"https:\/\/blogopara.com.br\/index.php\/wp-json\/wp\/v2\/media?parent=21984"}],"wp:term":[{"taxonomy":"category","embeddable":true,"href":"https:\/\/blogopara.com.br\/index.php\/wp-json\/wp\/v2\/categories?post=21984"},{"taxonomy":"post_tag","embeddable":true,"href":"https:\/\/blogopara.com.br\/index.php\/wp-json\/wp\/v2\/tags?post=21984"}],"curies":[{"name":"wp","href":"https:\/\/api.w.org\/{rel}","templated":true}]}}