{"id":22093,"date":"2021-04-19T11:32:00","date_gmt":"2021-04-19T14:32:00","guid":{"rendered":"https:\/\/blogopara.com.br\/?p=22093"},"modified":"2021-04-19T09:41:51","modified_gmt":"2021-04-19T12:41:51","slug":"irmaos-gemeos-sao-esfaqueados-na-zona-rural-de-juazeiro-ba-um-foi-a-obito","status":"publish","type":"post","link":"https:\/\/blogopara.com.br\/index.php\/2021\/04\/19\/irmaos-gemeos-sao-esfaqueados-na-zona-rural-de-juazeiro-ba-um-foi-a-obito","title":{"rendered":"IRM\u00c3OS G\u00caMEOS S\u00c3O ESFAQUEADOS NA ZONA RURAL DE JUAZEIRO-BA &#8211; UM FOI A \u00d3BITO"},"content":{"rendered":"<p style=\"text-align: justify;\">Na madrugada de segunda-feira (19.04) mais um homic\u00eddio foi registrado em Juazeiro-BA. Dois irm\u00e3os foram esfaqueados ap\u00f3s uma discuss\u00e3o por motivos f\u00fateis e um deles veio a \u00f3bito. O crime, violento e intencional, ocorreu no distrito de Itamotinga, que fica localizado na zona rural da cidade.<\/p>\n<p style=\"text-align: justify;\">De acordo informa\u00e7\u00f5es do boletim de ocorr\u00eancia, o corpo foi encaminhado para o Instituto M\u00e9dico Legal (IML), ap\u00f3s os procedimentos necess\u00e1rios pelo Departamento de Pol\u00edcia T\u00e9cnica, j\u00e1 a segunda v\u00edtima foi socorrida \u00e0s pressas para uma unidade hospitalar da regi\u00e3o e o estado de sa\u00fade ainda n\u00e3o foi divulgado.<\/p>\n<p style=\"text-align: justify;\">\u00a0<\/p>\n<p style=\"text-align: justify;\">\u00a0<\/p>\n<p>\u00a0<\/p>\n<p>\u00a0<\/p>\n<p>\u00a0<\/p>\n<p>\u00a0<\/p>\n<p>\u00a0<\/p>\n","protected":false},"excerpt":{"rendered":"<p>Na madrugada de segunda-feira (19.04) mais um homic\u00eddio foi registrado em Juazeiro-BA. Dois irm\u00e3os foram esfaqueados ap\u00f3s uma discuss\u00e3o por motivos f\u00fateis e um deles veio a \u00f3bito. O crime, violento e intencional, ocorreu no distrito de Itamotinga, que fica localizado na zona rural da cidade. De acordo informa\u00e7\u00f5es do boletim de ocorr\u00eancia, o corpo [&hellip;]<\/p>\n","protected":false},"author":1,"featured_media":22094,"comment_status":"closed","ping_status":"open","sticky":false,"template":"","format":"standard","meta":{"_uag_custom_page_level_css":"","_monsterinsights_skip_tracking":false,"_monsterinsights_sitenote_active":false,"_monsterinsights_sitenote_note":"","_monsterinsights_sitenote_category":0,"jetpack_post_was_ever_published":false,"_jetpack_newsletter_access":"","_jetpack_dont_email_post_to_subs":false,"_jetpack_newsletter_tier_id":0,"_jetpack_memberships_contains_paywalled_content":false,"_jetpack_memberships_contains_paid_content":false,"footnotes":"","jetpack_publicize_message":"","jetpack_publicize_feature_enabled":true,"jetpack_social_post_already_shared":true,"jetpack_social_options":{"image_generator_settings":{"template":"highway","default_image_id":0,"font":"","enabled":false},"version":2}},"categories":[215],"tags":[90,2455,316,1840],"class_list":["post-22093","post","type-post","status-publish","format-standard","has-post-thumbnail","hentry","category-itamontiga","tag-crime","tag-gemios-esfaqueados","tag-itamotinga","tag-violencia-2"],"jetpack_publicize_connections":[],"jetpack_featured_media_url":"https:\/\/blogopara.com.br\/wp-content\/uploads\/2021\/04\/th.jpg","uagb_featured_image_src":{"full":["https:\/\/blogopara.com.br\/wp-content\/uploads\/2021\/04\/th.jpg",500,251,false],"thumbnail":["https:\/\/blogopara.com.br\/wp-content\/uploads\/2021\/04\/th-150x150.jpg",150,150,true],"medium":["https:\/\/blogopara.com.br\/wp-content\/uploads\/2021\/04\/th-300x151.jpg",300,151,true],"medium_large":["https:\/\/blogopara.com.br\/wp-content\/uploads\/2021\/04\/th.jpg",500,251,false],"large":["https:\/\/blogopara.com.br\/wp-content\/uploads\/2021\/04\/th.jpg",500,251,false],"1536x1536":["https:\/\/blogopara.com.br\/wp-content\/uploads\/2021\/04\/th.jpg",500,251,false],"2048x2048":["https:\/\/blogopara.com.br\/wp-content\/uploads\/2021\/04\/th.jpg",500,251,false],"mantranews-slider-large":["https:\/\/blogopara.com.br\/wp-content\/uploads\/2021\/04\/th.jpg",500,251,false],"mantranews-featured-medium":["https:\/\/blogopara.com.br\/wp-content\/uploads\/2021\/04\/th-420x251.jpg",420,251,true],"mantranews-featured-long":["https:\/\/blogopara.com.br\/wp-content\/uploads\/2021\/04\/th-300x251.jpg",300,251,true],"mantranews-block-medium":["https:\/\/blogopara.com.br\/wp-content\/uploads\/2021\/04\/th-464x251.jpg",464,251,true],"mantranews-carousel-image":["https:\/\/blogopara.com.br\/wp-content\/uploads\/2021\/04\/th.jpg",500,251,false],"mantranews-block-thumb":["https:\/\/blogopara.com.br\/wp-content\/uploads\/2021\/04\/th-322x230.jpg",322,230,true],"mantranews-single-large":["https:\/\/blogopara.com.br\/wp-content\/uploads\/2021\/04\/th.jpg",500,251,false]},"uagb_author_info":{"display_name":"Reda\u00e7\u00e3o geral","author_link":"https:\/\/blogopara.com.br\/index.php\/author\/blogopara"},"uagb_comment_info":0,"uagb_excerpt":"Na madrugada de segunda-feira (19.04) mais um homic\u00eddio foi registrado em Juazeiro-BA. Dois irm\u00e3os foram esfaqueados ap\u00f3s uma discuss\u00e3o por motivos f\u00fateis e um deles veio a \u00f3bito. O crime, violento e intencional, ocorreu no distrito de Itamotinga, que fica localizado na zona rural da cidade. De acordo informa\u00e7\u00f5es do boletim de ocorr\u00eancia, o corpo&hellip;","jetpack_sharing_enabled":true,"jetpack_likes_enabled":true,"_links":{"self":[{"href":"https:\/\/blogopara.com.br\/index.php\/wp-json\/wp\/v2\/posts\/22093","targetHints":{"allow":["GET"]}}],"collection":[{"href":"https:\/\/blogopara.com.br\/index.php\/wp-json\/wp\/v2\/posts"}],"about":[{"href":"https:\/\/blogopara.com.br\/index.php\/wp-json\/wp\/v2\/types\/post"}],"author":[{"embeddable":true,"href":"https:\/\/blogopara.com.br\/index.php\/wp-json\/wp\/v2\/users\/1"}],"replies":[{"embeddable":true,"href":"https:\/\/blogopara.com.br\/index.php\/wp-json\/wp\/v2\/comments?post=22093"}],"version-history":[{"count":1,"href":"https:\/\/blogopara.com.br\/index.php\/wp-json\/wp\/v2\/posts\/22093\/revisions"}],"predecessor-version":[{"id":22095,"href":"https:\/\/blogopara.com.br\/index.php\/wp-json\/wp\/v2\/posts\/22093\/revisions\/22095"}],"wp:featuredmedia":[{"embeddable":true,"href":"https:\/\/blogopara.com.br\/index.php\/wp-json\/wp\/v2\/media\/22094"}],"wp:attachment":[{"href":"https:\/\/blogopara.com.br\/index.php\/wp-json\/wp\/v2\/media?parent=22093"}],"wp:term":[{"taxonomy":"category","embeddable":true,"href":"https:\/\/blogopara.com.br\/index.php\/wp-json\/wp\/v2\/categories?post=22093"},{"taxonomy":"post_tag","embeddable":true,"href":"https:\/\/blogopara.com.br\/index.php\/wp-json\/wp\/v2\/tags?post=22093"}],"curies":[{"name":"wp","href":"https:\/\/api.w.org\/{rel}","templated":true}]}}