{"id":22104,"date":"2021-04-19T16:44:00","date_gmt":"2021-04-19T19:44:00","guid":{"rendered":"https:\/\/blogopara.com.br\/?p=22104"},"modified":"2021-04-19T14:40:31","modified_gmt":"2021-04-19T17:40:31","slug":"brasil-e-o-pais-das-americas-com-mais-mortes-por-covid-em-relacao-a-populacao","status":"publish","type":"post","link":"https:\/\/blogopara.com.br\/index.php\/2021\/04\/19\/brasil-e-o-pais-das-americas-com-mais-mortes-por-covid-em-relacao-a-populacao","title":{"rendered":"Brasil \u00e9 o pa\u00eds das Am\u00e9ricas com mais mortes por Covid em rela\u00e7\u00e3o \u00e0 popula\u00e7\u00e3o"},"content":{"rendered":"<p style=\"text-align: justify;\">O&nbsp;Brasil&nbsp;passou&nbsp;Estados Unidos,&nbsp;M\u00e9xico&nbsp;e&nbsp;Peru&nbsp;nas \u00faltimas duas semanas e&nbsp;se tornou o pa\u00eds com mais mortes por Covid-19 do continente americano em rela\u00e7\u00e3o \u00e0 sua popula\u00e7\u00e3o, apontam dados do &#8220;Our World in Data&#8221;.<\/p>\n<p style=\"text-align: justify;\">O&nbsp;Brasil&nbsp;tem atualmente 1.756 \u00f3bitos por milh\u00e3o de habitantes e ultrapassou o&nbsp;M\u00e9xico&nbsp;no dia 7 de abril, o&nbsp;Peru&nbsp;no dia 13 e os&nbsp;EUA&nbsp;no dia 14. Os 10 pa\u00edses com mais \u00f3bitos proporcionais das Am\u00e9ricas s\u00e3o:<\/p>\n<p style=\"text-align: justify;\">Brasil:&nbsp;1.756 mortes a cada 1 milh\u00e3o de habitantes<\/p>\n<p style=\"text-align: justify;\">Peru:&nbsp;1.722<\/p>\n<p style=\"text-align: justify;\">EUA:&nbsp;1.731<\/p>\n<p style=\"text-align: justify;\">M\u00e9xico:&nbsp;1.646<\/p>\n<p style=\"text-align: justify;\">Panam\u00e1:&nbsp;1.434<\/p>\n<p style=\"text-align: justify;\">Col\u00f4mbia:&nbsp;1.342<\/p>\n<p style=\"text-align: justify;\">Chile:&nbsp;1.317<\/p>\n<p style=\"text-align: justify;\">Argentina:&nbsp;1.310<\/p>\n<p style=\"text-align: justify;\">Bol\u00edvia:&nbsp;1.083<\/p>\n<p style=\"text-align: justify;\">Equador:&nbsp;1.003<\/p>\n<p style=\"text-align: justify;\">Em termos absolutos, os&nbsp;EUA&nbsp;s\u00e3o o pa\u00eds com mais v\u00edtimas da Covid-19 do mundo (567 mil), seguido de&nbsp;Brasil&nbsp;(373 mil) e&nbsp;M\u00e9xico&nbsp;(212 mil).<\/p>\n<p style=\"text-align: justify;\"><a href=\"https:\/\/g1.globo.com\/mundo\/noticia\/2021\/04\/17\/mundo-chega-a-3-milhoes-de-mortes-por-covid-com-piora-da-pandemia-na-america-do-sul.ghtml\">Mundo chega a 3 milh\u00f5es de mortes por Covid com piora da pandemia na Am\u00e9rica do Sul<\/a><\/p>\n<p style=\"text-align: justify;\"><a href=\"https:\/\/g1.globo.com\/mundo\/noticia\/2021\/04\/14\/puxada-pelo-brasil-america-do-sul-e-a-regiao-que-mais-registra-mortes-por-covid-do-mundo.ghtml\">Puxada pelo Brasil, Am\u00e9rica do Sul \u00e9 a regi\u00e3o que mais registra mortes por Covid do mundo<\/a><\/p>\n<p style=\"text-align: justify;\">Trabalhador prepara caix\u00e3o em f\u00e1brica em Nova Igua\u00e7u, no Rio de Janeiro, em 12 de abril em meio \u00e0 pandemia do novo coronav\u00edrus no Brasil \u2014 Foto: Pilar Olivares\/Reuters<\/p>\n<p style=\"text-align: justify;\">At\u00e9 come\u00e7o de fevereiro,&nbsp;quando registrava cerca de 1 mil mortes por dia (um ter\u00e7o do que registra atualmente),&nbsp;o&nbsp;Brasil&nbsp;era o 7\u00ba do continente em \u00f3bitos proporcionais. Al\u00e9m de&nbsp;EUA,&nbsp;M\u00e9xico&nbsp;e&nbsp;Peru, o pa\u00eds tamb\u00e9m estava atr\u00e1s de&nbsp;Panam\u00e1,&nbsp;Col\u00f4mbia&nbsp;e&nbsp;Argentina.<\/p>\n<p style=\"text-align: justify;\">O pa\u00eds tinha tamb\u00e9m uma m\u00e9dia de novas v\u00edtimas da Covid-19 em rela\u00e7\u00e3o \u00e0 sua popula\u00e7\u00e3o inferior \u00e0 de&nbsp;EUA,&nbsp;M\u00e9xico,&nbsp;Peru,&nbsp;Panam\u00e1&nbsp;e&nbsp;Col\u00f4mbia.<\/p>\n<p style=\"text-align: justify;\"><a href=\"https:\/\/g1.globo.com\/bemestar\/coronavirus\/noticia\/2021\/04\/06\/brasil-bate-marca-de-4-mil-mortes-por-covid-registrados-em-um-dia-e-soma-3376-mil-na-pandemia.ghtml\">Com a escalada de mortes no pa\u00eds, que chegou a passar de 4,2 mil em um \u00fanico dia<\/a>, o&nbsp;Brasil&nbsp;viu a m\u00e9dia de mortes passar de cerca de 5 v\u00edtimas do novo coronav\u00edrus a cada 1 milh\u00e3o por dia em meados de fevereiro para cerca de 13 atualmente.<\/p>\n<p style=\"text-align: justify;\">Agora, al\u00e9m de liderar a triste marca nas Am\u00e9ricas,&nbsp;o&nbsp;Brasil&nbsp;\u00e9 tamb\u00e9m o 13\u00ba pa\u00eds com mais mortes proporcionais do mundo. Os 20 pa\u00edses com mais \u00f3bitos proporcionais do mundo s\u00e3o:<\/p>\n<p style=\"text-align: justify;\">Cro\u00e1cia:&nbsp;1.598<\/p>\n<p style=\"text-align: justify;\">Pol\u00f4nia:&nbsp;1.639<\/p>\n<p style=\"text-align: justify;\">Espanha:&nbsp;1.646<\/p>\n<p style=\"text-align: justify;\">M\u00e9xico:&nbsp;1.646<\/p>\n<p style=\"text-align: justify;\">Portugal:&nbsp;1.661<\/p>\n<p style=\"text-align: justify;\">Estados Unidos:&nbsp;1.713<\/p>\n<p style=\"text-align: justify;\">Peru:&nbsp;1.722<\/p>\n<p style=\"text-align: justify;\">Brasil:&nbsp;1.756<\/p>\n<p style=\"text-align: justify;\">Reino Unido:&nbsp;1.878<\/p>\n<p style=\"text-align: justify;\">It\u00e1lia:&nbsp;1.933<\/p>\n<p style=\"text-align: justify;\">Eslov\u00eania:&nbsp;2.000<\/p>\n<p style=\"text-align: justify;\">Eslov\u00e1quia:&nbsp;2.034<\/p>\n<p style=\"text-align: justify;\">B\u00e9lgica:&nbsp;2.048<\/p>\n<p style=\"text-align: justify;\">Maced\u00f4nia do Norte:&nbsp;2.132<\/p>\n<p style=\"text-align: justify;\">Bulg\u00e1ria:&nbsp;2.186<\/p>\n<p style=\"text-align: justify;\">Montenegro:&nbsp;2.275<\/p>\n<p style=\"text-align: justify;\">B\u00f3snia e Herzegovina:&nbsp;2.373<\/p>\n<p style=\"text-align: justify;\">San Marino:&nbsp;2.563<\/p>\n<p style=\"text-align: justify;\">Hungria:&nbsp;2.606<\/p>\n<p style=\"text-align: justify;\">Rep\u00fablica Tcheca:&nbsp;2.654 mortes a cada 1 milh\u00e3o de habitantes<\/p>\n<p style=\"text-align: justify;\">Desde o come\u00e7o de fevereiro, o&nbsp;Brasil&nbsp;passou no ranking proporcional diversos pa\u00edses que sofreram com ondas muito fortes de Covid-19, como&nbsp;Portugal,&nbsp;Espanha,&nbsp;Fran\u00e7a&nbsp;e&nbsp;Su\u00e9cia.<\/p>\n<p style=\"text-align: justify;\">O diretor-geral da Organiza\u00e7\u00e3o Mundial da Sa\u00fade (<a href=\"https:\/\/g1.globo.com\/tudo-sobre\/organizacao-mundial-de-saude\/\">OMS<\/a>), Tedros Adhanom Ghebreyesus, alertou nesta segunda-feira (19) que o&nbsp;<a href=\"https:\/\/g1.globo.com\/bemestar\/coronavirus\/noticia\/2021\/04\/19\/mundo-registra-mais-de-52-milhoes-de-novos-casos-de-covid-em-pior-semana-da-pandemia-aponta-oms.ghtml\">mundo registrou um recorde de mais de 5,2 milh\u00f5es novos casos de Covid-19 nos \u00faltimos sete dias<\/a>&nbsp;e as mortes subiram pela quinta semana seguida.<\/p>\n<p style=\"text-align: justify;\">&#8220;N\u00fameros grandes podem nos deixar insens\u00edveis&#8221;, disse Ghebreyesus. &#8220;Mas cada uma dessas mortes \u00e9 uma trag\u00e9dia para fam\u00edlias, comunidades e na\u00e7\u00f5es.&#8221;<\/p>\n<p style=\"text-align: justify;\">Fonte: G1 Globo<\/p>\n\n\n<p><\/p>\n","protected":false},"excerpt":{"rendered":"<p>O&nbsp;Brasil&nbsp;passou&nbsp;Estados Unidos,&nbsp;M\u00e9xico&nbsp;e&nbsp;Peru&nbsp;nas \u00faltimas duas semanas e&nbsp;se tornou o pa\u00eds com mais mortes por Covid-19 do continente americano em rela\u00e7\u00e3o \u00e0 sua popula\u00e7\u00e3o, apontam dados do &#8220;Our World in Data&#8221;. O&nbsp;Brasil&nbsp;tem atualmente 1.756 \u00f3bitos por milh\u00e3o de habitantes e ultrapassou o&nbsp;M\u00e9xico&nbsp;no dia 7 de abril, o&nbsp;Peru&nbsp;no dia 13 e os&nbsp;EUA&nbsp;no dia 14. Os 10 pa\u00edses com [&hellip;]<\/p>\n","protected":false},"author":1,"featured_media":22105,"comment_status":"closed","ping_status":"open","sticky":false,"template":"","format":"standard","meta":{"_uag_custom_page_level_css":"","_monsterinsights_skip_tracking":false,"_monsterinsights_sitenote_active":false,"_monsterinsights_sitenote_note":"","_monsterinsights_sitenote_category":0,"jetpack_post_was_ever_published":false,"_jetpack_newsletter_access":"","_jetpack_dont_email_post_to_subs":false,"_jetpack_newsletter_tier_id":0,"_jetpack_memberships_contains_paywalled_content":false,"_jetpack_memberships_contains_paid_content":false,"footnotes":"","jetpack_publicize_message":"","jetpack_publicize_feature_enabled":true,"jetpack_social_post_already_shared":true,"jetpack_social_options":{"image_generator_settings":{"template":"highway","default_image_id":0,"font":"","enabled":false},"version":2}},"categories":[1624],"tags":[14,1523,92],"class_list":["post-22104","post","type-post","status-publish","format-standard","has-post-thumbnail","hentry","category-covid-19","tag-brasil","tag-covid","tag-mortes"],"jetpack_publicize_connections":[],"jetpack_featured_media_url":"https:\/\/blogopara.com.br\/wp-content\/uploads\/2021\/04\/ap21106613524409.jpg","uagb_featured_image_src":{"full":["https:\/\/blogopara.com.br\/wp-content\/uploads\/2021\/04\/ap21106613524409.jpg",500,333,false],"thumbnail":["https:\/\/blogopara.com.br\/wp-content\/uploads\/2021\/04\/ap21106613524409-150x150.jpg",150,150,true],"medium":["https:\/\/blogopara.com.br\/wp-content\/uploads\/2021\/04\/ap21106613524409-300x200.jpg",300,200,true],"medium_large":["https:\/\/blogopara.com.br\/wp-content\/uploads\/2021\/04\/ap21106613524409.jpg",500,333,false],"large":["https:\/\/blogopara.com.br\/wp-content\/uploads\/2021\/04\/ap21106613524409.jpg",500,333,false],"1536x1536":["https:\/\/blogopara.com.br\/wp-content\/uploads\/2021\/04\/ap21106613524409.jpg",500,333,false],"2048x2048":["https:\/\/blogopara.com.br\/wp-content\/uploads\/2021\/04\/ap21106613524409.jpg",500,333,false],"mantranews-slider-large":["https:\/\/blogopara.com.br\/wp-content\/uploads\/2021\/04\/ap21106613524409.jpg",500,333,false],"mantranews-featured-medium":["https:\/\/blogopara.com.br\/wp-content\/uploads\/2021\/04\/ap21106613524409-420x307.jpg",420,307,true],"mantranews-featured-long":["https:\/\/blogopara.com.br\/wp-content\/uploads\/2021\/04\/ap21106613524409-300x333.jpg",300,333,true],"mantranews-block-medium":["https:\/\/blogopara.com.br\/wp-content\/uploads\/2021\/04\/ap21106613524409-464x290.jpg",464,290,true],"mantranews-carousel-image":["https:\/\/blogopara.com.br\/wp-content\/uploads\/2021\/04\/ap21106613524409.jpg",500,333,false],"mantranews-block-thumb":["https:\/\/blogopara.com.br\/wp-content\/uploads\/2021\/04\/ap21106613524409-322x230.jpg",322,230,true],"mantranews-single-large":["https:\/\/blogopara.com.br\/wp-content\/uploads\/2021\/04\/ap21106613524409.jpg",500,333,false]},"uagb_author_info":{"display_name":"Reda\u00e7\u00e3o geral","author_link":"https:\/\/blogopara.com.br\/index.php\/author\/blogopara"},"uagb_comment_info":0,"uagb_excerpt":"O&nbsp;Brasil&nbsp;passou&nbsp;Estados Unidos,&nbsp;M\u00e9xico&nbsp;e&nbsp;Peru&nbsp;nas \u00faltimas duas semanas e&nbsp;se tornou o pa\u00eds com mais mortes por Covid-19 do continente americano em rela\u00e7\u00e3o \u00e0 sua popula\u00e7\u00e3o, apontam dados do &#8220;Our World in Data&#8221;. O&nbsp;Brasil&nbsp;tem atualmente 1.756 \u00f3bitos por milh\u00e3o de habitantes e ultrapassou o&nbsp;M\u00e9xico&nbsp;no dia 7 de abril, o&nbsp;Peru&nbsp;no dia 13 e os&nbsp;EUA&nbsp;no dia 14. Os 10 pa\u00edses com&hellip;","jetpack_sharing_enabled":true,"jetpack_likes_enabled":true,"_links":{"self":[{"href":"https:\/\/blogopara.com.br\/index.php\/wp-json\/wp\/v2\/posts\/22104","targetHints":{"allow":["GET"]}}],"collection":[{"href":"https:\/\/blogopara.com.br\/index.php\/wp-json\/wp\/v2\/posts"}],"about":[{"href":"https:\/\/blogopara.com.br\/index.php\/wp-json\/wp\/v2\/types\/post"}],"author":[{"embeddable":true,"href":"https:\/\/blogopara.com.br\/index.php\/wp-json\/wp\/v2\/users\/1"}],"replies":[{"embeddable":true,"href":"https:\/\/blogopara.com.br\/index.php\/wp-json\/wp\/v2\/comments?post=22104"}],"version-history":[{"count":2,"href":"https:\/\/blogopara.com.br\/index.php\/wp-json\/wp\/v2\/posts\/22104\/revisions"}],"predecessor-version":[{"id":22107,"href":"https:\/\/blogopara.com.br\/index.php\/wp-json\/wp\/v2\/posts\/22104\/revisions\/22107"}],"wp:featuredmedia":[{"embeddable":true,"href":"https:\/\/blogopara.com.br\/index.php\/wp-json\/wp\/v2\/media\/22105"}],"wp:attachment":[{"href":"https:\/\/blogopara.com.br\/index.php\/wp-json\/wp\/v2\/media?parent=22104"}],"wp:term":[{"taxonomy":"category","embeddable":true,"href":"https:\/\/blogopara.com.br\/index.php\/wp-json\/wp\/v2\/categories?post=22104"},{"taxonomy":"post_tag","embeddable":true,"href":"https:\/\/blogopara.com.br\/index.php\/wp-json\/wp\/v2\/tags?post=22104"}],"curies":[{"name":"wp","href":"https:\/\/api.w.org\/{rel}","templated":true}]}}