{"id":22108,"date":"2021-04-19T18:17:00","date_gmt":"2021-04-19T21:17:00","guid":{"rendered":"https:\/\/blogopara.com.br\/?p=22108"},"modified":"2021-04-19T15:31:34","modified_gmt":"2021-04-19T18:31:34","slug":"bombeiras-comemoram-primeiro-ano-de-bebe-que-nasceu-na-sede-do-9ogbm","status":"publish","type":"post","link":"https:\/\/blogopara.com.br\/index.php\/2021\/04\/19\/bombeiras-comemoram-primeiro-ano-de-bebe-que-nasceu-na-sede-do-9ogbm","title":{"rendered":"Bombeiras comemoram primeiro ano de beb\u00ea que nasceu na sede do 9\u00baGBM"},"content":{"rendered":"<p style=\"text-align: justify;\">Os olhinhos do pequeno Jo\u00e3o V\u00edctor, de 1 ano, brilharam ao olhar a guarni\u00e7\u00e3o com quatro as bombeiras que chegou na resid\u00eancia do pequeno, na tarde desta sexta-feira (16). A visita foi para comemorar o primeiro ano do menino, que nasceu na sede do 9\u00ba Grupamento de Bombeiros Militar (9\u00baGBM\/Juazeiro), em 15 de abril de 2020. O parto foi realizado pela guarni\u00e7\u00e3o que estava de servi\u00e7o na unidade por volta das 7 da manh\u00e3 daquela quarta-feira.<\/p>\n<p style=\"text-align: justify;\">As militares foram recebidas com um sorrido da m\u00e3e do beb\u00ea, que guardou um peda\u00e7o do bolo para as bombeiras. \u201cFoi imensamente gratificante poder comemorar o primeiro ano dele. A data foi ontem (quinta), mas resolvemos ir hoje (sexta) para evitar aglomera\u00e7\u00e3o, pois sab\u00edamos que ontem a fam\u00edlia estaria reunida\u201d, explicou a subtenente BM V\u00e2nia Barbosa Feitosa.<\/p>\n<p style=\"text-align: justify;\">O encontro foi idealizado pela sargento BM Vandirlene da Costa Ribeiro que n\u00e3o conteve a emo\u00e7\u00e3o. \u201cUm ano depois voltamos \u00e0 casa do beb\u00ea Jo\u00e3o V\u00edctor, fizemos uma visita a m\u00e3e dele que ficou muito feliz com a nossa presen\u00e7a\u201d, completou. Jo\u00e3o V\u00edctor \u00e9 uma crian\u00e7a saud\u00e1vel, esperta e feliz. Ele nasceu no dia do anivers\u00e1rio do 9\u00baGBM. A sargento BM L\u00e9ia Batista da Silva Oliveira e a soldado BM Emanoela Oliveira Paiva tamb\u00e9m participaram do encontro.<\/p>\n\n\n<p>Ascom cbmba<\/p>\n","protected":false},"excerpt":{"rendered":"<p>Os olhinhos do pequeno Jo\u00e3o V\u00edctor, de 1 ano, brilharam ao olhar a guarni\u00e7\u00e3o com quatro as bombeiras que chegou na resid\u00eancia do pequeno, na tarde desta sexta-feira (16). A visita foi para comemorar o primeiro ano do menino, que nasceu na sede do 9\u00ba Grupamento de Bombeiros Militar (9\u00baGBM\/Juazeiro), em 15 de abril de [&hellip;]<\/p>\n","protected":false},"author":1,"featured_media":22110,"comment_status":"closed","ping_status":"open","sticky":false,"template":"","format":"standard","meta":{"_uag_custom_page_level_css":"","_monsterinsights_skip_tracking":false,"_monsterinsights_sitenote_active":false,"_monsterinsights_sitenote_note":"","_monsterinsights_sitenote_category":0,"jetpack_post_was_ever_published":false,"_jetpack_newsletter_access":"","_jetpack_dont_email_post_to_subs":false,"_jetpack_newsletter_tier_id":0,"_jetpack_memberships_contains_paywalled_content":false,"_jetpack_memberships_contains_paid_content":false,"footnotes":"","jetpack_publicize_message":"","jetpack_publicize_feature_enabled":true,"jetpack_social_post_already_shared":true,"jetpack_social_options":{"image_generator_settings":{"template":"highway","default_image_id":0,"font":"","enabled":false},"version":2}},"categories":[201],"tags":[249,2465,2463,2464],"class_list":["post-22108","post","type-post","status-publish","format-standard","has-post-thumbnail","hentry","category-bombeiro","tag-aniversario","tag-bebe-que-nasceu-na-sede-do-9o-gbm","tag-bombeiras","tag-comemoracao"],"jetpack_publicize_connections":[],"jetpack_featured_media_url":"https:\/\/blogopara.com.br\/wp-content\/uploads\/2021\/04\/bebecapa1_0.jpg","uagb_featured_image_src":{"full":["https:\/\/blogopara.com.br\/wp-content\/uploads\/2021\/04\/bebecapa1_0.jpg",500,660,false],"thumbnail":["https:\/\/blogopara.com.br\/wp-content\/uploads\/2021\/04\/bebecapa1_0-150x150.jpg",150,150,true],"medium":["https:\/\/blogopara.com.br\/wp-content\/uploads\/2021\/04\/bebecapa1_0-227x300.jpg",227,300,true],"medium_large":["https:\/\/blogopara.com.br\/wp-content\/uploads\/2021\/04\/bebecapa1_0.jpg",500,660,false],"large":["https:\/\/blogopara.com.br\/wp-content\/uploads\/2021\/04\/bebecapa1_0.jpg",500,660,false],"1536x1536":["https:\/\/blogopara.com.br\/wp-content\/uploads\/2021\/04\/bebecapa1_0.jpg",500,660,false],"2048x2048":["https:\/\/blogopara.com.br\/wp-content\/uploads\/2021\/04\/bebecapa1_0.jpg",500,660,false],"mantranews-slider-large":["https:\/\/blogopara.com.br\/wp-content\/uploads\/2021\/04\/bebecapa1_0.jpg",500,660,false],"mantranews-featured-medium":["https:\/\/blogopara.com.br\/wp-content\/uploads\/2021\/04\/bebecapa1_0-420x307.jpg",420,307,true],"mantranews-featured-long":["https:\/\/blogopara.com.br\/wp-content\/uploads\/2021\/04\/bebecapa1_0-300x443.jpg",300,443,true],"mantranews-block-medium":["https:\/\/blogopara.com.br\/wp-content\/uploads\/2021\/04\/bebecapa1_0-464x290.jpg",464,290,true],"mantranews-carousel-image":["https:\/\/blogopara.com.br\/wp-content\/uploads\/2021\/04\/bebecapa1_0-500x500.jpg",500,500,true],"mantranews-block-thumb":["https:\/\/blogopara.com.br\/wp-content\/uploads\/2021\/04\/bebecapa1_0-322x230.jpg",322,230,true],"mantranews-single-large":["https:\/\/blogopara.com.br\/wp-content\/uploads\/2021\/04\/bebecapa1_0-500x642.jpg",500,642,true]},"uagb_author_info":{"display_name":"Reda\u00e7\u00e3o geral","author_link":"https:\/\/blogopara.com.br\/index.php\/author\/blogopara"},"uagb_comment_info":0,"uagb_excerpt":"Os olhinhos do pequeno Jo\u00e3o V\u00edctor, de 1 ano, brilharam ao olhar a guarni\u00e7\u00e3o com quatro as bombeiras que chegou na resid\u00eancia do pequeno, na tarde desta sexta-feira (16). A visita foi para comemorar o primeiro ano do menino, que nasceu na sede do 9\u00ba Grupamento de Bombeiros Militar (9\u00baGBM\/Juazeiro), em 15 de abril de&hellip;","jetpack_sharing_enabled":true,"jetpack_likes_enabled":true,"_links":{"self":[{"href":"https:\/\/blogopara.com.br\/index.php\/wp-json\/wp\/v2\/posts\/22108","targetHints":{"allow":["GET"]}}],"collection":[{"href":"https:\/\/blogopara.com.br\/index.php\/wp-json\/wp\/v2\/posts"}],"about":[{"href":"https:\/\/blogopara.com.br\/index.php\/wp-json\/wp\/v2\/types\/post"}],"author":[{"embeddable":true,"href":"https:\/\/blogopara.com.br\/index.php\/wp-json\/wp\/v2\/users\/1"}],"replies":[{"embeddable":true,"href":"https:\/\/blogopara.com.br\/index.php\/wp-json\/wp\/v2\/comments?post=22108"}],"version-history":[{"count":1,"href":"https:\/\/blogopara.com.br\/index.php\/wp-json\/wp\/v2\/posts\/22108\/revisions"}],"predecessor-version":[{"id":22111,"href":"https:\/\/blogopara.com.br\/index.php\/wp-json\/wp\/v2\/posts\/22108\/revisions\/22111"}],"wp:featuredmedia":[{"embeddable":true,"href":"https:\/\/blogopara.com.br\/index.php\/wp-json\/wp\/v2\/media\/22110"}],"wp:attachment":[{"href":"https:\/\/blogopara.com.br\/index.php\/wp-json\/wp\/v2\/media?parent=22108"}],"wp:term":[{"taxonomy":"category","embeddable":true,"href":"https:\/\/blogopara.com.br\/index.php\/wp-json\/wp\/v2\/categories?post=22108"},{"taxonomy":"post_tag","embeddable":true,"href":"https:\/\/blogopara.com.br\/index.php\/wp-json\/wp\/v2\/tags?post=22108"}],"curies":[{"name":"wp","href":"https:\/\/api.w.org\/{rel}","templated":true}]}}