{"id":22109,"date":"2021-04-19T19:20:00","date_gmt":"2021-04-19T22:20:00","guid":{"rendered":"https:\/\/blogopara.com.br\/?p=22109"},"modified":"2021-04-19T15:40:08","modified_gmt":"2021-04-19T18:40:08","slug":"contrariando-o-stf-justica-da-bahia-determina-reintegracao-de-posse-de-area-habitada-por-indigenas","status":"publish","type":"post","link":"https:\/\/blogopara.com.br\/index.php\/2021\/04\/19\/contrariando-o-stf-justica-da-bahia-determina-reintegracao-de-posse-de-area-habitada-por-indigenas","title":{"rendered":"Contrariando o STF, Justi\u00e7a da Bahia determina reintegra\u00e7\u00e3o de posse de \u00e1rea habitada por ind\u00edgenas"},"content":{"rendered":"<p style=\"text-align: justify;\">A subse\u00e7\u00e3o da Justi\u00e7a Federal em Itabuna, na Bahia, determinou a reintegra\u00e7\u00e3o de posse de \u00e1reas da comunidade ind\u00edgena Tupinamb\u00e1 da Serra do Padeiro, de acordo com a Secretaria de Justi\u00e7a, Direitos Humanos e Desenvolvimento Social do estado.<\/p>\n<p style=\"text-align: justify;\">Contr\u00e1ria \u00e0 decis\u00e3o, a secretaria afirma que a reintegra\u00e7\u00e3o est\u00e1 em desacordo com determina\u00e7\u00e3o do ministro Edson Fachin, do STF (Supremo Tribunal Federal), que suspendeu processos judiciais de reintegra\u00e7\u00e3o de posse e de anula\u00e7\u00e3o de demarca\u00e7\u00f5es de terras ind\u00edgenas at\u00e9 o fim da epidemia da Covid-19 ou at\u00e9 a conclus\u00e3o do julgamento que trata do tema na Corte.<\/p>\n<p style=\"text-align: justify;\">Em dezembro do ano passado, o ministro Ricardo Lewandowski suspendeu decis\u00e3o pela reintegra\u00e7\u00e3o de posse da comunidade ind\u00edgena Tupinamb\u00e1 de Oliven\u00e7a, no munic\u00edpio de Una (BA).<\/p>\n<p style=\"text-align: justify;\">O magistrado reiterou a decis\u00e3o de Fachin e afirmou que as reintegra\u00e7\u00f5es de posse \u201cagravam a situa\u00e7\u00e3o dos ind\u00edgenas, que podem se ver, repentinamente, aglomerados em beiras de rodovias, desassistidos e sem condi\u00e7\u00f5es m\u00ednimas de higiene e isolamento para minimizar os riscos de cont\u00e1gio pelo coronav\u00edrus\u201d.<\/p>\n<p style=\"text-align: justify;\">A \u00e1rea habitada pela comunidade ind\u00edgena Tupinamb\u00e1 da Serra do Padeiro, que \u00e9 reivindicada pelo im\u00f3vel rural Conjunto Agr\u00edcola S\u00e3o Marcos, n\u00e3o est\u00e1 demarcada. De acordo com a secretaria baiana, a aldeia foi delimitada por laudo da Funai em 2009, mas o processo demarcat\u00f3rio n\u00e3o foi conclu\u00eddo porque o Minist\u00e9rio da Justi\u00e7a, sob a gest\u00e3o do ex-ministro Sergio Moro, pediu uma reavalia\u00e7\u00e3o.<\/p>\n<p style=\"text-align: justify;\">Segundo a pasta, que est\u00e1 com contato com \u00f3rg\u00e3os e lideran\u00e7as ind\u00edgenas para acompanhar a situa\u00e7\u00e3o dos tupinamb\u00e1s, a aus\u00eancia de demarca\u00e7\u00e3o \u201caumenta a instabilidade e o conflito na regi\u00e3o\u201d.<\/p>\n<p style=\"text-align: justify;\"><span class=\"assinatura_exclusiva\">M\u00f4nica Bergamo, Folhapress<\/span><\/p>\n<div class=\"carregar-mais\" style=\"text-align: justify;\"><\/div>\n","protected":false},"excerpt":{"rendered":"<p>A subse\u00e7\u00e3o da Justi\u00e7a Federal em Itabuna, na Bahia, determinou a reintegra\u00e7\u00e3o de posse de \u00e1reas da comunidade ind\u00edgena Tupinamb\u00e1 da Serra do Padeiro, de acordo com a Secretaria de Justi\u00e7a, Direitos Humanos e Desenvolvimento Social do estado. Contr\u00e1ria \u00e0 decis\u00e3o, a secretaria afirma que a reintegra\u00e7\u00e3o est\u00e1 em desacordo com determina\u00e7\u00e3o do ministro Edson [&hellip;]<\/p>\n","protected":false},"author":1,"featured_media":22112,"comment_status":"open","ping_status":"open","sticky":false,"template":"","format":"standard","meta":{"_uag_custom_page_level_css":"","_monsterinsights_skip_tracking":false,"_monsterinsights_sitenote_active":false,"_monsterinsights_sitenote_note":"","_monsterinsights_sitenote_category":0,"jetpack_post_was_ever_published":false,"_jetpack_newsletter_access":"","_jetpack_dont_email_post_to_subs":false,"_jetpack_newsletter_tier_id":0,"_jetpack_memberships_contains_paywalled_content":false,"_jetpack_memberships_contains_paid_content":false,"footnotes":"","jetpack_publicize_message":"","jetpack_publicize_feature_enabled":true,"jetpack_social_post_already_shared":true,"jetpack_social_options":{"image_generator_settings":{"template":"highway","default_image_id":0,"font":"","enabled":false},"version":2}},"categories":[199],"tags":[331,1278,322,242],"class_list":["post-22109","post","type-post","status-publish","format-standard","has-post-thumbnail","hentry","category-bahia","tag-indigenas","tag-reintegracao-de-posse","tag-stf","tag-tjba"],"jetpack_publicize_connections":[],"jetpack_featured_media_url":"https:\/\/blogopara.com.br\/wp-content\/uploads\/2021\/04\/download-3.jpg","uagb_featured_image_src":{"full":["https:\/\/blogopara.com.br\/wp-content\/uploads\/2021\/04\/download-3.jpg",400,266,false],"thumbnail":["https:\/\/blogopara.com.br\/wp-content\/uploads\/2021\/04\/download-3-150x150.jpg",150,150,true],"medium":["https:\/\/blogopara.com.br\/wp-content\/uploads\/2021\/04\/download-3-300x200.jpg",300,200,true],"medium_large":["https:\/\/blogopara.com.br\/wp-content\/uploads\/2021\/04\/download-3.jpg",400,266,false],"large":["https:\/\/blogopara.com.br\/wp-content\/uploads\/2021\/04\/download-3.jpg",400,266,false],"1536x1536":["https:\/\/blogopara.com.br\/wp-content\/uploads\/2021\/04\/download-3.jpg",400,266,false],"2048x2048":["https:\/\/blogopara.com.br\/wp-content\/uploads\/2021\/04\/download-3.jpg",400,266,false],"mantranews-slider-large":["https:\/\/blogopara.com.br\/wp-content\/uploads\/2021\/04\/download-3.jpg",400,266,false],"mantranews-featured-medium":["https:\/\/blogopara.com.br\/wp-content\/uploads\/2021\/04\/download-3.jpg",400,266,false],"mantranews-featured-long":["https:\/\/blogopara.com.br\/wp-content\/uploads\/2021\/04\/download-3-300x266.jpg",300,266,true],"mantranews-block-medium":["https:\/\/blogopara.com.br\/wp-content\/uploads\/2021\/04\/download-3.jpg",400,266,false],"mantranews-carousel-image":["https:\/\/blogopara.com.br\/wp-content\/uploads\/2021\/04\/download-3.jpg",400,266,false],"mantranews-block-thumb":["https:\/\/blogopara.com.br\/wp-content\/uploads\/2021\/04\/download-3-322x230.jpg",322,230,true],"mantranews-single-large":["https:\/\/blogopara.com.br\/wp-content\/uploads\/2021\/04\/download-3.jpg",400,266,false]},"uagb_author_info":{"display_name":"Reda\u00e7\u00e3o geral","author_link":"https:\/\/blogopara.com.br\/index.php\/author\/blogopara"},"uagb_comment_info":0,"uagb_excerpt":"A subse\u00e7\u00e3o da Justi\u00e7a Federal em Itabuna, na Bahia, determinou a reintegra\u00e7\u00e3o de posse de \u00e1reas da comunidade ind\u00edgena Tupinamb\u00e1 da Serra do Padeiro, de acordo com a Secretaria de Justi\u00e7a, Direitos Humanos e Desenvolvimento Social do estado. Contr\u00e1ria \u00e0 decis\u00e3o, a secretaria afirma que a reintegra\u00e7\u00e3o est\u00e1 em desacordo com determina\u00e7\u00e3o do ministro Edson&hellip;","jetpack_sharing_enabled":true,"jetpack_likes_enabled":true,"_links":{"self":[{"href":"https:\/\/blogopara.com.br\/index.php\/wp-json\/wp\/v2\/posts\/22109","targetHints":{"allow":["GET"]}}],"collection":[{"href":"https:\/\/blogopara.com.br\/index.php\/wp-json\/wp\/v2\/posts"}],"about":[{"href":"https:\/\/blogopara.com.br\/index.php\/wp-json\/wp\/v2\/types\/post"}],"author":[{"embeddable":true,"href":"https:\/\/blogopara.com.br\/index.php\/wp-json\/wp\/v2\/users\/1"}],"replies":[{"embeddable":true,"href":"https:\/\/blogopara.com.br\/index.php\/wp-json\/wp\/v2\/comments?post=22109"}],"version-history":[{"count":1,"href":"https:\/\/blogopara.com.br\/index.php\/wp-json\/wp\/v2\/posts\/22109\/revisions"}],"predecessor-version":[{"id":22113,"href":"https:\/\/blogopara.com.br\/index.php\/wp-json\/wp\/v2\/posts\/22109\/revisions\/22113"}],"wp:featuredmedia":[{"embeddable":true,"href":"https:\/\/blogopara.com.br\/index.php\/wp-json\/wp\/v2\/media\/22112"}],"wp:attachment":[{"href":"https:\/\/blogopara.com.br\/index.php\/wp-json\/wp\/v2\/media?parent=22109"}],"wp:term":[{"taxonomy":"category","embeddable":true,"href":"https:\/\/blogopara.com.br\/index.php\/wp-json\/wp\/v2\/categories?post=22109"},{"taxonomy":"post_tag","embeddable":true,"href":"https:\/\/blogopara.com.br\/index.php\/wp-json\/wp\/v2\/tags?post=22109"}],"curies":[{"name":"wp","href":"https:\/\/api.w.org\/{rel}","templated":true}]}}