{"id":22114,"date":"2021-04-19T17:09:00","date_gmt":"2021-04-19T20:09:00","guid":{"rendered":"https:\/\/blogopara.com.br\/?p=22114"},"modified":"2021-04-19T16:21:07","modified_gmt":"2021-04-19T19:21:07","slug":"pracas-e-espacos-publicos-recebem-atencao-especial-da-prefeitura-de-juazeiro","status":"publish","type":"post","link":"https:\/\/blogopara.com.br\/index.php\/2021\/04\/19\/pracas-e-espacos-publicos-recebem-atencao-especial-da-prefeitura-de-juazeiro","title":{"rendered":"Pra\u00e7as e espa\u00e7os p\u00fablicos recebem aten\u00e7\u00e3o especial da Prefeitura de Juazeiro"},"content":{"rendered":"<p style=\"text-align: justify;\">A Prefeitura de Juazeiro vem intensificando as a\u00e7\u00f5es de reestrutura\u00e7\u00e3o, limpeza e manuten\u00e7\u00e3o nas pra\u00e7as e canteiros, tanto na sede, como no interior do munic\u00edpio. O trabalho \u00e9 realizado pela Secretaria de Servi\u00e7os P\u00fablicos (SESP).<\/p>\n<p style=\"text-align: justify;\">J\u00e1 foram realizados servi\u00e7os de pintura e ilumina\u00e7\u00e3o nos canteiros da rua do Para\u00edso, bairro Santo Ant\u00f4nio; constru\u00e7\u00e3o e pintura dos canteiros da avenida Adolfo Viana; poda de \u00e1rvores na pra\u00e7a do bairro Tancredo Neves; limpeza, poda e pintura nos canteiros de acesso \u00e0 Ponte Presidente Dutra e pintura dos canteiros do cal\u00e7ad\u00e3o em torno do Pa\u00e7o Municipal.<\/p>\n<p style=\"text-align: justify;\">\u201cEstamos tamb\u00e9m reconstruindo os canteiros da Avenida da Esta\u00e7\u00e3o, no bairro Piranga, e esta semana iremos concluir o mutir\u00e3o de limpeza com capina, varri\u00e7\u00e3o, recolhimento de entulho, pintura de meio-fio e manuten\u00e7\u00e3o da ilumina\u00e7\u00e3o na pra\u00e7a da Vila Tiradentes. Na pra\u00e7a Am\u00e9rico Tanuri, bairro Castelo Branco estamos realizando a reforma do piso, canteiros e bancos da referida pra\u00e7a\u201d, destaca o titular da SESP, Charles Leal.<\/p>\n<p style=\"text-align: justify;\"><b>Interior<\/b><\/p>\n<p style=\"text-align: justify;\">No distrito de Juremal as equipes j\u00e1 realizaram capina, varri\u00e7\u00e3o, troca de l\u00e2mpadas, poda de \u00e1rvores, pintura de meio-fio e restaura\u00e7\u00e3o das cal\u00e7adas e cal\u00e7amentos com pedras portuguesas.<\/p>\n<p style=\"text-align: justify;\">\u201cReiteramos que elaboramos um cronograma para atender todas as pra\u00e7as e canteiros de Juazeiro. Estamos com as nossas equipes determinadas para executarem os servi\u00e7os com qualidade, almejando assim contemplar o mais r\u00e1pido poss\u00edvel todas as demandas\u201d, conclui Charles Leal.<\/p>\n<p style=\"text-align: justify;\">Texto: Ascom SESP<\/p>\n","protected":false},"excerpt":{"rendered":"<p>A Prefeitura de Juazeiro vem intensificando as a\u00e7\u00f5es de reestrutura\u00e7\u00e3o, limpeza e manuten\u00e7\u00e3o nas pra\u00e7as e canteiros, tanto na sede, como no interior do munic\u00edpio. O trabalho \u00e9 realizado pela Secretaria de Servi\u00e7os P\u00fablicos (SESP). J\u00e1 foram realizados servi\u00e7os de pintura e ilumina\u00e7\u00e3o nos canteiros da rua do Para\u00edso, bairro Santo Ant\u00f4nio; constru\u00e7\u00e3o e pintura [&hellip;]<\/p>\n","protected":false},"author":1,"featured_media":22115,"comment_status":"closed","ping_status":"open","sticky":false,"template":"","format":"standard","meta":{"_uag_custom_page_level_css":"","_monsterinsights_skip_tracking":false,"_monsterinsights_sitenote_active":false,"_monsterinsights_sitenote_note":"","_monsterinsights_sitenote_category":0,"jetpack_post_was_ever_published":false,"_jetpack_newsletter_access":"","_jetpack_dont_email_post_to_subs":false,"_jetpack_newsletter_tier_id":0,"_jetpack_memberships_contains_paywalled_content":false,"_jetpack_memberships_contains_paid_content":false,"footnotes":"","jetpack_publicize_message":"","jetpack_publicize_feature_enabled":true,"jetpack_social_post_already_shared":true,"jetpack_social_options":{"image_generator_settings":{"template":"highway","default_image_id":0,"font":"","enabled":false},"version":2}},"categories":[203],"tags":[2467,1756,2466],"class_list":["post-22114","post","type-post","status-publish","format-standard","has-post-thumbnail","hentry","category-juazeiro","tag-espacos-publicos","tag-limpeza-publica","tag-pracas"],"jetpack_publicize_connections":[],"jetpack_featured_media_url":"https:\/\/blogopara.com.br\/wp-content\/uploads\/2021\/04\/WhatsApp-Image-2021-04-19-at-14.05.55.jpeg","uagb_featured_image_src":{"full":["https:\/\/blogopara.com.br\/wp-content\/uploads\/2021\/04\/WhatsApp-Image-2021-04-19-at-14.05.55.jpeg",500,375,false],"thumbnail":["https:\/\/blogopara.com.br\/wp-content\/uploads\/2021\/04\/WhatsApp-Image-2021-04-19-at-14.05.55-150x150.jpeg",150,150,true],"medium":["https:\/\/blogopara.com.br\/wp-content\/uploads\/2021\/04\/WhatsApp-Image-2021-04-19-at-14.05.55-300x225.jpeg",300,225,true],"medium_large":["https:\/\/blogopara.com.br\/wp-content\/uploads\/2021\/04\/WhatsApp-Image-2021-04-19-at-14.05.55.jpeg",500,375,false],"large":["https:\/\/blogopara.com.br\/wp-content\/uploads\/2021\/04\/WhatsApp-Image-2021-04-19-at-14.05.55.jpeg",500,375,false],"1536x1536":["https:\/\/blogopara.com.br\/wp-content\/uploads\/2021\/04\/WhatsApp-Image-2021-04-19-at-14.05.55.jpeg",500,375,false],"2048x2048":["https:\/\/blogopara.com.br\/wp-content\/uploads\/2021\/04\/WhatsApp-Image-2021-04-19-at-14.05.55.jpeg",500,375,false],"mantranews-slider-large":["https:\/\/blogopara.com.br\/wp-content\/uploads\/2021\/04\/WhatsApp-Image-2021-04-19-at-14.05.55.jpeg",500,375,false],"mantranews-featured-medium":["https:\/\/blogopara.com.br\/wp-content\/uploads\/2021\/04\/WhatsApp-Image-2021-04-19-at-14.05.55-420x307.jpeg",420,307,true],"mantranews-featured-long":["https:\/\/blogopara.com.br\/wp-content\/uploads\/2021\/04\/WhatsApp-Image-2021-04-19-at-14.05.55-300x375.jpeg",300,375,true],"mantranews-block-medium":["https:\/\/blogopara.com.br\/wp-content\/uploads\/2021\/04\/WhatsApp-Image-2021-04-19-at-14.05.55-464x290.jpeg",464,290,true],"mantranews-carousel-image":["https:\/\/blogopara.com.br\/wp-content\/uploads\/2021\/04\/WhatsApp-Image-2021-04-19-at-14.05.55.jpeg",500,375,false],"mantranews-block-thumb":["https:\/\/blogopara.com.br\/wp-content\/uploads\/2021\/04\/WhatsApp-Image-2021-04-19-at-14.05.55-322x230.jpeg",322,230,true],"mantranews-single-large":["https:\/\/blogopara.com.br\/wp-content\/uploads\/2021\/04\/WhatsApp-Image-2021-04-19-at-14.05.55.jpeg",500,375,false]},"uagb_author_info":{"display_name":"Reda\u00e7\u00e3o geral","author_link":"https:\/\/blogopara.com.br\/index.php\/author\/blogopara"},"uagb_comment_info":0,"uagb_excerpt":"A Prefeitura de Juazeiro vem intensificando as a\u00e7\u00f5es de reestrutura\u00e7\u00e3o, limpeza e manuten\u00e7\u00e3o nas pra\u00e7as e canteiros, tanto na sede, como no interior do munic\u00edpio. O trabalho \u00e9 realizado pela Secretaria de Servi\u00e7os P\u00fablicos (SESP). J\u00e1 foram realizados servi\u00e7os de pintura e ilumina\u00e7\u00e3o nos canteiros da rua do Para\u00edso, bairro Santo Ant\u00f4nio; constru\u00e7\u00e3o e pintura&hellip;","jetpack_sharing_enabled":true,"jetpack_likes_enabled":true,"_links":{"self":[{"href":"https:\/\/blogopara.com.br\/index.php\/wp-json\/wp\/v2\/posts\/22114","targetHints":{"allow":["GET"]}}],"collection":[{"href":"https:\/\/blogopara.com.br\/index.php\/wp-json\/wp\/v2\/posts"}],"about":[{"href":"https:\/\/blogopara.com.br\/index.php\/wp-json\/wp\/v2\/types\/post"}],"author":[{"embeddable":true,"href":"https:\/\/blogopara.com.br\/index.php\/wp-json\/wp\/v2\/users\/1"}],"replies":[{"embeddable":true,"href":"https:\/\/blogopara.com.br\/index.php\/wp-json\/wp\/v2\/comments?post=22114"}],"version-history":[{"count":1,"href":"https:\/\/blogopara.com.br\/index.php\/wp-json\/wp\/v2\/posts\/22114\/revisions"}],"predecessor-version":[{"id":22116,"href":"https:\/\/blogopara.com.br\/index.php\/wp-json\/wp\/v2\/posts\/22114\/revisions\/22116"}],"wp:featuredmedia":[{"embeddable":true,"href":"https:\/\/blogopara.com.br\/index.php\/wp-json\/wp\/v2\/media\/22115"}],"wp:attachment":[{"href":"https:\/\/blogopara.com.br\/index.php\/wp-json\/wp\/v2\/media?parent=22114"}],"wp:term":[{"taxonomy":"category","embeddable":true,"href":"https:\/\/blogopara.com.br\/index.php\/wp-json\/wp\/v2\/categories?post=22114"},{"taxonomy":"post_tag","embeddable":true,"href":"https:\/\/blogopara.com.br\/index.php\/wp-json\/wp\/v2\/tags?post=22114"}],"curies":[{"name":"wp","href":"https:\/\/api.w.org\/{rel}","templated":true}]}}