{"id":22132,"date":"2021-04-20T11:42:00","date_gmt":"2021-04-20T14:42:00","guid":{"rendered":"https:\/\/blogopara.com.br\/?p=22132"},"modified":"2021-04-20T09:31:48","modified_gmt":"2021-04-20T12:31:48","slug":"confiram-as-vagas-de-emprego-disponiveis-nesta-terca-feira-na-agencia-do-trabalho","status":"publish","type":"post","link":"https:\/\/blogopara.com.br\/index.php\/2021\/04\/20\/confiram-as-vagas-de-emprego-disponiveis-nesta-terca-feira-na-agencia-do-trabalho","title":{"rendered":"Confiram as vagas de emprego dispon\u00edveis nesta ter\u00e7a-feira na Ag\u00eancia do Trabalho"},"content":{"rendered":"<p style=\"text-align: justify;\">A Ag\u00eancia do Trabalho divulgou a\u00a0<a href=\"https:\/\/www.carlosbritto.com\/wp-content\/uploads\/2021\/04\/Copia-de-Copia-de-Copia-de-Copia-de-QUADRO-DE-VAGAS-20.04.20211-1.pdf\"><strong>lista com as vagas de emprego dispon\u00edveis<\/strong><\/a>\u00a0nesta ter\u00e7a-feira (20) em Petrolina. H\u00e1 oportunidades para auxiliar de mec\u00e2nico de autos (1), instrutor de autoescola (1) e t\u00e9cnico de opera\u00e7\u00e3o eletrot\u00e9cnica (1).<\/p>\n<p style=\"text-align: justify;\">No momento n\u00e3o h\u00e1 vagas para pessoas com defici\u00eancia.<\/p>\n<p style=\"text-align: justify;\">O atendimento ao p\u00fablico \u00e9 feito das 7h \u00e0s 13h, mas durante esse per\u00edodo de pandemia do novo coronav\u00edrus (Covid-19), \u00e9 necess\u00e1rio antes fazer o pr\u00e9-agendamento pelo site da Secretaria do Trabalho, Emprego e Qualifica\u00e7\u00e3o (Seteq). A Ag\u00eancia do Trabalho de Petrolina fica localizada no Centro de Conven\u00e7\u00f5es Senador Nilo Coelho, \u00e1rea central da cidade. O telefone \u00e9 o (87) 3866-6540. Vale lembrar que a lista est\u00e1 sujeita a altera\u00e7\u00f5es no decorrer do dia. As vagas nas demais ag\u00eancias do trabalho no Estado tamb\u00e9m podem ser acessadas pelo link.<\/p>\n\n\n<p>Fonte: Blog Carlos Britto<\/p>\n","protected":false},"excerpt":{"rendered":"<p>A Ag\u00eancia do Trabalho divulgou a\u00a0lista com as vagas de emprego dispon\u00edveis\u00a0nesta ter\u00e7a-feira (20) em Petrolina. H\u00e1 oportunidades para auxiliar de mec\u00e2nico de autos (1), instrutor de autoescola (1) e t\u00e9cnico de opera\u00e7\u00e3o eletrot\u00e9cnica (1). No momento n\u00e3o h\u00e1 vagas para pessoas com defici\u00eancia. O atendimento ao p\u00fablico \u00e9 feito das 7h \u00e0s 13h, mas [&hellip;]<\/p>\n","protected":false},"author":1,"featured_media":22133,"comment_status":"closed","ping_status":"open","sticky":false,"template":"","format":"standard","meta":{"_uag_custom_page_level_css":"","_monsterinsights_skip_tracking":false,"_monsterinsights_sitenote_active":false,"_monsterinsights_sitenote_note":"","_monsterinsights_sitenote_category":0,"jetpack_post_was_ever_published":false,"_jetpack_newsletter_access":"","_jetpack_dont_email_post_to_subs":false,"_jetpack_newsletter_tier_id":0,"_jetpack_memberships_contains_paywalled_content":false,"_jetpack_memberships_contains_paid_content":false,"footnotes":"","jetpack_publicize_message":"","jetpack_publicize_feature_enabled":true,"jetpack_social_post_already_shared":true,"jetpack_social_options":{"image_generator_settings":{"template":"highway","default_image_id":0,"font":"","enabled":false},"version":2}},"categories":[851],"tags":[2479,2478,2477],"class_list":["post-22132","post","type-post","status-publish","format-standard","has-post-thumbnail","hentry","category-petrolina","tag-agencia-do-trabalho","tag-petrolina-pe","tag-vagas-de-emprego"],"jetpack_publicize_connections":[],"jetpack_featured_media_url":"https:\/\/blogopara.com.br\/wp-content\/uploads\/2021\/04\/vagas-emprego-blog2-696x250-1.jpg","uagb_featured_image_src":{"full":["https:\/\/blogopara.com.br\/wp-content\/uploads\/2021\/04\/vagas-emprego-blog2-696x250-1.jpg",500,179,false],"thumbnail":["https:\/\/blogopara.com.br\/wp-content\/uploads\/2021\/04\/vagas-emprego-blog2-696x250-1-150x150.jpg",150,150,true],"medium":["https:\/\/blogopara.com.br\/wp-content\/uploads\/2021\/04\/vagas-emprego-blog2-696x250-1-300x107.jpg",300,107,true],"medium_large":["https:\/\/blogopara.com.br\/wp-content\/uploads\/2021\/04\/vagas-emprego-blog2-696x250-1.jpg",500,179,false],"large":["https:\/\/blogopara.com.br\/wp-content\/uploads\/2021\/04\/vagas-emprego-blog2-696x250-1.jpg",500,179,false],"1536x1536":["https:\/\/blogopara.com.br\/wp-content\/uploads\/2021\/04\/vagas-emprego-blog2-696x250-1.jpg",500,179,false],"2048x2048":["https:\/\/blogopara.com.br\/wp-content\/uploads\/2021\/04\/vagas-emprego-blog2-696x250-1.jpg",500,179,false],"mantranews-slider-large":["https:\/\/blogopara.com.br\/wp-content\/uploads\/2021\/04\/vagas-emprego-blog2-696x250-1.jpg",500,179,false],"mantranews-featured-medium":["https:\/\/blogopara.com.br\/wp-content\/uploads\/2021\/04\/vagas-emprego-blog2-696x250-1-420x179.jpg",420,179,true],"mantranews-featured-long":["https:\/\/blogopara.com.br\/wp-content\/uploads\/2021\/04\/vagas-emprego-blog2-696x250-1-300x179.jpg",300,179,true],"mantranews-block-medium":["https:\/\/blogopara.com.br\/wp-content\/uploads\/2021\/04\/vagas-emprego-blog2-696x250-1-464x179.jpg",464,179,true],"mantranews-carousel-image":["https:\/\/blogopara.com.br\/wp-content\/uploads\/2021\/04\/vagas-emprego-blog2-696x250-1.jpg",500,179,false],"mantranews-block-thumb":["https:\/\/blogopara.com.br\/wp-content\/uploads\/2021\/04\/vagas-emprego-blog2-696x250-1-322x179.jpg",322,179,true],"mantranews-single-large":["https:\/\/blogopara.com.br\/wp-content\/uploads\/2021\/04\/vagas-emprego-blog2-696x250-1.jpg",500,179,false]},"uagb_author_info":{"display_name":"Reda\u00e7\u00e3o geral","author_link":"https:\/\/blogopara.com.br\/index.php\/author\/blogopara"},"uagb_comment_info":0,"uagb_excerpt":"A Ag\u00eancia do Trabalho divulgou a\u00a0lista com as vagas de emprego dispon\u00edveis\u00a0nesta ter\u00e7a-feira (20) em Petrolina. H\u00e1 oportunidades para auxiliar de mec\u00e2nico de autos (1), instrutor de autoescola (1) e t\u00e9cnico de opera\u00e7\u00e3o eletrot\u00e9cnica (1). No momento n\u00e3o h\u00e1 vagas para pessoas com defici\u00eancia. O atendimento ao p\u00fablico \u00e9 feito das 7h \u00e0s 13h, mas&hellip;","jetpack_sharing_enabled":true,"jetpack_likes_enabled":true,"_links":{"self":[{"href":"https:\/\/blogopara.com.br\/index.php\/wp-json\/wp\/v2\/posts\/22132","targetHints":{"allow":["GET"]}}],"collection":[{"href":"https:\/\/blogopara.com.br\/index.php\/wp-json\/wp\/v2\/posts"}],"about":[{"href":"https:\/\/blogopara.com.br\/index.php\/wp-json\/wp\/v2\/types\/post"}],"author":[{"embeddable":true,"href":"https:\/\/blogopara.com.br\/index.php\/wp-json\/wp\/v2\/users\/1"}],"replies":[{"embeddable":true,"href":"https:\/\/blogopara.com.br\/index.php\/wp-json\/wp\/v2\/comments?post=22132"}],"version-history":[{"count":1,"href":"https:\/\/blogopara.com.br\/index.php\/wp-json\/wp\/v2\/posts\/22132\/revisions"}],"predecessor-version":[{"id":22134,"href":"https:\/\/blogopara.com.br\/index.php\/wp-json\/wp\/v2\/posts\/22132\/revisions\/22134"}],"wp:featuredmedia":[{"embeddable":true,"href":"https:\/\/blogopara.com.br\/index.php\/wp-json\/wp\/v2\/media\/22133"}],"wp:attachment":[{"href":"https:\/\/blogopara.com.br\/index.php\/wp-json\/wp\/v2\/media?parent=22132"}],"wp:term":[{"taxonomy":"category","embeddable":true,"href":"https:\/\/blogopara.com.br\/index.php\/wp-json\/wp\/v2\/categories?post=22132"},{"taxonomy":"post_tag","embeddable":true,"href":"https:\/\/blogopara.com.br\/index.php\/wp-json\/wp\/v2\/tags?post=22132"}],"curies":[{"name":"wp","href":"https:\/\/api.w.org\/{rel}","templated":true}]}}