{"id":22138,"date":"2021-04-20T15:58:00","date_gmt":"2021-04-20T18:58:00","guid":{"rendered":"https:\/\/blogopara.com.br\/?p=22138"},"modified":"2021-04-20T21:07:36","modified_gmt":"2021-04-21T00:07:36","slug":"ex-funcionarios-denunciam-a-empresa-joafra-por-irregularidades-e-pedem-providencias-aos-orgaos-competentes","status":"publish","type":"post","link":"https:\/\/blogopara.com.br\/index.php\/2021\/04\/20\/ex-funcionarios-denunciam-a-empresa-joafra-por-irregularidades-e-pedem-providencias-aos-orgaos-competentes","title":{"rendered":"Ex-funcion\u00e1rios denunciam a empresa Joafra por irregularidades e pedem provid\u00eancias aos \u00f3rg\u00e3os competentes"},"content":{"rendered":"<p style=\"text-align: justify;\">Mais uma vez a empresa de \u00f4nibus Joafra, que atua em Juazeiro-BA, vem sendo alvo de den\u00fancias, por irregularidades e descumprimento de leis trabalhistas. Em janeiro funcion\u00e1rios da empresa realizaram um protesto cobrando seus direitos. Na manh\u00e3 desta ter\u00e7a-feira (20.04) dois ex-funcion\u00e1rios, Genilson Ara\u00fajo e Gillyard Carvalho, procuraram a reda\u00e7\u00e3o do blog Opar\u00e1 para reivindicar seus pagamentos, referentes ao tempo que atuaram na empresa. Eles tamb\u00e9m pedem que os \u00f3rg\u00e3os competentes, Minist\u00e9rio do Trabalho e Minist\u00e9rio P\u00fablico, tomem provid\u00eancias cab\u00edveis.<\/p>\n<p>\u00a0<\/p>\n<p style=\"text-align: justify;\">As acusa\u00e7\u00f5es dos ex-funcion\u00e1rios\u00a0<\/p>\n<p>\u00a0<\/p>\n<p style=\"text-align: justify;\">De acordo com as informa\u00e7\u00f5es dos dois ex-funcion\u00e1rios, demitidos a cerca de um ano, num quadro de v\u00e1rios outros motoristas, at\u00e9 o presente momento eles n\u00e3o receberam seus direitos trabalhistas: rescis\u00f5es, como f\u00e9rias, 13\u00b0 saldo de sal\u00e1rio e o aviso pr\u00e9vio. \u201cO Seguro desemprego consegui receber porque a empresa fez um dep\u00f3sito de R$ 100,00 na conta do FGTS s\u00f3 para liberar as parcelas\u201d, conta Gillyard Carvalho, que atuou na Joafra por quase cinco anos.<\/p>\n<p style=\"text-align: justify;\">Os ex-funcion\u00e1rios ainda relatam que, as informa\u00e7\u00f5es recebidas pela Gest\u00e3o de Recursos Humanos (RH) da Joafra foi que procurassem a justi\u00e7a, pois a empresa n\u00e3o iria pagar. \u201cA gente j\u00e1 denunciou no Minist\u00e9rio P\u00fablico e no Minist\u00e9rio do Trabalho. Essas den\u00fancias foram realizadas em junho, do ano passado, mas quando entro em contato com os representantes, dos \u00f3rg\u00e3os citados, falam que o caso est\u00e1 em investiga\u00e7\u00e3o e n\u00e3o resolvem nada. Isso que \u00e9 revoltante. Dar a entender que o \u2018Senhor Le\u00e3ozinho\u2019, como \u00e9 chamado, manda e desmanda na cidade\u201d, declara Genilson Ara\u00fajo.<\/p>\n<p style=\"text-align: justify;\">\u201cAgora me pergunto at\u00e9 que ponto pode isso? Eu fui demitido por puro preconceito. Hoje sou estudante de direito. J\u00e1 estou no segundo per\u00edodo e sei como a lei funciona. Na constitui\u00e7\u00e3o temos no Art. 5\u2022 que todos somos iguais perante a lei, que se sega a favor da empresa, que d\u00e1 raz\u00e3o a ela. Ser\u00e1 medo? troca de favores? porque aqui, em Juazeiro, quem manda \u00e9 a Joafra\u201d, Questiona Gillyard.<\/p>\n<p style=\"text-align: justify;\">Outras irregularidades foram relatadas por Genilson. Segundo ele, a Joafra n\u00e3o deposita o valor do FGTS, na conta dos funcion\u00e1rios, n\u00e3o paga hora extra, adicional noturno e insalubridade. Ele diz que quando saiu da empresa o seu ticket de alimenta\u00e7\u00e3o estava com tr\u00eas meses de atraso e que se o funcion\u00e1rio reivindicar seus direitos \u00e9 demitido. \u201cTem persegui\u00e7\u00e3o. Se voc\u00ea questionar alguma coisa \u00e9 demitido, como aconteceu h\u00e1 dois meses, quando teve a paralisa\u00e7\u00e3o. Seis funcion\u00e1rios despedidos, porque eles achavam que eram \u2018os cabe\u00e7as\u2019 do protesto\u201d, pontua Genilson,<\/p>\n<p style=\"text-align: justify;\">\u201cPe\u00e7o que a justi\u00e7a analise os casos narrados e de outros motoristas que est\u00e3o nas mesmas condi\u00e7\u00f5es e resolva nossas situa\u00e7\u00f5es. J\u00e1 tive uma primeira audi\u00eancia no Tribunal Regional do Trabalho (TRT) no final do ano passado, por videoconfer\u00eancia, mas n\u00e3o resultou em nada\u201d, finaliza Gillyard.<\/p>\n<p style=\"text-align: justify;\">Texto: Elinete Carvalho<\/p>\n<p style=\"text-align: justify;\">Da Reda\u00e7\u00e3o<\/p>\n<p style=\"text-align: justify;\">\u00a0<\/p>\n\n\n<p><\/p>\n","protected":false},"excerpt":{"rendered":"<p>Mais uma vez a empresa de \u00f4nibus Joafra, que atua em Juazeiro-BA, vem sendo alvo de den\u00fancias, por irregularidades e descumprimento de leis trabalhistas. Em janeiro funcion\u00e1rios da empresa realizaram um protesto cobrando seus direitos. Na manh\u00e3 desta ter\u00e7a-feira (20.04) dois ex-funcion\u00e1rios, Genilson Ara\u00fajo e Gillyard Carvalho, procuraram a reda\u00e7\u00e3o do blog Opar\u00e1 para reivindicar [&hellip;]<\/p>\n","protected":false},"author":1,"featured_media":18894,"comment_status":"closed","ping_status":"open","sticky":false,"template":"","format":"standard","meta":{"_uag_custom_page_level_css":"","_monsterinsights_skip_tracking":false,"_monsterinsights_sitenote_active":false,"_monsterinsights_sitenote_note":"","_monsterinsights_sitenote_category":0,"jetpack_post_was_ever_published":false,"_jetpack_newsletter_access":"","_jetpack_dont_email_post_to_subs":false,"_jetpack_newsletter_tier_id":0,"_jetpack_memberships_contains_paywalled_content":false,"_jetpack_memberships_contains_paid_content":false,"footnotes":"","jetpack_publicize_message":"","jetpack_publicize_feature_enabled":true,"jetpack_social_post_already_shared":true,"jetpack_social_options":{"image_generator_settings":{"template":"highway","default_image_id":0,"font":"","enabled":false},"version":2}},"categories":[203],"tags":[836,1371,1174,2181],"class_list":["post-22138","post","type-post","status-publish","format-standard","has-post-thumbnail","hentry","category-juazeiro","tag-denuncia-2","tag-ex-funcionarios","tag-irregularidades","tag-joafra"],"jetpack_publicize_connections":[],"jetpack_featured_media_url":"https:\/\/blogopara.com.br\/wp-content\/uploads\/2021\/02\/Onibus.jpeg","uagb_featured_image_src":{"full":["https:\/\/blogopara.com.br\/wp-content\/uploads\/2021\/02\/Onibus.jpeg",500,312,false],"thumbnail":["https:\/\/blogopara.com.br\/wp-content\/uploads\/2021\/02\/Onibus-150x150.jpeg",150,150,true],"medium":["https:\/\/blogopara.com.br\/wp-content\/uploads\/2021\/02\/Onibus-300x187.jpeg",300,187,true],"medium_large":["https:\/\/blogopara.com.br\/wp-content\/uploads\/2021\/02\/Onibus.jpeg",500,312,false],"large":["https:\/\/blogopara.com.br\/wp-content\/uploads\/2021\/02\/Onibus.jpeg",500,312,false],"1536x1536":["https:\/\/blogopara.com.br\/wp-content\/uploads\/2021\/02\/Onibus.jpeg",500,312,false],"2048x2048":["https:\/\/blogopara.com.br\/wp-content\/uploads\/2021\/02\/Onibus.jpeg",500,312,false],"mantranews-slider-large":["https:\/\/blogopara.com.br\/wp-content\/uploads\/2021\/02\/Onibus.jpeg",500,312,false],"mantranews-featured-medium":["https:\/\/blogopara.com.br\/wp-content\/uploads\/2021\/02\/Onibus-420x307.jpeg",420,307,true],"mantranews-featured-long":["https:\/\/blogopara.com.br\/wp-content\/uploads\/2021\/02\/Onibus-300x312.jpeg",300,312,true],"mantranews-block-medium":["https:\/\/blogopara.com.br\/wp-content\/uploads\/2021\/02\/Onibus-464x290.jpeg",464,290,true],"mantranews-carousel-image":["https:\/\/blogopara.com.br\/wp-content\/uploads\/2021\/02\/Onibus.jpeg",500,312,false],"mantranews-block-thumb":["https:\/\/blogopara.com.br\/wp-content\/uploads\/2021\/02\/Onibus-322x230.jpeg",322,230,true],"mantranews-single-large":["https:\/\/blogopara.com.br\/wp-content\/uploads\/2021\/02\/Onibus.jpeg",500,312,false]},"uagb_author_info":{"display_name":"Reda\u00e7\u00e3o geral","author_link":"https:\/\/blogopara.com.br\/index.php\/author\/blogopara"},"uagb_comment_info":0,"uagb_excerpt":"Mais uma vez a empresa de \u00f4nibus Joafra, que atua em Juazeiro-BA, vem sendo alvo de den\u00fancias, por irregularidades e descumprimento de leis trabalhistas. Em janeiro funcion\u00e1rios da empresa realizaram um protesto cobrando seus direitos. Na manh\u00e3 desta ter\u00e7a-feira (20.04) dois ex-funcion\u00e1rios, Genilson Ara\u00fajo e Gillyard Carvalho, procuraram a reda\u00e7\u00e3o do blog Opar\u00e1 para reivindicar&hellip;","jetpack_sharing_enabled":true,"jetpack_likes_enabled":true,"_links":{"self":[{"href":"https:\/\/blogopara.com.br\/index.php\/wp-json\/wp\/v2\/posts\/22138","targetHints":{"allow":["GET"]}}],"collection":[{"href":"https:\/\/blogopara.com.br\/index.php\/wp-json\/wp\/v2\/posts"}],"about":[{"href":"https:\/\/blogopara.com.br\/index.php\/wp-json\/wp\/v2\/types\/post"}],"author":[{"embeddable":true,"href":"https:\/\/blogopara.com.br\/index.php\/wp-json\/wp\/v2\/users\/1"}],"replies":[{"embeddable":true,"href":"https:\/\/blogopara.com.br\/index.php\/wp-json\/wp\/v2\/comments?post=22138"}],"version-history":[{"count":5,"href":"https:\/\/blogopara.com.br\/index.php\/wp-json\/wp\/v2\/posts\/22138\/revisions"}],"predecessor-version":[{"id":22173,"href":"https:\/\/blogopara.com.br\/index.php\/wp-json\/wp\/v2\/posts\/22138\/revisions\/22173"}],"wp:featuredmedia":[{"embeddable":true,"href":"https:\/\/blogopara.com.br\/index.php\/wp-json\/wp\/v2\/media\/18894"}],"wp:attachment":[{"href":"https:\/\/blogopara.com.br\/index.php\/wp-json\/wp\/v2\/media?parent=22138"}],"wp:term":[{"taxonomy":"category","embeddable":true,"href":"https:\/\/blogopara.com.br\/index.php\/wp-json\/wp\/v2\/categories?post=22138"},{"taxonomy":"post_tag","embeddable":true,"href":"https:\/\/blogopara.com.br\/index.php\/wp-json\/wp\/v2\/tags?post=22138"}],"curies":[{"name":"wp","href":"https:\/\/api.w.org\/{rel}","templated":true}]}}