{"id":22206,"date":"2021-04-21T19:58:00","date_gmt":"2021-04-21T22:58:00","guid":{"rendered":"https:\/\/blogopara.com.br\/?p=22206"},"modified":"2021-04-21T13:32:51","modified_gmt":"2021-04-21T16:32:51","slug":"queimadas-de-lixo-um-crime-ambiental-2","status":"publish","type":"post","link":"https:\/\/blogopara.com.br\/index.php\/2021\/04\/21\/queimadas-de-lixo-um-crime-ambiental-2","title":{"rendered":"Queimadas de Lixo: Um crime ambiental"},"content":{"rendered":"<p style=\"text-align: justify;\">Frequentemente \u00e9 poss\u00edvel presenciar a pr\u00e1tica de incinera\u00e7\u00e3o pelas cidades, como algo corriqueiro no intuito de eliminar lixos, ou materiais que j\u00e1 n\u00e3o s\u00e3o mais utiliz\u00e1veis. No entanto, essa a\u00e7\u00e3o causa efeitos significativos em termos clim\u00e1ticos, bem como, para \u00e0 sa\u00fade humana. A popula\u00e7\u00e3o precisa estar consciente e entender os reflexos negativos desta execu\u00e7\u00e3o, e elimin\u00e1-la.<\/p>\n<p style=\"text-align: justify;\">As queimadas, constituem um dos crimes ambientais mais comuns, e por vezes ignorado pela pr\u00f3pria popula\u00e7\u00e3o que det\u00e9m o poder de fiscaliza\u00e7\u00e3o, merece maior rigor e cuidado.<\/p>\n<p style=\"text-align: justify;\">A Lei 9605\/98 em seu art. 54, trata de polui\u00e7\u00f5es de qualquer natureza como crimes ambientais com penas que podem variar entre 6 (seis) meses a 4 (quatro) anos de reclus\u00e3o ou deten\u00e7\u00e3o.<\/p>\n<p style=\"text-align: justify;\">As queimadas urbanas incomodam, poluem, destroem vidas, e podem causar intoxica\u00e7\u00f5es. Os riscos s\u00e3o ainda maiores para crian\u00e7as, idosos e pessoas com dificuldades respirat\u00f3rias, que tem se agravado ainda mais em tempos de pandemia. Sem contar que, quem provoca as chamas causa in\u00fameros problemas \u00e0 vizinhan\u00e7a.<\/p>\n<p style=\"text-align: justify;\">J\u00e1 a queima de res\u00edduos s\u00f3lidos (\u201clixo\u201d) pode liberar subst\u00e2ncias t\u00f3xicas e materiais particulados com grande potencial de dispers\u00e3o, tendo em vista que, as fuligens se espalham rapidamente no ar. Algumas subst\u00e2ncias podem ser altamente toxicas, que contamina todo o meio ambiente.<\/p>\n<p style=\"text-align: justify;\">Na legisla\u00e7\u00e3o \u00e9 vasto os pontos no que tangem a proibi\u00e7\u00e3o dessa pr\u00e1tica, a come\u00e7ar pela carta Magna em seu artigo 225, que aduz que: \u201c<em>Todos t\u00eam direito ao meio ambiente ecologicamente equilibrado, bem de uso comum do povo e essencial \u00e0 sadia qualidade de vida, impondo-se ao poder p\u00fablico e \u00e0 coletividade o dever de defend\u00ea-lo e preserv\u00e1-lo para as presentes e futuras gera\u00e7\u00f5es.\u201d<\/em><\/p>\n<p style=\"text-align: justify;\">E, de acordo com o artigo 250 do C\u00f3digo Penal <em>\u201ccausar inc\u00eandio, expondo a perigo a vida, a integridade f\u00edsica ou o patrim\u00f4nio de outrem a pena \u00e9 de reclus\u00e3o de 3 a 6 anos e multa\u201d.<\/em> Considerando ainda o artigo 54 da Lei de Crimes Ambientais (9605\/98)\u00a0\u201c<em>causar polui\u00e7\u00e3o de qualquer natureza em n\u00edveis tais que resultem ou possam resultar em danos \u00e0 sa\u00fade humana, ou que provoquem a mortandade de animais ou a destrui\u00e7\u00e3o significativa da flora a pena \u00e9 de reclus\u00e3o, de um a quatro anos, e multa.<\/em><\/p>\n<p style=\"text-align: justify;\">Sendo assim, a pr\u00e1tica de queimada de res\u00edduos s\u00f3lidos, que por muitas vezes \u00e9 tida como inofensiva, al\u00e9m de ser crime pass\u00edvel de reclus\u00e3o, prejudica e muito a sa\u00fade da popula\u00e7\u00e3o, corroborando para um meio ambiente totalmente desequilibrado.<\/p>\n<p style=\"text-align: justify;\">No munic\u00edpio de Juazeiro-BA foram criados, no governo de Paulo Bomfim, os Ecopontos, destinados especificamente para restos de materiais de constru\u00e7\u00e3o, podas de \u00e1rvores e outros materiais recicl\u00e1veis, com intuito de fortalecer a pol\u00edtica de gest\u00e3o da limpeza urbana e contribuir para o aumento da vida \u00fatil dos aterros sanit\u00e1rios e diminui\u00e7\u00e3o da demanda por recursos naturais, recuperando o meio ambiente, a paisagem urbana, evitando danos \u00e0 sa\u00fade p\u00fablica e ainda gerando emprego e renda por meio da inclus\u00e3o social das cooperativas de catadores.\u00a0<\/p>\n<p style=\"text-align: justify;\">Por\u00e9m, estas placas est\u00e3o sendo <a href=\"https:\/\/www.cartazdacidade.com.br\/post\/juazeiro-atual-gest%C3%A3o-retira-ecopontos-do-munic%C3%ADpio\">retiradas,<\/a> por ordem do Minist\u00e9rio P\u00fablico, porque os moradores da cidade estavam utilizando os Ecopontos como \u2018lix\u00f5es\u2019. Portanto, \u00e9 necess\u00e1rio a conscientiza\u00e7\u00e3o da popula\u00e7\u00e3o a fim de garantir a qualidade de vida que \u00e9 essencial a todos.<\/p>\n<p style=\"text-align: justify;\">K\u00eania Lima-Advogada<\/p>\n<p style=\"text-align: justify;\">Instagram: @Kenia.lima.5055, @dahoraelimaadvocacia<\/p>\n<p style=\"text-align: justify;\">\u00a0<\/p>\n<p style=\"text-align: justify;\">\u00a0<\/p>\n<p style=\"text-align: justify;\">\u00a0<\/p>\n\n\n<p><\/p>\n","protected":false},"excerpt":{"rendered":"<p>Frequentemente \u00e9 poss\u00edvel presenciar a pr\u00e1tica de incinera\u00e7\u00e3o pelas cidades, como algo corriqueiro no intuito de eliminar lixos, ou materiais que j\u00e1 n\u00e3o s\u00e3o mais utiliz\u00e1veis. No entanto, essa a\u00e7\u00e3o causa efeitos significativos em termos clim\u00e1ticos, bem como, para \u00e0 sa\u00fade humana. A popula\u00e7\u00e3o precisa estar consciente e entender os reflexos negativos desta execu\u00e7\u00e3o, e [&hellip;]<\/p>\n","protected":false},"author":1,"featured_media":22208,"comment_status":"closed","ping_status":"open","sticky":false,"template":"","format":"standard","meta":{"_uag_custom_page_level_css":"","_monsterinsights_skip_tracking":false,"_monsterinsights_sitenote_active":false,"_monsterinsights_sitenote_note":"","_monsterinsights_sitenote_category":0,"jetpack_post_was_ever_published":false,"_jetpack_newsletter_access":"","_jetpack_dont_email_post_to_subs":false,"_jetpack_newsletter_tier_id":0,"_jetpack_memberships_contains_paywalled_content":false,"_jetpack_memberships_contains_paid_content":false,"footnotes":"","jetpack_publicize_message":"","jetpack_publicize_feature_enabled":true,"jetpack_social_post_already_shared":true,"jetpack_social_options":{"image_generator_settings":{"template":"highway","default_image_id":0,"font":"","enabled":false},"version":2}},"categories":[1535,203],"tags":[1443,2503,2504],"class_list":["post-22206","post","type-post","status-publish","format-standard","has-post-thumbnail","hentry","category-artigo","category-juazeiro","tag-crime-ambiental","tag-queima-de-lixo","tag-queimadas-urbanas"],"jetpack_publicize_connections":[],"jetpack_featured_media_url":"https:\/\/blogopara.com.br\/wp-content\/uploads\/2021\/04\/WhatsApp-Image-2021-04-20-at-17.30.11.jpeg","uagb_featured_image_src":{"full":["https:\/\/blogopara.com.br\/wp-content\/uploads\/2021\/04\/WhatsApp-Image-2021-04-20-at-17.30.11.jpeg",500,666,false],"thumbnail":["https:\/\/blogopara.com.br\/wp-content\/uploads\/2021\/04\/WhatsApp-Image-2021-04-20-at-17.30.11-150x150.jpeg",150,150,true],"medium":["https:\/\/blogopara.com.br\/wp-content\/uploads\/2021\/04\/WhatsApp-Image-2021-04-20-at-17.30.11-225x300.jpeg",225,300,true],"medium_large":["https:\/\/blogopara.com.br\/wp-content\/uploads\/2021\/04\/WhatsApp-Image-2021-04-20-at-17.30.11.jpeg",500,666,false],"large":["https:\/\/blogopara.com.br\/wp-content\/uploads\/2021\/04\/WhatsApp-Image-2021-04-20-at-17.30.11.jpeg",500,666,false],"1536x1536":["https:\/\/blogopara.com.br\/wp-content\/uploads\/2021\/04\/WhatsApp-Image-2021-04-20-at-17.30.11.jpeg",500,666,false],"2048x2048":["https:\/\/blogopara.com.br\/wp-content\/uploads\/2021\/04\/WhatsApp-Image-2021-04-20-at-17.30.11.jpeg",500,666,false],"mantranews-slider-large":["https:\/\/blogopara.com.br\/wp-content\/uploads\/2021\/04\/WhatsApp-Image-2021-04-20-at-17.30.11.jpeg",500,666,false],"mantranews-featured-medium":["https:\/\/blogopara.com.br\/wp-content\/uploads\/2021\/04\/WhatsApp-Image-2021-04-20-at-17.30.11-420x307.jpeg",420,307,true],"mantranews-featured-long":["https:\/\/blogopara.com.br\/wp-content\/uploads\/2021\/04\/WhatsApp-Image-2021-04-20-at-17.30.11-300x443.jpeg",300,443,true],"mantranews-block-medium":["https:\/\/blogopara.com.br\/wp-content\/uploads\/2021\/04\/WhatsApp-Image-2021-04-20-at-17.30.11-464x290.jpeg",464,290,true],"mantranews-carousel-image":["https:\/\/blogopara.com.br\/wp-content\/uploads\/2021\/04\/WhatsApp-Image-2021-04-20-at-17.30.11-500x500.jpeg",500,500,true],"mantranews-block-thumb":["https:\/\/blogopara.com.br\/wp-content\/uploads\/2021\/04\/WhatsApp-Image-2021-04-20-at-17.30.11-322x230.jpeg",322,230,true],"mantranews-single-large":["https:\/\/blogopara.com.br\/wp-content\/uploads\/2021\/04\/WhatsApp-Image-2021-04-20-at-17.30.11-500x642.jpeg",500,642,true]},"uagb_author_info":{"display_name":"Reda\u00e7\u00e3o geral","author_link":"https:\/\/blogopara.com.br\/index.php\/author\/blogopara"},"uagb_comment_info":0,"uagb_excerpt":"Frequentemente \u00e9 poss\u00edvel presenciar a pr\u00e1tica de incinera\u00e7\u00e3o pelas cidades, como algo corriqueiro no intuito de eliminar lixos, ou materiais que j\u00e1 n\u00e3o s\u00e3o mais utiliz\u00e1veis. No entanto, essa a\u00e7\u00e3o causa efeitos significativos em termos clim\u00e1ticos, bem como, para \u00e0 sa\u00fade humana. A popula\u00e7\u00e3o precisa estar consciente e entender os reflexos negativos desta execu\u00e7\u00e3o, e&hellip;","jetpack_sharing_enabled":true,"jetpack_likes_enabled":true,"_links":{"self":[{"href":"https:\/\/blogopara.com.br\/index.php\/wp-json\/wp\/v2\/posts\/22206","targetHints":{"allow":["GET"]}}],"collection":[{"href":"https:\/\/blogopara.com.br\/index.php\/wp-json\/wp\/v2\/posts"}],"about":[{"href":"https:\/\/blogopara.com.br\/index.php\/wp-json\/wp\/v2\/types\/post"}],"author":[{"embeddable":true,"href":"https:\/\/blogopara.com.br\/index.php\/wp-json\/wp\/v2\/users\/1"}],"replies":[{"embeddable":true,"href":"https:\/\/blogopara.com.br\/index.php\/wp-json\/wp\/v2\/comments?post=22206"}],"version-history":[{"count":2,"href":"https:\/\/blogopara.com.br\/index.php\/wp-json\/wp\/v2\/posts\/22206\/revisions"}],"predecessor-version":[{"id":22212,"href":"https:\/\/blogopara.com.br\/index.php\/wp-json\/wp\/v2\/posts\/22206\/revisions\/22212"}],"wp:featuredmedia":[{"embeddable":true,"href":"https:\/\/blogopara.com.br\/index.php\/wp-json\/wp\/v2\/media\/22208"}],"wp:attachment":[{"href":"https:\/\/blogopara.com.br\/index.php\/wp-json\/wp\/v2\/media?parent=22206"}],"wp:term":[{"taxonomy":"category","embeddable":true,"href":"https:\/\/blogopara.com.br\/index.php\/wp-json\/wp\/v2\/categories?post=22206"},{"taxonomy":"post_tag","embeddable":true,"href":"https:\/\/blogopara.com.br\/index.php\/wp-json\/wp\/v2\/tags?post=22206"}],"curies":[{"name":"wp","href":"https:\/\/api.w.org\/{rel}","templated":true}]}}