{"id":22218,"date":"2021-04-22T11:26:00","date_gmt":"2021-04-22T14:26:00","guid":{"rendered":"https:\/\/blogopara.com.br\/?p=22218"},"modified":"2021-04-22T08:57:12","modified_gmt":"2021-04-22T11:57:12","slug":"stf-decidira-se-mantem-parcialidade-de-moro-e-se-processos-de-lula-vao-para-df-ou-sp","status":"publish","type":"post","link":"https:\/\/blogopara.com.br\/index.php\/2021\/04\/22\/stf-decidira-se-mantem-parcialidade-de-moro-e-se-processos-de-lula-vao-para-df-ou-sp","title":{"rendered":"STF decidir\u00e1 se mant\u00e9m parcialidade de Moro e se processos de Lula v\u00e3o para DF ou SP"},"content":{"rendered":"<p style=\"text-align: justify;\">O STF (Supremo Tribunal Federal) prev\u00ea concluir nesta quinta-feira (22) o julgamento sobre a anula\u00e7\u00e3o das condena\u00e7\u00f5es do ex-presidente Lula (PT) e decidir\u00e1 se os processos do petista devem ser remetidos \u00e0 Justi\u00e7a Federal do Distrito Federal ou de S\u00e3o Paulo.<\/p>\n<p style=\"text-align: justify;\"><span style=\"font-size: inherit;\">Na sequ\u00eancia, os ministros discutir\u00e3o se a decis\u00e3o da Segunda Turma que declarou a parcialidade do ex-juiz Sergio Moro tem de ser mantida ou se deve ser revogada.<\/span><\/p>\n<p style=\"text-align: justify;\">Esse tema tem potencial para gerar o debate mais acalorado da sess\u00e3o, com discursos favor\u00e1veis e contr\u00e1rios \u00e0 Lava Jato.<\/p>\n<p>\u00c9 incomum o plen\u00e1rio do tribunal sustar os efeitos do julgamento de uma das turmas. Por\u00e9m, caso o entendimento do relator, ministro Edson Fachin, prevale\u00e7a, esse ser\u00e1 o efeito pr\u00e1tico da decis\u00e3o.<\/p>\n<p>Isso porque, ao anular as condena\u00e7\u00f5es do petista, Fachin afirmou que uma consequ\u00eancia direta seria a perda de objeto do habeas corpus em que a defesa de Lula aponta a suspei\u00e7\u00e3o do ex-juiz.<\/p>\n<p>O ministro, por\u00e9m, come\u00e7ar\u00e1 a an\u00e1lise do tema com quatro votos distantes de serem conquistas, pois Gilmar Mendes, Ricardo Lewandowski, Kassio Nunes Marques e C\u00e1rmen L\u00facia j\u00e1 divergiram desse ponto da decis\u00e3o individual do colega ao resolverem julgar a parcialidade de Moro da mesma maneira.<\/p>\n<p>O julgamento do caso foi iniciado no \u00faltimo dia 14, quando, por 9 a 2, os ministros decidiram manter a discuss\u00e3o dos processos de Lula no plen\u00e1rio em vez de remet\u00ea-los \u00e0 Segunda Turma, colegiado fracionado da corte que costuma revisar decis\u00f5es da Lava Jato.<\/p>\n<p>Na \u00faltima quinta-feira (15), por 8 a 3, os magistrados mantiveram o entendimento de Fachin de declarar a incompet\u00eancia territorial da 13\u00aa Vara Federal de Curitiba nos casos de Lula.<\/p>\n<p>Em outras palavras, a maioria dos integrantes da corte afirmou que a Lava Jato de Curitiba n\u00e3o poderia ter sido a respons\u00e1vel por processar quatro den\u00fancias apresentadas pela for\u00e7a-tarefa do Paran\u00e1 da Lava Jato contra o petista.<\/p>\n<p>Segundo os magistrados, a compet\u00eancia de Moro era restrita a esquemas diretamente relacionados \u00e0 Petrobras, enquanto as acusa\u00e7\u00f5es contra Lula envolvem outros \u00f3rg\u00e3os p\u00fablicos que v\u00e3o al\u00e9m da estatal petrol\u00edfera. Com a decis\u00e3o do STF, as condena\u00e7\u00f5es que retiravam os direitos pol\u00edticos de Lula perderam efeito, e ele ficou apto a se candidatar nas pr\u00f3ximas elei\u00e7\u00f5es, em 2022.<\/p>\n<p>Entre os oito ministros que seguiram essa linha, por\u00e9m, houve diverg\u00eancia. Fachin defendeu que as a\u00e7\u00f5es t\u00eam de ser enviadas \u00e0 Justi\u00e7a Federal do Distrito Federal, local em que os crimes imputados ao ex-presidente teriam ocorrido.<\/p>\n<p>O ministro Alexandre de Moraes, no entanto, abriu uma diverg\u00eancia e afirmou que o mais adequado seria enviar os processos para S\u00e3o Paulo, onde os procuradores da Lava Jato dizem que teriam sido entregues os benef\u00edcios ao petista pelas empreiteiras em troca de contratos com o governo federal.<\/p>\n<p>Os ministros Lu\u00eds Roberto Barroso e Rosa Weber acompanharam Fachin e afirmaram que o caso deve ser enviado para Bras\u00edlia.<\/p>\n<p>Lewandowski, C\u00e1rmen L\u00facia, Gilmar e Dias Toffoli concordaram com a anula\u00e7\u00e3o das condena\u00e7\u00f5es, mas deixaram para votar nesta semana sobre o destino adequado para os processos.<\/p>\n<p>Os ministros Kassio Nunes Marques, Marco Aur\u00e9lio e Luiz Fux, por sua vez, divergiram da maioria e se posicionaram contra a invalida\u00e7\u00e3o das a\u00e7\u00f5es a que Lula respondia em Curitiba.<\/p>\n<p>O julgamento trata de quatro processos contra o petista. Em um deles, sobre o tr\u00edplex de Guaruj\u00e1 (SP), a Segunda Turma declarou a suspei\u00e7\u00e3o de Moro.<\/p>\n<p>Nesse caso, todas as provas do processo t\u00eam de ser anuladas. Nos outros tr\u00eas, as a\u00e7\u00f5es devem voltar \u00e0 fase da an\u00e1lise da den\u00fancia por um novo juiz, que pode convalidar as provas que constam dos autos.<\/p>\n<p>As tr\u00eas den\u00fancias do MPF contra Lula que passar\u00e3o a tramitar em outro local do Judici\u00e1rio dizem respeito ao s\u00edtio de Atibaia (SP), \u00e0 sede do Instituto Lula e a doa\u00e7\u00f5es feitas ao instituto.<\/p>\n<p>Na quest\u00e3o do s\u00edtio, o ex-presidente foi condenado a 12 anos e 11 meses de pris\u00e3o em primeira inst\u00e2ncia pela ju\u00edza Gabriela Hardt, da 13\u00aa Vara Federal de Curitiba.<\/p>\n<p>Segundo Hardt, as empreiteiras Odebrecht e OAS fizeram benfeitorias no local por ao menos R$ 1 milh\u00e3o, e as obras teriam sido dadas em forma de propina a Lula.<\/p>\n<p>A magistrada afirmou que &#8220;\u00e9 fato que a fam\u00edlia de Lula era frequentadora do im\u00f3vel, bem como usufruiu dele como se dona fosse&#8221;.<\/p>\n<p>Em segunda inst\u00e2ncia, o TRF-4 (Tribunal Regional Federal da 4\u00aa Regi\u00e3o) confirmou a condena\u00e7\u00e3o e ampliou a pena para 17 anos, 1 m\u00eas e 10 dias de pris\u00e3o.<\/p>\n<p style=\"text-align: justify;\">Fonte: Folhapress<\/p>\n","protected":false},"excerpt":{"rendered":"<p>O STF (Supremo Tribunal Federal) prev\u00ea concluir nesta quinta-feira (22) o julgamento sobre a anula\u00e7\u00e3o das condena\u00e7\u00f5es do ex-presidente Lula (PT) e decidir\u00e1 se os processos do petista devem ser remetidos \u00e0 Justi\u00e7a Federal do Distrito Federal ou de S\u00e3o Paulo. Na sequ\u00eancia, os ministros discutir\u00e3o se a decis\u00e3o da Segunda Turma que declarou a [&hellip;]<\/p>\n","protected":false},"author":1,"featured_media":22219,"comment_status":"closed","ping_status":"open","sticky":false,"template":"","format":"standard","meta":{"_uag_custom_page_level_css":"","_monsterinsights_skip_tracking":false,"_monsterinsights_sitenote_active":false,"_monsterinsights_sitenote_note":"","_monsterinsights_sitenote_category":0,"jetpack_post_was_ever_published":false,"_jetpack_newsletter_access":"","_jetpack_dont_email_post_to_subs":false,"_jetpack_newsletter_tier_id":0,"_jetpack_memberships_contains_paywalled_content":false,"_jetpack_memberships_contains_paid_content":false,"footnotes":"","jetpack_publicize_message":"","jetpack_publicize_feature_enabled":true,"jetpack_social_post_already_shared":true,"jetpack_social_options":{"image_generator_settings":{"template":"highway","default_image_id":0,"font":"","enabled":false},"version":2}},"categories":[197],"tags":[554,62,2508,322],"class_list":["post-22218","post","type-post","status-publish","format-standard","has-post-thumbnail","hentry","category-politica","tag-lula","tag-moro","tag-processos","tag-stf"],"jetpack_publicize_connections":[],"jetpack_featured_media_url":"https:\/\/blogopara.com.br\/wp-content\/uploads\/2021\/04\/IMAGEM_NOTICIA_5-2-1.jpg","uagb_featured_image_src":{"full":["https:\/\/blogopara.com.br\/wp-content\/uploads\/2021\/04\/IMAGEM_NOTICIA_5-2-1.jpg",500,368,false],"thumbnail":["https:\/\/blogopara.com.br\/wp-content\/uploads\/2021\/04\/IMAGEM_NOTICIA_5-2-1-150x150.jpg",150,150,true],"medium":["https:\/\/blogopara.com.br\/wp-content\/uploads\/2021\/04\/IMAGEM_NOTICIA_5-2-1-300x221.jpg",300,221,true],"medium_large":["https:\/\/blogopara.com.br\/wp-content\/uploads\/2021\/04\/IMAGEM_NOTICIA_5-2-1.jpg",500,368,false],"large":["https:\/\/blogopara.com.br\/wp-content\/uploads\/2021\/04\/IMAGEM_NOTICIA_5-2-1.jpg",500,368,false],"1536x1536":["https:\/\/blogopara.com.br\/wp-content\/uploads\/2021\/04\/IMAGEM_NOTICIA_5-2-1.jpg",500,368,false],"2048x2048":["https:\/\/blogopara.com.br\/wp-content\/uploads\/2021\/04\/IMAGEM_NOTICIA_5-2-1.jpg",500,368,false],"mantranews-slider-large":["https:\/\/blogopara.com.br\/wp-content\/uploads\/2021\/04\/IMAGEM_NOTICIA_5-2-1.jpg",500,368,false],"mantranews-featured-medium":["https:\/\/blogopara.com.br\/wp-content\/uploads\/2021\/04\/IMAGEM_NOTICIA_5-2-1-420x307.jpg",420,307,true],"mantranews-featured-long":["https:\/\/blogopara.com.br\/wp-content\/uploads\/2021\/04\/IMAGEM_NOTICIA_5-2-1-300x368.jpg",300,368,true],"mantranews-block-medium":["https:\/\/blogopara.com.br\/wp-content\/uploads\/2021\/04\/IMAGEM_NOTICIA_5-2-1-464x290.jpg",464,290,true],"mantranews-carousel-image":["https:\/\/blogopara.com.br\/wp-content\/uploads\/2021\/04\/IMAGEM_NOTICIA_5-2-1.jpg",500,368,false],"mantranews-block-thumb":["https:\/\/blogopara.com.br\/wp-content\/uploads\/2021\/04\/IMAGEM_NOTICIA_5-2-1-322x230.jpg",322,230,true],"mantranews-single-large":["https:\/\/blogopara.com.br\/wp-content\/uploads\/2021\/04\/IMAGEM_NOTICIA_5-2-1.jpg",500,368,false]},"uagb_author_info":{"display_name":"Reda\u00e7\u00e3o geral","author_link":"https:\/\/blogopara.com.br\/index.php\/author\/blogopara"},"uagb_comment_info":0,"uagb_excerpt":"O STF (Supremo Tribunal Federal) prev\u00ea concluir nesta quinta-feira (22) o julgamento sobre a anula\u00e7\u00e3o das condena\u00e7\u00f5es do ex-presidente Lula (PT) e decidir\u00e1 se os processos do petista devem ser remetidos \u00e0 Justi\u00e7a Federal do Distrito Federal ou de S\u00e3o Paulo. Na sequ\u00eancia, os ministros discutir\u00e3o se a decis\u00e3o da Segunda Turma que declarou a&hellip;","jetpack_sharing_enabled":true,"jetpack_likes_enabled":true,"_links":{"self":[{"href":"https:\/\/blogopara.com.br\/index.php\/wp-json\/wp\/v2\/posts\/22218","targetHints":{"allow":["GET"]}}],"collection":[{"href":"https:\/\/blogopara.com.br\/index.php\/wp-json\/wp\/v2\/posts"}],"about":[{"href":"https:\/\/blogopara.com.br\/index.php\/wp-json\/wp\/v2\/types\/post"}],"author":[{"embeddable":true,"href":"https:\/\/blogopara.com.br\/index.php\/wp-json\/wp\/v2\/users\/1"}],"replies":[{"embeddable":true,"href":"https:\/\/blogopara.com.br\/index.php\/wp-json\/wp\/v2\/comments?post=22218"}],"version-history":[{"count":1,"href":"https:\/\/blogopara.com.br\/index.php\/wp-json\/wp\/v2\/posts\/22218\/revisions"}],"predecessor-version":[{"id":22220,"href":"https:\/\/blogopara.com.br\/index.php\/wp-json\/wp\/v2\/posts\/22218\/revisions\/22220"}],"wp:featuredmedia":[{"embeddable":true,"href":"https:\/\/blogopara.com.br\/index.php\/wp-json\/wp\/v2\/media\/22219"}],"wp:attachment":[{"href":"https:\/\/blogopara.com.br\/index.php\/wp-json\/wp\/v2\/media?parent=22218"}],"wp:term":[{"taxonomy":"category","embeddable":true,"href":"https:\/\/blogopara.com.br\/index.php\/wp-json\/wp\/v2\/categories?post=22218"},{"taxonomy":"post_tag","embeddable":true,"href":"https:\/\/blogopara.com.br\/index.php\/wp-json\/wp\/v2\/tags?post=22218"}],"curies":[{"name":"wp","href":"https:\/\/api.w.org\/{rel}","templated":true}]}}